{"id":53774,"date":"2021-03-04T14:31:19","date_gmt":"2021-03-04T13:31:19","guid":{"rendered":"https:\/\/alzira.es\/alzira-es-prepara-per-a-la-vacunacio-massiva-2\/"},"modified":"2021-03-04T14:31:19","modified_gmt":"2021-03-04T13:31:19","slug":"alzira-es-prepara-per-a-la-vacunacio-massiva-2","status":"publish","type":"post","link":"https:\/\/alzira.es\/es\/alzira-es-prepara-per-a-la-vacunacio-massiva-2\/","title":{"rendered":"Alzira es prepara per a la vacunaci\u00f3 massiva"},"content":{"rendered":"<h3><em>\u2022 En les pr\u00f2ximes setmanes la comunitat educativa del Departament de Salut es vacunar\u00e0 a Alzira<\/em><br \/><em>\u2022 Continua la tend\u00e8ncia a la baixa en les xifres<\/em><\/h3>\n<p>Hui s&#8217;ha celebrat la reuni\u00f3 setmanal amb els representants dels diferents municipis que integren el Departament de Salut de la Ribera, per tal de con\u00e8ixer l&#8217;actualitat de casos de COVID i valorar les xifres aportades per Sanitat. En els \u00faltims 7 dies, en Alzira hem passat <strong>de<\/strong> <strong>91 casos per cada 100.000 habitants a 72 casos. En total tenim 33 casos actius (42 a data 25 de febrer), en els \u00faltims tres dies 11 casos nous, 7 d&#8217;ells per un brot el dia 1 de mar\u00e7<\/strong>. Amb estes xifres, Alzira se situa per baix de la mitjana de la Comunitat, que actualment es troba en els 106 casos per cada 100.000 habitants.<\/p>\n<p>A la reuni\u00f3, han assistit la regidora de Sanitat <strong>Gemma Al\u00f3s<\/strong>, i l&#8217;alcalde d&#8217;Alzira, <strong>Diego G\u00f3mez<\/strong>, qui ha explicat que <em>\u00abEns trobem en una situaci\u00f3 optimista. S&#8217;est\u00e0 produint a poc a poc una millora en les xifres i afortunadament continua la tend\u00e8ncia a la baixa. No podem perdre de vista les recomanacions del Departament de Salut de la Ribera que insistix en<strong> la import\u00e0ncia de ser responsables de cara als dies festius de les pr\u00f2ximes setmanes en falles i Setmana Santa<\/strong>. Si ens mantenim en esta l\u00ednia en pocs dies podrem estar per baix de 50 casos per cada 100.000 habitants. Agra\u00efm a la ciutadania l&#8217;esfor\u00e7 que est\u00e0 fent per a poder minimitzar el contagi\u00bb<\/em><\/p>\n<p>A m\u00e9s la regidora ha informat de l&#8217;actualitat pel que fa a la vacunaci\u00f3, <em>\u00aben este sentit cal ressaltar que el Departament de Salut i l&#8217;Ajuntament estem treballant conjuntament per tal de facilitar diversos espais per a la vacunaci\u00f3 de la comunitat educativa dels diferents pobles del Departament de Salut. Totes les vacunes s&#8217;administraran des d&#8217;Alzira en les pr\u00f2ximes setmanes\u00bb<\/em><\/p>\n<p>D&#8217;altra banda, de cara al proper mes d&#8217;abril s&#8217;estudien espais per a fer la vacunaci\u00f3 massiva per a menors de 65 anys. Un col\u00b7lectiu que suposa al voltant de 40.000 persones d&#8217;Alzira, Corbera i Llaur\u00ed.<em> \u00abEstem treballant per a poder posar a disposici\u00f3 de la conselleria un espai \u00f2ptim per a portar a terme estes vacunacions, ben ventilat, accessible amb entrades i eixides adequades i que complisca amb els protocols de seguretat\u00bb<\/em>, ha explicat la regidora.<\/p>\n<p>A hores d&#8217;ara ja s&#8217;ha posat en marxa la vacunaci\u00f3 de persones de 89 a 80 anys, que estan sent citats per a acudir a la Parrilla, on se&#8217;ls administrar\u00e0. Aix\u00ed mateix cal recordar que a la nostra ciutat ja estan vacunats els majors de 90, grans dependents i usuaris de resid\u00e8ncies. Aix\u00ed mateix, els sanitaris tamb\u00e9 han rebut ja la vacuna i els cossos de seguretat estan sent vacunats a l&#8217;Hospital de campanya de la Fe durant esta setmana.<\/p>\n<p style=\"text-align: center;\"><img fetchpriority=\"high\" decoding=\"async\" class=\" size-full wp-image-53771\" src=\"https:\/\/alzira.es\/wp-content\/uploads\/2021\/03\/04032021_dades_covid.jpg\" alt=\"04032021 dades covid\" width=\"965\" height=\"724\" \/><\/p>\n","protected":false},"excerpt":{"rendered":"<p>\u2022 En les pr\u00f2ximes setmanes la comunitat educativa del Departament de Salut es vacunar\u00e0 a Alzira\u2022 Continua la tend\u00e8ncia a la baixa en les xifres Hui s&#8217;ha celebrat la reuni\u00f3 setmanal amb els representants dels diferents municipis que integren el Departament de Salut de la Ribera, per tal de con\u00e8ixer l&#8217;actualitat de casos de COVID &hellip; <\/p>\n<p class=\"link-more\"><a href=\"https:\/\/alzira.es\/es\/alzira-es-prepara-per-a-la-vacunacio-massiva-2\/\" class=\"more-link\">Continuar leyendo<span class=\"screen-reader-text\"> \u00abAlzira es prepara per a la vacunaci\u00f3 massiva\u00bb<\/span><\/a><\/p>\n","protected":false},"author":29,"featured_media":53771,"comment_status":"","ping_status":"","sticky":false,"template":"","format":"standard","meta":{"_acf_changed":false,"footnotes":""},"categories":[],"tags":[],"class_list":["post-53774","post","type-post","status-publish","format-standard","has-post-thumbnail","hentry"],"acf":[],"_links":{"self":[{"href":"https:\/\/alzira.es\/es\/wp-json\/wp\/v2\/posts\/53774","targetHints":{"allow":["GET"]}}],"collection":[{"href":"https:\/\/alzira.es\/es\/wp-json\/wp\/v2\/posts"}],"about":[{"href":"https:\/\/alzira.es\/es\/wp-json\/wp\/v2\/types\/post"}],"author":[{"embeddable":true,"href":"https:\/\/alzira.es\/es\/wp-json\/wp\/v2\/users\/29"}],"replies":[{"embeddable":true,"href":"https:\/\/alzira.es\/es\/wp-json\/wp\/v2\/comments?post=53774"}],"version-history":[{"count":0,"href":"https:\/\/alzira.es\/es\/wp-json\/wp\/v2\/posts\/53774\/revisions"}],"wp:featuredmedia":[{"embeddable":true,"href":"https:\/\/alzira.es\/es\/wp-json\/wp\/v2\/media\/53771"}],"wp:attachment":[{"href":"https:\/\/alzira.es\/es\/wp-json\/wp\/v2\/media?parent=53774"}],"wp:term":[{"taxonomy":"category","embeddable":true,"href":"https:\/\/alzira.es\/es\/wp-json\/wp\/v2\/categories?post=53774"},{"taxonomy":"post_tag","embeddable":true,"href":"https:\/\/alzira.es\/es\/wp-json\/wp\/v2\/tags?post=53774"}],"curies":[{"name":"wp","href":"https:\/\/api.w.org\/{rel}","templated":true}]}}