{"id":53773,"date":"2021-03-04T14:31:19","date_gmt":"2021-03-04T13:31:19","guid":{"rendered":"https:\/\/alzira.es\/alzira-es-prepara-per-a-la-vacunacio-massiva\/"},"modified":"2021-03-04T14:31:19","modified_gmt":"2021-03-04T13:31:19","slug":"alzira-es-prepara-per-a-la-vacunacio-massiva","status":"publish","type":"post","link":"https:\/\/alzira.es\/es\/alzira-es-prepara-per-a-la-vacunacio-massiva\/","title":{"rendered":"Alzira se prepara para la vacunaci\u00f3n masiva"},"content":{"rendered":"<h3><em>\u2022 En las pr\u00f3ximas semanas la comunidad educativa del Departamento de Salud se vacunar\u00e1 en Alzira<\/em><br \/><em>\u2022 Contin\u00faa la tendencia a la baja en las cifras<\/em><\/h3>\n<p>Hoy se ha celebrado la reuni\u00f3n semanal con los representantes de los diferentes municipios que integran el Departamento de Salud de la Ribera, para conocer la actualidad de casos de COVID y valorar las cifras aportadas por Sanidad. En los \u00faltimos 7 d\u00edas, en Alzira hemos pasado <strong>de 91 casos por cada 100.000 habitantes a 72 casos. En total tenemos 33 casos activos (42 a fecha 25 de febrero), en los \u00faltimos tres d\u00edas 11 casos nuevos, 7 de ellos por un brote el d\u00eda 1 de marzo<\/strong>. Con estas cifras, Alzira se sit\u00faa por bajo de la media de la Comunidad, que actualmente se encuentra en los 106 casos por cada 100.000 habitantes.<\/p>\n<p>A la reuni\u00f3n, han asistido la regidora de Sanidad <strong>Gemma Al\u00f3s<\/strong>, y el alcalde de Alzira, <strong>Diego G\u00f3mez<\/strong>, quien ha explicado que <em>\u00abNos encontramos en una situaci\u00f3n optimista. Se est\u00e1 produciendo despacio una mejora en las cifras y afortunadamente contin\u00faa la tendencia a la baja. No podemos perder de vista las recomendaciones del Departamento de Salud de la Ribera que insiste en <strong>la importancia de ser responsables de cara en los d\u00edas festivos de las pr\u00f3ximas semanas en fallas y Semana Santa<\/strong>. Si nos mantenemos en esta l\u00ednea en pocos d\u00edas podremos estar por bajo de 50 casos por cada 100.000 habitantes. Agradecemos a la ciudadan\u00eda el esfuerzo que est\u00e1 haciendo para poder minimizar el contagio\u00bb<\/em><\/p>\n<p>Adem\u00e1s la regidora ha informado de la actualidad en cuanto a la vacunaci\u00f3n, <em>\u00aben este sentido hay que resaltar que el Departamento de Salud y el Ayuntamiento estamos trabajando conjuntamente para facilitar varios espacios para la vacunaci\u00f3n de la comunidad educativa de los diferentes pueblos del Departamento de Salud. Todas las vacunas se administrar\u00e1n desde Alzira en las pr\u00f3ximas semanas\u00bb<\/em><\/p>\n<p>Por otro lado, de cara al pr\u00f3ximo mes de abril se estudian espacios para hacer la vacunaci\u00f3n masiva para menores de 65 a\u00f1os. Un colectivo que supone alrededor de 40.000 personas de Alzira, Corbera y Llaur\u00ed. <em>\u00abEstamos trabajando para poder poner a disposici\u00f3n de la conseller\u00eda un espacio \u00f3ptimo para llevar a cabo estas vacunaciones, muy ventilado, accesible con entradas y salidas adecuadas y que cumpla con los protocolos de seguridad\u00bb<\/em>, ha explicado la regidora.<\/p>\n<p>A estas alturas ya se ha puesto en marcha la vacunaci\u00f3n de personas de 89 a 80 a\u00f1os, que est\u00e1n siendo citados para acudir a la Parrilla, donde se los administrar\u00e1. As\u00ed mismo hay que recordar que en nuestra ciudad ya est\u00e1n vacunados los mayores de 90, grandes dependientes y usuarios de residencias. As\u00ed mismo, los sanitarios tambi\u00e9n han recibido ya la vacuna y los cuerpos de seguridad est\u00e1n siendo vacunados en el Hospital de campa\u00f1a de la Fe durante esta semana.<\/p>\n<p style=\"text-align: center;\"><img fetchpriority=\"high\" decoding=\"async\" class=\" size-full wp-image-53771\" src=\"https:\/\/alzira.es\/wp-content\/uploads\/2021\/03\/04032021_dades_covid.jpg\" alt=\"04032021 dades covid\" width=\"965\" height=\"724\" \/><\/p>\n","protected":false},"excerpt":{"rendered":"<p>\u2022 En las pr\u00f3ximas semanas la comunidad educativa del Departamento de Salud se vacunar\u00e1 en Alzira\u2022 Contin\u00faa la tendencia a la baja en las cifras Hoy se ha celebrado la reuni\u00f3n semanal con los representantes de los diferentes municipios que integran el Departamento de Salud de la Ribera, para conocer la actualidad de casos de &hellip; <\/p>\n<p class=\"link-more\"><a href=\"https:\/\/alzira.es\/es\/alzira-es-prepara-per-a-la-vacunacio-massiva\/\" class=\"more-link\">Continuar leyendo<span class=\"screen-reader-text\"> \u00abAlzira se prepara para la vacunaci\u00f3n masiva\u00bb<\/span><\/a><\/p>\n","protected":false},"author":29,"featured_media":53771,"comment_status":"","ping_status":"","sticky":false,"template":"","format":"standard","meta":{"_acf_changed":false,"footnotes":""},"categories":[4936],"tags":[],"class_list":["post-53773","post","type-post","status-publish","format-standard","has-post-thumbnail","hentry","category-hemeroteca-es"],"acf":[],"_links":{"self":[{"href":"https:\/\/alzira.es\/es\/wp-json\/wp\/v2\/posts\/53773","targetHints":{"allow":["GET"]}}],"collection":[{"href":"https:\/\/alzira.es\/es\/wp-json\/wp\/v2\/posts"}],"about":[{"href":"https:\/\/alzira.es\/es\/wp-json\/wp\/v2\/types\/post"}],"author":[{"embeddable":true,"href":"https:\/\/alzira.es\/es\/wp-json\/wp\/v2\/users\/29"}],"replies":[{"embeddable":true,"href":"https:\/\/alzira.es\/es\/wp-json\/wp\/v2\/comments?post=53773"}],"version-history":[{"count":0,"href":"https:\/\/alzira.es\/es\/wp-json\/wp\/v2\/posts\/53773\/revisions"}],"wp:featuredmedia":[{"embeddable":true,"href":"https:\/\/alzira.es\/es\/wp-json\/wp\/v2\/media\/53771"}],"wp:attachment":[{"href":"https:\/\/alzira.es\/es\/wp-json\/wp\/v2\/media?parent=53773"}],"wp:term":[{"taxonomy":"category","embeddable":true,"href":"https:\/\/alzira.es\/es\/wp-json\/wp\/v2\/categories?post=53773"},{"taxonomy":"post_tag","embeddable":true,"href":"https:\/\/alzira.es\/es\/wp-json\/wp\/v2\/tags?post=53773"}],"curies":[{"name":"wp","href":"https:\/\/api.w.org\/{rel}","templated":true}]}}