{"id":53767,"date":"2021-03-03T11:57:14","date_gmt":"2021-03-03T10:57:14","guid":{"rendered":"https:\/\/alzira.es\/39-persones-realitzen-el-seu-itinerari-socio-laboral-en-novaterra-alzira-i-7-aconsegueixen-teball-en-2020-malgrat-la-pandemia-2\/"},"modified":"2021-03-03T11:57:14","modified_gmt":"2021-03-03T10:57:14","slug":"39-persones-realitzen-el-seu-itinerari-socio-laboral-en-novaterra-alzira-i-7-aconsegueixen-teball-en-2020-malgrat-la-pandemia-2","status":"publish","type":"post","link":"https:\/\/alzira.es\/es\/39-persones-realitzen-el-seu-itinerari-socio-laboral-en-novaterra-alzira-i-7-aconsegueixen-teball-en-2020-malgrat-la-pandemia-2\/","title":{"rendered":"39 persones realitzen el seu itinerari socio laboral en Novaterra Alzira i 7 aconsegueixen teball en 2020 malgrat la pand\u00e8mia"},"content":{"rendered":"<h3><em>\u2022 Novaterra Alzira <strong>ha acompanyat a 39 persones en el seu itinerari d&#8217;inserci\u00f3 socio laboral<\/strong> en els seus primers 6 mesos de vida des de la seua obertura en juny<\/em><br \/><em>\u2022 El <strong>64%<\/strong> d&#8217;estes persones <strong>s\u00f3n dones i m\u00e9s de la meitat tenen menys de 44 anys<\/strong><\/em><br \/><em>\u2022 <strong>7 d&#8217;estes persones van aconseguir treball<\/strong> en nom\u00e9s 6 mesos d&#8217;itinerari<\/em><\/h3>\n<p>La Fundaci\u00f3 Novaterra, <strong>fundaci\u00f3 valenciana amb 30 anys d&#8217;experi\u00e8ncia en inserci\u00f3 socio laboral, va inaugurar la seua nova seu a Alzira en juny del 2020 gr\u00e0cies a un conveni amb l&#8217;Ajuntament d&#8217;Alzira<\/strong>. La crisi ocasionada per la pand\u00e8mia ha suposat un dur colp per a les persones en situaci\u00f3 de dificultat per a aconseguir treball. Precisament per esta ra\u00f3 es va considerar prioritari continuar avant amb l&#8217;obertura i inici de les accions previstes, malgrat les dificultats.<\/p>\n<p>Novaterra Alzira, <strong>amb seu al Centre de Participaci\u00f3 Ciutadana en el barri de l&#8217;Alquerieta, est\u00e0 formada per un equip de dos persones<\/strong>, Claudia i Merche, amb \u00e0mplia experi\u00e8ncia en el sector de la inserci\u00f3 socio laboral i la busca activa d&#8217;ocupaci\u00f3, i ve\u00efnes de la localitat, amb un ampli coneixement de les dificultats de l&#8217;entorn. En nom\u00e9s sis mesos d&#8217;activitat han rebut <strong>48 persones derivades dels Serveis Socials Municipals i d&#8217;altres entitats col\u00b7laboradores, 39 de les quals van iniciar el seu itinerari d&#8217;inserci\u00f3 socio laboral<\/strong>.<\/p>\n<p>El<strong> 64% d&#8217;aquestes persones s\u00f3n dones i m\u00e9s de la meitat tenen menys de 44 anys<\/strong>. A finals d&#8217;any 7 persones d&#8217;entre 25 i 48 anys ja havien <strong>aconseguit un lloc de treball en les empreses Alzicoop, Reciclatges Grannmin<\/strong>, <strong>Terra Mar i Arrels Fruits, Once i Girsa, Gesti\u00f3 Integral de Residus S\u00f2lids<\/strong>. En total des del servei s&#8217;ha contactat amb 44 empreses de la zona perqu\u00e8 compten amb Novaterra en els seus processos de selecci\u00f3, i m\u00e9s de la meitat ja l&#8217;estan fent.<\/p>\n<p>Estos <strong>resultats s\u00f3n conseq\u00fc\u00e8ncia d&#8217;una r\u00e0pida adaptaci\u00f3<\/strong> de la Fundaci\u00f3 Novaterra <strong>a la situaci\u00f3<\/strong> provocada per la pand\u00e8mia, passant de realitzar tutories i tallers grupals de forma 100% presencial, a fer-ho per mitjans <strong>100% telem\u00e0tics<\/strong>, primer amb cridades de tel\u00e8fon i Whatsapp, i a poc a poc incorporant diferents plataformes de videoconfer\u00e8ncia i formaci\u00f3 en l\u00ednia fins ara desconegudes tant per a l&#8217;equip com per a les persones d&#8217;itinerari, per\u00f2 hui dia b\u00e0siques en l&#8217;operativa de l&#8217;entitat.<\/p>\n<p><em>\u00abVam fer una <\/em>\u00abauditoria tecnol\u00f2gica\u00bb<em> i una a una ens preocupem que les persones comptaren amb dades per a la seua connexi\u00f3 a internet, proporcionant a qui ho necessitava tant la connexi\u00f3 com el dispositiu preparat per a aix\u00f2, combatent amb aix\u00f2 l&#8217;exclusi\u00f3 digital, de la qual poc s&#8217;ha parlat en aquesta pand\u00e8mia, i que ve a sumar-se a les dificultats amb les quals ja compten les persones que realitzen el seu itinerari. En poc dies, comencem a teletreballar sense parar pr\u00e0cticament l&#8217;activitat\u00bb<\/em>, destaca <strong>Emili Altur<\/strong>, Gerent de l&#8217;organitzaci\u00f3.<\/p>\n<p>Des de l&#8217;\u00e0rea de Serveis Socials hem apostat des del primer moment per la Fundaci\u00f3 Novaterra. <em>\u00abLa coordinaci\u00f3 entre les dos entitats \u00e9s molt estreta tant en l&#8217;atenci\u00f3 a la ciutadania com l&#8217;impuls d&#8217;iniciatives sociocomunit\u00e0ries i compartim valors com la transpar\u00e8ncia, que posa de manifest la efic\u00e0cia dels programes que duen a terme. La incorporaci\u00f3 de nous agents socials com aquests \u00e9s imprescindible per a l&#8217;agenda social col\u00b7laborativa de nostra \u00e0rea i des de l&#8217;Ajuntament valorem molt positivament aquests resultats\u00bb<\/em>, ha explicat la regidora, <strong>Marina Mir<\/strong>.<\/p>\n<p><strong>Establiment de lla\u00e7os a la comarca de la Ribera<\/strong><br \/>Entre els objectius de Novaterra Alzira est\u00e0 la <strong>vertebraci\u00f3 amb el territori i fomentar el treball en xarxa<\/strong>. Per a aix\u00f2 durant el 2020 s&#8217;ha presentat Novaterra Alzira a l&#8217;Ajuntament d&#8217;Alzira, en el Institut d&#8217;Educaci\u00f3 Secund\u00e0ria Eduardo Primo Marqu\u00e9s en el Cicle Formatiu Grau Superior d&#8217;Integraci\u00f3 Social de Carlet i a la Fundaci\u00f3 Cepaim per a treballar en xarxa en la cerca d&#8217;ocupaci\u00f3.<\/p>\n<p><strong>Tamb\u00e9 es va presentar en el CPC la Promotora d&#8217;Empreses de Triple Impacte<\/strong>, una nova iniciativa de Novaterra que es desenvolupar\u00e0 al llarg del 2021 i que busca promoure la creaci\u00f3 d&#8217;empreses amb un impacte social i ambiental positiu. A l&#8217;acte van acudir empreses com <strong>AVSA i Llavorem<\/strong> Agricultura Social Coop.V. I representants de diferents entitats i universitats com la Fundaci\u00f3 Cepaim, el Col\u00b7legi Sagrada Fam\u00edlia, el CEEI Val\u00e8ncia, la Universitat Polit\u00e8cnica de Val\u00e8ncia i Florida Universit\u00e0ria.<\/p>\n<p>Finalment, <strong>8 persones s&#8217;han involucrat com a volunt\u00e0ries<\/strong> en la seu d&#8217;Alzira per a donar suport al treball all\u00ed desenvolupat. Dins del voluntariat va tindre lloc tamb\u00e9 la primera Campanya de <strong>Nadal \u00abM\u00e9s que una Flor\u00bb<\/strong>, amb quasi 30 anys d&#8217;hist\u00f2ria en Novaterra, en la qual es van vendre m\u00e9s de <strong>300 flors de Pasqua Solid\u00e0ries<\/strong> per a captar fons per a l&#8217;entitat entre col\u00b7legis, empreses, i particulars d&#8217;Alzira i voltants.<\/p>\n<p><strong>Novaterra<\/strong><br \/>Novaterra \u00e9s una fundaci\u00f3 valenciana que durant quasi tres d\u00e8cades ha acompanyat a m\u00e9s de 5.000 persones en la seua inclusi\u00f3 social a trav\u00e9s de l&#8217;ocupaci\u00f3 amb un \u00e8xit d&#8217;inserci\u00f3 mig anual del 50%. En 2020, en plena pand\u00e8mia del Covid19, 200 persones han trobat una ocupaci\u00f3 despr\u00e9s del seu pas per Novaterra.<\/p>\n<p>Per a aconseguir els seus objectius Novaterra ofereix orientaci\u00f3 i intermediaci\u00f3 socio laboral personalitzada, connectant persones amb empreses per a la inserci\u00f3 laboral. Un servei que ofereix de manera totalment gratu\u00efta gr\u00e0cies al suport de m\u00e9s de 50 empreses col\u00b7laboradores, 150 particulars i un extens patronat de mig centenar d&#8217;entitats i particulars.<\/p>\n<p>Ofereix aix\u00ed mateix una escola de formaci\u00f3 en professions amb eixida laboral i en compet\u00e8ncies b\u00e0siques per a exercir correctament qualsevol lloc de treball. I fomenta, l&#8217;emprenedoria a trav\u00e9s dels programes Dona Empr\u00e8n, enfocat a dones emprenedores amb el suport d&#8217;acc\u00e9s al cr\u00e8dit de Caixa Popular, i La Promotora d&#8217;Empreses de Triple Impacte, de recent creaci\u00f3.<\/p>\n<p>Finalment, a trav\u00e9s de Novaterra Grup, la fundaci\u00f3 participa en la creaci\u00f3 d&#8217;empreses socials especialitzades en restauraci\u00f3, log\u00edstica i serveis per a la comunitat que ofereixen productes i serveis competitius i respectuosos amb les persones i amb el planeta. Estes empreses ofereixen l&#8217;oportunitat d&#8217;aprendre a treballar treballant i adquirir l&#8217;experi\u00e8ncia i confian\u00e7a necess\u00e0ria per a fer el salt al mercat laboral.<\/p>\n<p><strong>M\u00e1s informaci\u00f3n:<\/strong> Carmen Mart\u00ed, <span style=\"text-decoration: underline;\"><span style=\"color: #3366ff;\"><a href=\"mailto:carmen@novaterra.org.es\" target=\"_blank\" rel=\"noopener\"><span style=\"color: #3366ff; text-decoration: underline;\">carmen@novaterra.org.es<\/span><\/a><\/span><\/span>. 695991227<\/p>\n<p style=\"text-align: center;\"><img fetchpriority=\"high\" decoding=\"async\" class=\" size-full wp-image-53760\" src=\"https:\/\/alzira.es\/wp-content\/uploads\/2021\/03\/Novaterra-Alzira-Convenio-1.jpg\" alt=\"Novaterra-Alzira-Convenio-1\" width=\"1111\" height=\"833\" srcset=\"https:\/\/alzira.es\/wp-content\/uploads\/2021\/03\/Novaterra-Alzira-Convenio-1.jpg 1600w, https:\/\/alzira.es\/wp-content\/uploads\/2021\/03\/Novaterra-Alzira-Convenio-1-680x510.jpg 680w, https:\/\/alzira.es\/wp-content\/uploads\/2021\/03\/Novaterra-Alzira-Convenio-1-1430x1072.jpg 1430w, https:\/\/alzira.es\/wp-content\/uploads\/2021\/03\/Novaterra-Alzira-Convenio-1-768x576.jpg 768w, https:\/\/alzira.es\/wp-content\/uploads\/2021\/03\/Novaterra-Alzira-Convenio-1-1536x1152.jpg 1536w\" sizes=\"(max-width: 706px) 89vw, (max-width: 767px) 82vw, 740px\" \/><\/p>\n<p style=\"text-align: center;\"><img decoding=\"async\" class=\"size-full wp-image-53762 lazyload\" data-src=\"https:\/\/alzira.es\/wp-content\/uploads\/2021\/03\/NOVATERRA_1.jpeg\" alt=\"NOVATERRA 1\" width=\"400\" height=\"534\" data-srcset=\"https:\/\/alzira.es\/wp-content\/uploads\/2021\/03\/NOVATERRA_1.jpeg 1200w, https:\/\/alzira.es\/wp-content\/uploads\/2021\/03\/NOVATERRA_1-680x907.jpeg 680w, https:\/\/alzira.es\/wp-content\/uploads\/2021\/03\/NOVATERRA_1-804x1072.jpeg 804w, https:\/\/alzira.es\/wp-content\/uploads\/2021\/03\/NOVATERRA_1-768x1024.jpeg 768w, https:\/\/alzira.es\/wp-content\/uploads\/2021\/03\/NOVATERRA_1-300x400.jpeg 300w, https:\/\/alzira.es\/wp-content\/uploads\/2021\/03\/NOVATERRA_1-1152x1536.jpeg 1152w\" data-sizes=\"(max-width: 400px) 100vw, 400px\" src=\"data:image\/svg+xml;base64,PHN2ZyB3aWR0aD0iMSIgaGVpZ2h0PSIxIiB4bWxucz0iaHR0cDovL3d3dy53My5vcmcvMjAwMC9zdmciPjwvc3ZnPg==\" style=\"--smush-placeholder-width: 400px; --smush-placeholder-aspect-ratio: 400\/534;\" \/>&nbsp;<img decoding=\"async\" class=\"size-full wp-image-53764 lazyload\" data-src=\"https:\/\/alzira.es\/wp-content\/uploads\/2021\/03\/NOVATERRA_2.jpeg\" alt=\"NOVATERRA 2\" width=\"710\" height=\"532\" data-srcset=\"https:\/\/alzira.es\/wp-content\/uploads\/2021\/03\/NOVATERRA_2.jpeg 1600w, https:\/\/alzira.es\/wp-content\/uploads\/2021\/03\/NOVATERRA_2-680x510.jpeg 680w, https:\/\/alzira.es\/wp-content\/uploads\/2021\/03\/NOVATERRA_2-1430x1072.jpeg 1430w, https:\/\/alzira.es\/wp-content\/uploads\/2021\/03\/NOVATERRA_2-768x576.jpeg 768w, https:\/\/alzira.es\/wp-content\/uploads\/2021\/03\/NOVATERRA_2-1536x1152.jpeg 1536w\" data-sizes=\"(max-width: 710px) 100vw, 710px\" src=\"data:image\/svg+xml;base64,PHN2ZyB3aWR0aD0iMSIgaGVpZ2h0PSIxIiB4bWxucz0iaHR0cDovL3d3dy53My5vcmcvMjAwMC9zdmciPjwvc3ZnPg==\" style=\"--smush-placeholder-width: 710px; --smush-placeholder-aspect-ratio: 710\/532;\" \/><\/p>\n","protected":false},"excerpt":{"rendered":"<p>\u2022 Novaterra Alzira ha acompanyat a 39 persones en el seu itinerari d&#8217;inserci\u00f3 socio laboral en els seus primers 6 mesos de vida des de la seua obertura en juny\u2022 El 64% d&#8217;estes persones s\u00f3n dones i m\u00e9s de la meitat tenen menys de 44 anys\u2022 7 d&#8217;estes persones van aconseguir treball en nom\u00e9s 6 &hellip; <\/p>\n<p class=\"link-more\"><a href=\"https:\/\/alzira.es\/es\/39-persones-realitzen-el-seu-itinerari-socio-laboral-en-novaterra-alzira-i-7-aconsegueixen-teball-en-2020-malgrat-la-pandemia-2\/\" class=\"more-link\">Continuar leyendo<span class=\"screen-reader-text\"> \u00ab39 persones realitzen el seu itinerari socio laboral en Novaterra Alzira i 7 aconsegueixen teball en 2020 malgrat la pand\u00e8mia\u00bb<\/span><\/a><\/p>\n","protected":false},"author":29,"featured_media":53760,"comment_status":"","ping_status":"","sticky":false,"template":"","format":"standard","meta":{"_acf_changed":false,"footnotes":""},"categories":[],"tags":[],"class_list":["post-53767","post","type-post","status-publish","format-standard","has-post-thumbnail","hentry"],"acf":[],"_links":{"self":[{"href":"https:\/\/alzira.es\/es\/wp-json\/wp\/v2\/posts\/53767","targetHints":{"allow":["GET"]}}],"collection":[{"href":"https:\/\/alzira.es\/es\/wp-json\/wp\/v2\/posts"}],"about":[{"href":"https:\/\/alzira.es\/es\/wp-json\/wp\/v2\/types\/post"}],"author":[{"embeddable":true,"href":"https:\/\/alzira.es\/es\/wp-json\/wp\/v2\/users\/29"}],"replies":[{"embeddable":true,"href":"https:\/\/alzira.es\/es\/wp-json\/wp\/v2\/comments?post=53767"}],"version-history":[{"count":0,"href":"https:\/\/alzira.es\/es\/wp-json\/wp\/v2\/posts\/53767\/revisions"}],"wp:featuredmedia":[{"embeddable":true,"href":"https:\/\/alzira.es\/es\/wp-json\/wp\/v2\/media\/53760"}],"wp:attachment":[{"href":"https:\/\/alzira.es\/es\/wp-json\/wp\/v2\/media?parent=53767"}],"wp:term":[{"taxonomy":"category","embeddable":true,"href":"https:\/\/alzira.es\/es\/wp-json\/wp\/v2\/categories?post=53767"},{"taxonomy":"post_tag","embeddable":true,"href":"https:\/\/alzira.es\/es\/wp-json\/wp\/v2\/tags?post=53767"}],"curies":[{"name":"wp","href":"https:\/\/api.w.org\/{rel}","templated":true}]}}