{"id":53749,"date":"2021-03-02T13:49:33","date_gmt":"2021-03-02T12:49:33","guid":{"rendered":"https:\/\/alzira.es\/proteccio-civil-alzira-celebra-el-dia-del-voluntariat-amb-un-acte-obert-a-la-ciutadania-2\/"},"modified":"2021-03-02T13:49:33","modified_gmt":"2021-03-02T12:49:33","slug":"proteccio-civil-alzira-celebra-el-dia-del-voluntariat-amb-un-acte-obert-a-la-ciutadania-2","status":"publish","type":"post","link":"https:\/\/alzira.es\/es\/proteccio-civil-alzira-celebra-el-dia-del-voluntariat-amb-un-acte-obert-a-la-ciutadania-2\/","title":{"rendered":"Protecci\u00f3 civil Alzira celebra el dia del voluntariat amb un acte obert a la ciutadania"},"content":{"rendered":"<h3><em>\u2022 L&#8217;agrupaci\u00f3 celebra enguany el seu 25 aniversari<\/em><\/h3>\n<p><strong>Ahir per la vesprada la pla\u00e7a del Carb\u00f3 acollia l&#8217;acte commemoratiu del dia Internacional de Protecci\u00f3 Civil<\/strong>. Des de l&#8217;Ajuntament, amb la col\u00b7laboraci\u00f3 de l&#8217;ag\u00e8ncia de Seguretat i Resposta a les emerg\u00e8ncies de la Conselleria s&#8217;ha volgut aprofitar l&#8217;ocasi\u00f3 per a fer un homenatge als voluntaris de l&#8217;agrupaci\u00f3 de Protecci\u00f3 Civil d&#8217;Alzira.<\/p>\n<p>En un acte senzill a causa de les circumst\u00e0ncies de restriccions sanit\u00e0ries, l&#8217;alcalde de la ciutat, <strong>Diego G\u00f3mez<\/strong>, ha agra\u00eft la tasca desinteressada que els voluntaris presten a la nostra ciutat: <em>\u00abVull agrair a tots els nostres companys de l&#8217;agrupaci\u00f3 local la seua labor desinteressada que realitzen di\u00e0riament. En este any tan complicat, heu demostrat que es pot comptar amb vosaltres. Heu realitzat tasques de risc; ajudant a les persones amb limitacions perqu\u00e8 no eixiren de casa; a la log\u00edstica del material sanitari, repartiment de mascaretes; suport log\u00edstic a l&#8217;ag\u00e8ncia valenciana de seguretat i la resposta a les emerg\u00e8ncies en el repartiment de material per a les resid\u00e8ncies i ajuntaments de la Ribera; i l&#8217;ajuda en les tasques de control de personal i actes realitzats per l&#8217;Ajuntament\u00bb<\/em><\/p>\n<p><em>\u00abA m\u00e9s, va afegir l&#8217;alcalde, este Ajuntament continuar\u00e0 recolzant el voluntariat, secundant-los en tot el possible perqu\u00e8 continuen avan\u00e7ant com a equip i sobretot en la seua labor desinteressada d&#8217;ajuda a la nostra ciutat\u00bb<\/em>.<\/p>\n<p>Igualment, <strong>Nardi Canet<\/strong>, Cap de l&#8217;Agrupaci\u00f3 ha agra\u00eft a la corporaci\u00f3, encap\u00e7alada per l&#8217;alcalde,<strong> Diego Gomez<\/strong> per el suport que li dedica a la nostra funci\u00f3, perqu\u00e8 continue apostant per nosaltres i per la seua implicaci\u00f3 amb el voluntariat. Agrair tamb\u00e9 a la policia local, i a la nostra regidora, <strong>Sara Gar\u00e9s<\/strong> que en estos \u00faltims anys ha demostrat clarament la seua implicaci\u00f3 amb Protecci\u00f3 Civil,<em>\u00absempre ens hem trobat les seues portes obertes davant de qualsevol necessitat\u00bb<\/em><\/p>\n<p><strong>Canet<\/strong> ha aprofitat per a donar la benvinguda als nous voluntaris que formen part d&#8217;un nou projecte de l&#8217;Ajuntament i de esta agrupaci\u00f3 que servir\u00e0 per a engrandir-nos i donar un millor servei a la nostra ciutat. \u00ab<em>\u00c9s un orgull per a mi que sigueu els meus companys, gr\u00e0cies per estar al meu costat. Estic orgullosa de l&#8217;equip tan ben format i sobretot amb moltes ganes d&#8217;ajudar\u00bb<\/em>.<\/p>\n<p><strong>25 ANIVERSARI<br \/><\/strong><br \/>En aquest acte d&#8217;homenatge s&#8217;ha aprofitat per a felicitar els voluntaris ja que el pr\u00f2xim mes de juliol complixen <strong>25 anys<\/strong> del seu naixement.<br \/>L&#8217;alcalde ha aprofitat per a fer una menci\u00f3 especial per a felicitar la seua traject\u00f2ria laboral durant tots estos anys, una col\u00b7laboraci\u00f3 de gran ajuda en tasques d&#8217;alt risc, davant qualsevol emerg\u00e8ncia, cat\u00e0strofe, incendis, pluges torrencials, etc. per a secundar i refor\u00e7ar als cossos de seguretat i emerg\u00e8ncia.<\/p>\n<p><strong>PROTECCI\u00d3 CIVIL<\/strong><\/p>\n<p>Els voluntaris de Protecci\u00f3 Civil s\u00f3n un grup de ciutadans organitzats i formats que col\u00b7laboren en les situacions d&#8217;emerg\u00e8ncia i cat\u00e0strofes com a suport als professionals, augmentant la capacitat de resposta d&#8217;aquests col\u00b7lectius. Una vegada m\u00e9s l&#8217;agrupaci\u00f3 d&#8217;Alzira ha demostrat el seu comprom\u00eds amb la corporaci\u00f3 en aquesta situaci\u00f3 de pand\u00e8mia ajudant en diferents tasques encomanades per a intentar minimitzar els efectes de la Covid 19.<\/p>\n<p>Esta agrupaci\u00f3 naix per les inquietuds d&#8217;alguns ve\u00efns que en situacions de cat\u00e0strofes meteorol\u00f2giques, sobretot la pantanada del 82 i les inundacions del 87, entre altres, en les quals van estar ajudant en la mesura de les seues possibilitats, i van comen\u00e7ar a mantindre converses amb l&#8217;ajuntament per a col\u00b7laborar en les emerg\u00e8ncies d&#8217;una manera m\u00e9s organitzada.<\/p>\n<p><strong>Al juliol de 1996<\/strong>, la corporaci\u00f3 municipal, encap\u00e7alada per l&#8217;alcalde, <strong>Alfredo Gar\u00e9s<\/strong>, <strong>aprova la creaci\u00f3 de l&#8217;agrupaci\u00f3 de voluntaris de protecci\u00f3 civil d&#8217;Alzira<\/strong> i al novembre, en el sal\u00f3 noble, als 20 primers voluntaris se&#8217;ls fa lliurament d&#8217;una camisa i la credencial. Entre estos primers voluntaris encara continuen actius dos companys, <strong>Salva Mart\u00ednez<\/strong> que ha sigut cap de l&#8217;agrupaci\u00f3 i ara \u00e9s cap de grup de telecomunicacions i a <strong>Jose Daniel Gimenez<\/strong>, que \u00e9s sotscap.<\/p>\n<p style=\"text-align: center;\"><img fetchpriority=\"high\" decoding=\"async\" class=\" size-full wp-image-53742\" src=\"https:\/\/alzira.es\/wp-content\/uploads\/2021\/03\/voluntaris_proteccio_civil_3.jpeg\" alt=\"voluntaris proteccio civil 3\" width=\"500\" height=\"375\" srcset=\"https:\/\/alzira.es\/wp-content\/uploads\/2021\/03\/voluntaris_proteccio_civil_3.jpeg 1600w, https:\/\/alzira.es\/wp-content\/uploads\/2021\/03\/voluntaris_proteccio_civil_3-680x510.jpeg 680w, https:\/\/alzira.es\/wp-content\/uploads\/2021\/03\/voluntaris_proteccio_civil_3-1430x1072.jpeg 1430w, https:\/\/alzira.es\/wp-content\/uploads\/2021\/03\/voluntaris_proteccio_civil_3-768x576.jpeg 768w, https:\/\/alzira.es\/wp-content\/uploads\/2021\/03\/voluntaris_proteccio_civil_3-1536x1152.jpeg 1536w\" sizes=\"(max-width: 500px) 100vw, 500px\" \/>&nbsp;&nbsp;<img decoding=\"async\" class=\"size-full wp-image-53744 lazyload\" data-src=\"https:\/\/alzira.es\/wp-content\/uploads\/2021\/03\/voluntaris_proteccio_civil_1.jpeg\" alt=\"voluntaris proteccio civil 1\" width=\"500\" height=\"375\" data-srcset=\"https:\/\/alzira.es\/wp-content\/uploads\/2021\/03\/voluntaris_proteccio_civil_1.jpeg 1600w, https:\/\/alzira.es\/wp-content\/uploads\/2021\/03\/voluntaris_proteccio_civil_1-680x510.jpeg 680w, https:\/\/alzira.es\/wp-content\/uploads\/2021\/03\/voluntaris_proteccio_civil_1-1430x1072.jpeg 1430w, https:\/\/alzira.es\/wp-content\/uploads\/2021\/03\/voluntaris_proteccio_civil_1-768x576.jpeg 768w, https:\/\/alzira.es\/wp-content\/uploads\/2021\/03\/voluntaris_proteccio_civil_1-1536x1152.jpeg 1536w\" data-sizes=\"(max-width: 500px) 100vw, 500px\" src=\"data:image\/svg+xml;base64,PHN2ZyB3aWR0aD0iMSIgaGVpZ2h0PSIxIiB4bWxucz0iaHR0cDovL3d3dy53My5vcmcvMjAwMC9zdmciPjwvc3ZnPg==\" style=\"--smush-placeholder-width: 500px; --smush-placeholder-aspect-ratio: 500\/375;\" \/><\/p>\n<p style=\"text-align: center;\"><img decoding=\"async\" class=\"size-full wp-image-53746 lazyload\" data-src=\"https:\/\/alzira.es\/wp-content\/uploads\/2021\/03\/voluntaris_proteccio_civil_2.jpeg\" alt=\"voluntaris proteccio civil 2\" width=\"1000.\" height=\"750\" data-srcset=\"https:\/\/alzira.es\/wp-content\/uploads\/2021\/03\/voluntaris_proteccio_civil_2.jpeg 1600w, https:\/\/alzira.es\/wp-content\/uploads\/2021\/03\/voluntaris_proteccio_civil_2-680x510.jpeg 680w, https:\/\/alzira.es\/wp-content\/uploads\/2021\/03\/voluntaris_proteccio_civil_2-1430x1072.jpeg 1430w, https:\/\/alzira.es\/wp-content\/uploads\/2021\/03\/voluntaris_proteccio_civil_2-768x576.jpeg 768w, https:\/\/alzira.es\/wp-content\/uploads\/2021\/03\/voluntaris_proteccio_civil_2-1536x1152.jpeg 1536w\" data-sizes=\"(max-width: 706px) 89vw, (max-width: 767px) 82vw, 740px\" src=\"data:image\/svg+xml;base64,PHN2ZyB3aWR0aD0iMSIgaGVpZ2h0PSIxIiB4bWxucz0iaHR0cDovL3d3dy53My5vcmcvMjAwMC9zdmciPjwvc3ZnPg==\" style=\"--smush-placeholder-width: 1000px; --smush-placeholder-aspect-ratio: 1000\/750;\" \/><\/p>\n<p>&nbsp;<\/p>\n","protected":false},"excerpt":{"rendered":"<p>\u2022 L&#8217;agrupaci\u00f3 celebra enguany el seu 25 aniversari Ahir per la vesprada la pla\u00e7a del Carb\u00f3 acollia l&#8217;acte commemoratiu del dia Internacional de Protecci\u00f3 Civil. Des de l&#8217;Ajuntament, amb la col\u00b7laboraci\u00f3 de l&#8217;ag\u00e8ncia de Seguretat i Resposta a les emerg\u00e8ncies de la Conselleria s&#8217;ha volgut aprofitar l&#8217;ocasi\u00f3 per a fer un homenatge als voluntaris de &hellip; <\/p>\n<p class=\"link-more\"><a href=\"https:\/\/alzira.es\/es\/proteccio-civil-alzira-celebra-el-dia-del-voluntariat-amb-un-acte-obert-a-la-ciutadania-2\/\" class=\"more-link\">Continuar leyendo<span class=\"screen-reader-text\"> \u00abProtecci\u00f3 civil Alzira celebra el dia del voluntariat amb un acte obert a la ciutadania\u00bb<\/span><\/a><\/p>\n","protected":false},"author":29,"featured_media":53742,"comment_status":"","ping_status":"","sticky":false,"template":"","format":"standard","meta":{"_acf_changed":false,"footnotes":""},"categories":[],"tags":[],"class_list":["post-53749","post","type-post","status-publish","format-standard","has-post-thumbnail","hentry"],"acf":[],"_links":{"self":[{"href":"https:\/\/alzira.es\/es\/wp-json\/wp\/v2\/posts\/53749","targetHints":{"allow":["GET"]}}],"collection":[{"href":"https:\/\/alzira.es\/es\/wp-json\/wp\/v2\/posts"}],"about":[{"href":"https:\/\/alzira.es\/es\/wp-json\/wp\/v2\/types\/post"}],"author":[{"embeddable":true,"href":"https:\/\/alzira.es\/es\/wp-json\/wp\/v2\/users\/29"}],"replies":[{"embeddable":true,"href":"https:\/\/alzira.es\/es\/wp-json\/wp\/v2\/comments?post=53749"}],"version-history":[{"count":0,"href":"https:\/\/alzira.es\/es\/wp-json\/wp\/v2\/posts\/53749\/revisions"}],"wp:featuredmedia":[{"embeddable":true,"href":"https:\/\/alzira.es\/es\/wp-json\/wp\/v2\/media\/53742"}],"wp:attachment":[{"href":"https:\/\/alzira.es\/es\/wp-json\/wp\/v2\/media?parent=53749"}],"wp:term":[{"taxonomy":"category","embeddable":true,"href":"https:\/\/alzira.es\/es\/wp-json\/wp\/v2\/categories?post=53749"},{"taxonomy":"post_tag","embeddable":true,"href":"https:\/\/alzira.es\/es\/wp-json\/wp\/v2\/tags?post=53749"}],"curies":[{"name":"wp","href":"https:\/\/api.w.org\/{rel}","templated":true}]}}