{"id":53748,"date":"2021-03-02T13:49:33","date_gmt":"2021-03-02T12:49:33","guid":{"rendered":"https:\/\/alzira.es\/proteccio-civil-alzira-celebra-el-dia-del-voluntariat-amb-un-acte-obert-a-la-ciutadania\/"},"modified":"2021-03-02T13:49:33","modified_gmt":"2021-03-02T12:49:33","slug":"proteccio-civil-alzira-celebra-el-dia-del-voluntariat-amb-un-acte-obert-a-la-ciutadania","status":"publish","type":"post","link":"https:\/\/alzira.es\/es\/proteccio-civil-alzira-celebra-el-dia-del-voluntariat-amb-un-acte-obert-a-la-ciutadania\/","title":{"rendered":"Protecci\u00f3n civil Alzira celebra el d\u00eda del voluntariado con un acto abierto en la ciudadan\u00eda"},"content":{"rendered":"<h3><em>\u2022 La agrupaci\u00f3n celebra este a\u00f1o su 25 cumplea\u00f1os<\/em><\/h3>\n<p><strong>Ayer por la tarde la plaza del Carb\u00f3n acog\u00eda el acto conmemorativo del d\u00eda Internacional de Protecci\u00f3n Civil<\/strong>. Desde el Ayuntamiento, con la colaboraci\u00f3n de la agencia de Seguridad y Respuesta a las emergencias de la Conseller\u00eda se ha querido aprovechar la ocasi\u00f3n para hacer un homenaje a los voluntarios de la agrupaci\u00f3n de Protecci\u00f3n Civil de Alzira.<\/p>\n<p>En un acto sencillo a causa de las circunstancias de restricciones sanitarias, el alcalde de la ciudad,<strong> Diego G\u00f3mez<\/strong>, ha agradecido la tarea desinteresada que los voluntarios prestan en nuestra ciudad: <em>\u00abQuiero agradecer a todos nuestros compa\u00f1eros de la agrupaci\u00f3n local su labor desinteresada que realizan diariamente. En este a\u00f1o tan complicado, hab\u00e9is demostrado que se puede contar con vosotros. Hab\u00e9is realizado tareas de riesgo; ayudando a las personas con limitaciones para que no salieron de casa; a la log\u00edstica del material sanitario, reparto de mascarillas; apoyo log\u00edstico a la agencia valenciana de seguridad y la respuesta a las emergencias en el reparto de material para las residencias y ayuntamientos de la Ribera; y la ayuda en las tareas de control de personal y actas realizados por el Ayuntamiento\u00bb<\/em><\/p>\n<p><em>\u00abAdem\u00e1s, a\u00f1adi\u00f3 el alcalde, este Ayuntamiento continuar\u00e1 apoyando el voluntariado, secund\u00e1ndolos en todo lo posible para que contin\u00faen avanzando como equipo y sobretodo en su labor desinteresada de ayudar en nuestra ciudad\u00bb.<\/em><\/p>\n<p>Igualmente, <strong>Nardi Canet<\/strong>, Ninguno de la Agrupaci\u00f3n ha agradecido a la corporaci\u00f3n, encabezada por el alcalde, <strong>Diego Gomez<\/strong> por el apoyo que le dedica a nuestra funci\u00f3n, para que contin\u00fae apostando por nosotros y por su implicaci\u00f3n con el voluntariado. Agradecer tambi\u00e9n a la polic\u00eda local, y a nuestra regidora, <strong>Sara Gar\u00e9s<\/strong> que en estos \u00faltimos a\u00f1os ha demostrado claramente su implicaci\u00f3n con Protecci\u00f3n Civil,&nbsp;<em>\u00absiempre nos hemos encontrado sus puertas abiertas ante cualquier necesidad\u00bb<\/em><\/p>\n<p><strong>Canet<\/strong> ha aprovechado para dar la bienvenida a los nuevos voluntarios que forman parte de un nuevo proyecto del Ayuntamiento y de esta agrupaci\u00f3n que servir\u00e1 para agrandarnos y dar un mejor servicio en nuestra ciudad.<em> \u00abEs un orgullo para m\u00ed que se\u00e1is mis compa\u00f1eros, gracias por estar a mi lado. Estoy orgullosa del equipo tan bien formado y sobre todo con muchas ganas de ayudar\u00bb<\/em>.<\/p>\n<p><strong>25 CUMPLEA\u00d1OS<\/strong><\/p>\n<p>En este acto de homenaje se ha aprovechado para felicitar a los voluntarios puesto que el pr\u00f3ximo mes de julio cumplen 25 a\u00f1os de su nacimiento.<br \/>El alcalde ha aprovechado para hacer una menci\u00f3n especial para felicitar su trayectoria laboral durante todos estos a\u00f1os, una colaboraci\u00f3n de gran ayuda en tareas de alto riesgo, ante cualquier emergencia, cat\u00e1strofe, incendios, lluvias torrenciales, etc. para secundar y reforzar en los cuerpos de seguridad y emergencia.<\/p>\n<p><strong>PROTECCI\u00d3N CIVIL<\/strong><\/p>\n<p>Los voluntarios de Protecci\u00f3n Civil son un grupo de ciudadanos organizados y formados que colaboran en las situaciones de emergencia y cat\u00e1strofes como apoyo a los profesionales, aumentando la capacidad de respuesta de estos colectivos. Una vez m\u00e1s la agrupaci\u00f3n de Alzira ha demostrado su compromiso con la corporaci\u00f3n en esta situaci\u00f3n de pandemia ayudando en diferentes tareas encomendadas para intentar minimizar los efectos de la Covid 19.<\/p>\n<p>Esta agrupaci\u00f3n nace por las inquietudes de algunos vecinos que en situaciones de cat\u00e1strofes meteorol\u00f3gicas, sobre todo la pantanada del 82 y las inundaciones del 87, entre otros, en las cuales estuvieron ayudando en la medida de sus posibilidades, y empezaron a mantener conversaciones con el ayuntamiento para colaborar en las emergencias de una manera m\u00e1s organizada.<\/p>\n<p><strong>En julio de 1996<\/strong>, la corporaci\u00f3n municipal, encabezada por el alcalde, <strong>Alfredo Gar\u00e9s<\/strong>, <strong>aprueba la creaci\u00f3n de la agrupaci\u00f3n de voluntarios de protecci\u00f3n civil de Alzira<\/strong> y en noviembre, en el sal\u00f3n noble, a los 20 primeros voluntarios se los hace entrega de una camisa y la credencial. Entre estos primeros voluntarios todav\u00eda contin\u00faan activos dos compa\u00f1eros,<strong> Salva Mart\u00ednez<\/strong> que ha sido jefe de la agrupaci\u00f3n y ahora es jefe de grupo de telecomunicaciones y a <strong>Jose Daniel Gimenez<\/strong>, que es subjefe.<\/p>\n<p style=\"text-align: center;\"><img fetchpriority=\"high\" decoding=\"async\" class=\" size-full wp-image-53742\" src=\"https:\/\/alzira.es\/wp-content\/uploads\/2021\/03\/voluntaris_proteccio_civil_3.jpeg\" alt=\"voluntaris proteccio civil 3\" width=\"500\" height=\"375\" srcset=\"https:\/\/alzira.es\/wp-content\/uploads\/2021\/03\/voluntaris_proteccio_civil_3.jpeg 1600w, https:\/\/alzira.es\/wp-content\/uploads\/2021\/03\/voluntaris_proteccio_civil_3-680x510.jpeg 680w, https:\/\/alzira.es\/wp-content\/uploads\/2021\/03\/voluntaris_proteccio_civil_3-1430x1072.jpeg 1430w, https:\/\/alzira.es\/wp-content\/uploads\/2021\/03\/voluntaris_proteccio_civil_3-768x576.jpeg 768w, https:\/\/alzira.es\/wp-content\/uploads\/2021\/03\/voluntaris_proteccio_civil_3-1536x1152.jpeg 1536w\" sizes=\"(max-width: 500px) 100vw, 500px\" \/>&nbsp;&nbsp;<img decoding=\"async\" class=\"size-full wp-image-53744 lazyload\" data-src=\"https:\/\/alzira.es\/wp-content\/uploads\/2021\/03\/voluntaris_proteccio_civil_1.jpeg\" alt=\"voluntaris proteccio civil 1\" width=\"500\" height=\"375\" data-srcset=\"https:\/\/alzira.es\/wp-content\/uploads\/2021\/03\/voluntaris_proteccio_civil_1.jpeg 1600w, https:\/\/alzira.es\/wp-content\/uploads\/2021\/03\/voluntaris_proteccio_civil_1-680x510.jpeg 680w, https:\/\/alzira.es\/wp-content\/uploads\/2021\/03\/voluntaris_proteccio_civil_1-1430x1072.jpeg 1430w, https:\/\/alzira.es\/wp-content\/uploads\/2021\/03\/voluntaris_proteccio_civil_1-768x576.jpeg 768w, https:\/\/alzira.es\/wp-content\/uploads\/2021\/03\/voluntaris_proteccio_civil_1-1536x1152.jpeg 1536w\" data-sizes=\"(max-width: 500px) 100vw, 500px\" src=\"data:image\/svg+xml;base64,PHN2ZyB3aWR0aD0iMSIgaGVpZ2h0PSIxIiB4bWxucz0iaHR0cDovL3d3dy53My5vcmcvMjAwMC9zdmciPjwvc3ZnPg==\" style=\"--smush-placeholder-width: 500px; --smush-placeholder-aspect-ratio: 500\/375;\" \/><\/p>\n<p style=\"text-align: center;\"><img decoding=\"async\" class=\"size-full wp-image-53746 lazyload\" data-src=\"https:\/\/alzira.es\/wp-content\/uploads\/2021\/03\/voluntaris_proteccio_civil_2.jpeg\" alt=\"voluntaris proteccio civil 2\" width=\"1000.\" height=\"750\" data-srcset=\"https:\/\/alzira.es\/wp-content\/uploads\/2021\/03\/voluntaris_proteccio_civil_2.jpeg 1600w, https:\/\/alzira.es\/wp-content\/uploads\/2021\/03\/voluntaris_proteccio_civil_2-680x510.jpeg 680w, https:\/\/alzira.es\/wp-content\/uploads\/2021\/03\/voluntaris_proteccio_civil_2-1430x1072.jpeg 1430w, https:\/\/alzira.es\/wp-content\/uploads\/2021\/03\/voluntaris_proteccio_civil_2-768x576.jpeg 768w, https:\/\/alzira.es\/wp-content\/uploads\/2021\/03\/voluntaris_proteccio_civil_2-1536x1152.jpeg 1536w\" data-sizes=\"(max-width: 706px) 89vw, (max-width: 767px) 82vw, 740px\" src=\"data:image\/svg+xml;base64,PHN2ZyB3aWR0aD0iMSIgaGVpZ2h0PSIxIiB4bWxucz0iaHR0cDovL3d3dy53My5vcmcvMjAwMC9zdmciPjwvc3ZnPg==\" style=\"--smush-placeholder-width: 1000px; --smush-placeholder-aspect-ratio: 1000\/750;\" \/><\/p>\n<p>&nbsp;<\/p>\n","protected":false},"excerpt":{"rendered":"<p>\u2022 La agrupaci\u00f3n celebra este a\u00f1o su 25 cumplea\u00f1os Ayer por la tarde la plaza del Carb\u00f3n acog\u00eda el acto conmemorativo del d\u00eda Internacional de Protecci\u00f3n Civil. Desde el Ayuntamiento, con la colaboraci\u00f3n de la agencia de Seguridad y Respuesta a las emergencias de la Conseller\u00eda se ha querido aprovechar la ocasi\u00f3n para hacer un &hellip; <\/p>\n<p class=\"link-more\"><a href=\"https:\/\/alzira.es\/es\/proteccio-civil-alzira-celebra-el-dia-del-voluntariat-amb-un-acte-obert-a-la-ciutadania\/\" class=\"more-link\">Continuar leyendo<span class=\"screen-reader-text\"> \u00abProtecci\u00f3n civil Alzira celebra el d\u00eda del voluntariado con un acto abierto en la ciudadan\u00eda\u00bb<\/span><\/a><\/p>\n","protected":false},"author":29,"featured_media":53742,"comment_status":"","ping_status":"","sticky":false,"template":"","format":"standard","meta":{"_acf_changed":false,"footnotes":""},"categories":[4936],"tags":[],"class_list":["post-53748","post","type-post","status-publish","format-standard","has-post-thumbnail","hentry","category-hemeroteca-es"],"acf":[],"_links":{"self":[{"href":"https:\/\/alzira.es\/es\/wp-json\/wp\/v2\/posts\/53748","targetHints":{"allow":["GET"]}}],"collection":[{"href":"https:\/\/alzira.es\/es\/wp-json\/wp\/v2\/posts"}],"about":[{"href":"https:\/\/alzira.es\/es\/wp-json\/wp\/v2\/types\/post"}],"author":[{"embeddable":true,"href":"https:\/\/alzira.es\/es\/wp-json\/wp\/v2\/users\/29"}],"replies":[{"embeddable":true,"href":"https:\/\/alzira.es\/es\/wp-json\/wp\/v2\/comments?post=53748"}],"version-history":[{"count":0,"href":"https:\/\/alzira.es\/es\/wp-json\/wp\/v2\/posts\/53748\/revisions"}],"wp:featuredmedia":[{"embeddable":true,"href":"https:\/\/alzira.es\/es\/wp-json\/wp\/v2\/media\/53742"}],"wp:attachment":[{"href":"https:\/\/alzira.es\/es\/wp-json\/wp\/v2\/media?parent=53748"}],"wp:term":[{"taxonomy":"category","embeddable":true,"href":"https:\/\/alzira.es\/es\/wp-json\/wp\/v2\/categories?post=53748"},{"taxonomy":"post_tag","embeddable":true,"href":"https:\/\/alzira.es\/es\/wp-json\/wp\/v2\/tags?post=53748"}],"curies":[{"name":"wp","href":"https:\/\/api.w.org\/{rel}","templated":true}]}}