{"id":53740,"date":"2021-03-02T12:50:04","date_gmt":"2021-03-02T11:50:04","guid":{"rendered":"https:\/\/alzira.es\/es-posa-a-la-venda-el-llibre-del-pare-morera-en-que-coneixem-la-historia-del-monestir-de-santa-maria-de-la-murta\/"},"modified":"2021-03-02T12:50:04","modified_gmt":"2021-03-02T11:50:04","slug":"es-posa-a-la-venda-el-llibre-del-pare-morera-en-que-coneixem-la-historia-del-monestir-de-santa-maria-de-la-murta","status":"publish","type":"post","link":"https:\/\/alzira.es\/es\/es-posa-a-la-venda-el-llibre-del-pare-morera-en-que-coneixem-la-historia-del-monestir-de-santa-maria-de-la-murta\/","title":{"rendered":"Se pone a la venta el libro del padre Morera en que conocemos la historia del Monasterio de Santa Mar\u00eda de la Murta"},"content":{"rendered":"<h3><em>Se podr\u00e1 adquirir en el MUMA a un precio de 8\u20ac a partir de ma\u00f1ana 3 de marzo<\/em><\/h3>\n<p><strong>Ma\u00f1ana, 3 de marzo, se pone a la venta el libro Historia del monasterio Santa Maria de la Murta<\/strong>, a un precio de 8\u20ac, una reedici\u00f3n del libro que vio la luz en 1995, dentro de la serie <em>\u00abCuadernos de estudios locales\u00bb<\/em>, con el n\u00famero 3, una edici\u00f3n que contribuy\u00f3 a la difusi\u00f3n de la obra del prior del monasterio, <strong>J. B. Morera<\/strong>, escrita en 1773 y de la cual solo se conservan copias mecanografiadas.<\/p>\n<p>Esta reedici\u00f3n ha sido posible despu\u00e9s de que la regidora de Patrimonio Cultural, <strong>Isabel Aguilar<\/strong>, mostrara inter\u00e9s a materializarla a instancia de la <strong>Asociaci\u00f3n Amigos de la Murta<\/strong>, para cubrir el vac\u00edo bibliogr\u00e1fico y atender las voces que lo reclamaban.<\/p>\n<p><strong>La tirada es de 2.000 ejemplares que podr\u00e1n adquirirse en el MUMA<\/strong>. Adem\u00e1s con la adquisici\u00f3n del libro se har\u00e1 obsequio de material de promoci\u00f3n de la Concejal\u00eda de Turismo.<\/p>\n<p>La edici\u00f3n que ahora ver\u00e1 la luz ha sido revisada y actualizada, incorporando nuevas im\u00e1genes al volumen, algunas a todo color, y entre las cuales se incluye la reconstrucci\u00f3n hipot\u00e9tica realizada, en su tesis doctoral, por la arquitecta <strong>Marina Sender<\/strong>, que tambi\u00e9n ha sido coredactora del Plan Director.<\/p>\n<p>Haciendo un poco de historia hay que apuntar que <strong>el libro fue escrito por el que fue prior del Monasterio<\/strong>, el&nbsp;<strong>padre Morera<\/strong>. Se trata de una informaci\u00f3n muy precisa de la historia del Monasterio y de la devoci\u00f3n a la<strong> Virgen Mar\u00eda de la Murta&nbsp;<\/strong>que nos ayuda a profundizar en el conocimiento de uno de los bienes m\u00e1s apreciados del patrimonio de la comarca de la Ribera y, est\u00e1 claro, de la Comunidad Valenciana.<\/p>\n<p><em>\u00abUna de las cosas con m\u00e1s importancia para Alzira a lo largo de los siglos ha sido, es y ser\u00e1, en su conjunto, <strong>la Murta<\/strong>. Por un lado, es un paraje natural \u00fanico y el pulm\u00f3n verde de la comarca. De otra, ha sido el centro cultural y espiritual de la Ribera. No nos tenemos que olvidar del gran potencial did\u00e1ctico que nos ofrece la oportunidad de dar a conocer, especialmente a los alcire\u00f1os m\u00e1s j\u00f3venes, todo lo que la Murta representa, y ahora gracias al libro pueden descubrir todos los aspectos relevantes del cenobio\u00bb<\/em>, seg\u00fan <strong>Isabel Aguilar<\/strong>.<\/p>\n<p>El libro fue escrito <strong>en 1773<\/strong>, con el t\u00edtulo <strong>Historia de la fundaci\u00f3n del Valle de Miralles y hallazgo y maravillas de la Sant\u00edssima Imagen de Nuestra Se\u00f1ora de la Murta<\/strong>, en que el padre <strong>Morera<\/strong> profundiza en todos los detalles que nos han ayudado a entender la importancia que signific\u00f3 el monasterio en la \u00e9poca.<\/p>\n<p>Lamentablemente, a consecuencia de la exclaustraci\u00f3n y de la incultura, mucho del patrimonio del Monasterio de Santa Maria de la Murta se perdi\u00f3 o pas\u00f3 a manos de instituciones p\u00fablicas y privadas. En concreto, <strong>el original del libro se encontr\u00f3 en 1955<\/strong>, por <strong>Enrique N\u00fa\u00f1ez Tello<\/strong>, en la <strong>biblioteca del Ilustr\u00edsimo Bar\u00f3n de Terrateig<\/strong>, que dej\u00f3 que se hiciera una copia mecanografiada. No obstante, est\u00e1 incompleto, puesto que le faltan algunos cap\u00edtulos.<\/p>\n<p><em>\u00abDesde la Concejal\u00eda de Patrimonio Cultural estamos luchando por la restauraci\u00f3n del patrimonio arquitect\u00f3nico de la Murta, en concreto de la Torre de las Palomas, pero tambi\u00e9n somos conscientes de la importancia a lo largo del tiempo y de su historia, por lo tanto, y en consecuencia, no podemos m\u00e1s que felicitarnos por el lanzamiento de 2.000 ejemplares de este apasionante libro que nos relata una parte importante de la historia de Alzira, la de la existencia del Monasterio de Santa Maria de la Murta\u00bb<\/em>, ha se\u00f1alado la regidora.<\/p>\n<p style=\"text-align: center;\"><img fetchpriority=\"high\" decoding=\"async\" class=\" size-full wp-image-53738\" src=\"https:\/\/alzira.es\/wp-content\/uploads\/2021\/03\/Llibre_Murta.jpg\" alt=\"Llibre Murta\" width=\"913\" height=\"504\" \/><\/p>\n","protected":false},"excerpt":{"rendered":"<p>Se podr\u00e1 adquirir en el MUMA a un precio de 8\u20ac a partir de ma\u00f1ana 3 de marzo Ma\u00f1ana, 3 de marzo, se pone a la venta el libro Historia del monasterio Santa Maria de la Murta, a un precio de 8\u20ac, una reedici\u00f3n del libro que vio la luz en 1995, dentro de la &hellip; <\/p>\n<p class=\"link-more\"><a href=\"https:\/\/alzira.es\/es\/es-posa-a-la-venda-el-llibre-del-pare-morera-en-que-coneixem-la-historia-del-monestir-de-santa-maria-de-la-murta\/\" class=\"more-link\">Continuar leyendo<span class=\"screen-reader-text\"> \u00abSe pone a la venta el libro del padre Morera en que conocemos la historia del Monasterio de Santa Mar\u00eda de la Murta\u00bb<\/span><\/a><\/p>\n","protected":false},"author":29,"featured_media":53738,"comment_status":"","ping_status":"","sticky":false,"template":"","format":"standard","meta":{"_acf_changed":false,"footnotes":""},"categories":[4936],"tags":[],"class_list":["post-53740","post","type-post","status-publish","format-standard","has-post-thumbnail","hentry","category-hemeroteca-es"],"acf":[],"_links":{"self":[{"href":"https:\/\/alzira.es\/es\/wp-json\/wp\/v2\/posts\/53740","targetHints":{"allow":["GET"]}}],"collection":[{"href":"https:\/\/alzira.es\/es\/wp-json\/wp\/v2\/posts"}],"about":[{"href":"https:\/\/alzira.es\/es\/wp-json\/wp\/v2\/types\/post"}],"author":[{"embeddable":true,"href":"https:\/\/alzira.es\/es\/wp-json\/wp\/v2\/users\/29"}],"replies":[{"embeddable":true,"href":"https:\/\/alzira.es\/es\/wp-json\/wp\/v2\/comments?post=53740"}],"version-history":[{"count":0,"href":"https:\/\/alzira.es\/es\/wp-json\/wp\/v2\/posts\/53740\/revisions"}],"wp:featuredmedia":[{"embeddable":true,"href":"https:\/\/alzira.es\/es\/wp-json\/wp\/v2\/media\/53738"}],"wp:attachment":[{"href":"https:\/\/alzira.es\/es\/wp-json\/wp\/v2\/media?parent=53740"}],"wp:term":[{"taxonomy":"category","embeddable":true,"href":"https:\/\/alzira.es\/es\/wp-json\/wp\/v2\/categories?post=53740"},{"taxonomy":"post_tag","embeddable":true,"href":"https:\/\/alzira.es\/es\/wp-json\/wp\/v2\/tags?post=53740"}],"curies":[{"name":"wp","href":"https:\/\/api.w.org\/{rel}","templated":true}]}}