{"id":53732,"date":"2021-03-02T10:13:12","date_gmt":"2021-03-02T09:13:12","guid":{"rendered":"https:\/\/alzira.es\/obres-de-condicionament-del-barranc-fosc-per-a-minimitzar-les-inundacions-en-l-alquenencia-i-venecia-2\/"},"modified":"2021-03-02T10:13:12","modified_gmt":"2021-03-02T09:13:12","slug":"obres-de-condicionament-del-barranc-fosc-per-a-minimitzar-les-inundacions-en-l-alquenencia-i-venecia-2","status":"publish","type":"post","link":"https:\/\/alzira.es\/es\/obres-de-condicionament-del-barranc-fosc-per-a-minimitzar-les-inundacions-en-l-alquenencia-i-venecia-2\/","title":{"rendered":"Obres de condicionament del barranc Fosc per a minimitzar les inundacions en l\u2019Alquen\u00e8ncia i Ven\u00e8cia"},"content":{"rendered":"<p><strong>L&#8217;Ajuntament d&#8217;Alzira aprova la realitzaci\u00f3 d&#8217;una obra<\/strong> <strong>de condicionament al barranc Fosc<\/strong> per tal d&#8217;evitar l&#8217;arribada de l&#8217;aigua del barranc a la conflu\u00e8ncia del clavegueram del carrer Josefina Fern\u00e1ndez, un dels punts m\u00e9s conflictius cada vegada que es produeixen pluges torrencials a la nostra ciutat.<\/p>\n<p>En els \u00faltims episodis de pluges s&#8217;han vist inundades les zones de l&#8217;Alquen\u00e8ncia i Ven\u00e8cia degut al desbordament del barranc Fosc, l&#8217;encarregat d&#8217;arreplegar les aig\u00fces que baixen des de la urbanitzaci\u00f3 del Rac\u00f3, a m\u00e9s de l&#8217;aigua que li aporta el barranc de l&#8217;Estrela que recull la provinent de la urbanitzaci\u00f3 del Respirall, produint la baixada de les aig\u00fces embravides que acaben inundant l&#8217;entramat urb\u00e0.<\/p>\n<p><strong>L&#8217;obra a executar-se preveu evitar que l&#8217;aigua acabe en estes zones urbanes<\/strong>, per a la qual cosa es va a eliminar la rampa d&#8217;acc\u00e9s al cam\u00ed Pescadors; execuci\u00f3 d&#8217;un mur en el barranc de l&#8217;Estrela; la instal\u00b7laci\u00f3 d&#8217;un arener i d&#8217;una infraestructura reguladora del cabal del barranc Fosc; aix\u00ed com el recreixement de trams perimetrals de mur.<\/p>\n<p><strong>Fernando Pascual<\/strong>, regidor de Servies Urbans,<em> considera necess\u00e0ria la realitzaci\u00f3 d&#8217;esta obra que executar\u00e0 l&#8217;empresa Aig\u00fces de Val\u00e8ncia, a c\u00e0rrec de la borsa d&#8217;estalvi energ\u00e8tic, la qual cosa suposa que no tindr\u00e0 cap cost per als alzirenys i alzirenyes i l&#8217;empresa assumir\u00e0 el cost complet d&#8217;esta actuaci\u00f3. A m\u00e9s el regidor espera que es complisca el termini d&#8217;execuci\u00f3 que est\u00e0 estipulat en un parell de mesos <\/em>i ha explicat que<em> \u00abEstes millores aconseguixen minimitzar el risc de desbordament de les aig\u00fces del barranc Fosc\u00bb<\/em>.<\/p>\n<p>Per la seua banda <strong>Diego G\u00f3mez<\/strong>, alcalde d&#8217;Alzira, <em>considera prioritari vetlar per la seguretat del ve\u00efnat, per aix\u00f2 es fa necessari escometre estes obres de condicionament que ajuden a evitar que l&#8217;aigua acabe inundant zones urbanes. Una soluci\u00f3 provisional fins que estiga executada la segona fase del canal interceptor de les Bases que acabar\u00e0 definitivament amb este problema d&#8217;inundabilitat que patim en cada episodi de pluges torrencials.<\/em><\/p>\n<p style=\"text-align: center;\">&nbsp;<img fetchpriority=\"high\" decoding=\"async\" class=\" size-full wp-image-53727\" src=\"https:\/\/alzira.es\/wp-content\/uploads\/2021\/03\/barranc_fosc_2.jpeg\" alt=\"barranc fosc 2\" width=\"632\" height=\"474\" srcset=\"https:\/\/alzira.es\/wp-content\/uploads\/2021\/03\/barranc_fosc_2.jpeg 2048w, https:\/\/alzira.es\/wp-content\/uploads\/2021\/03\/barranc_fosc_2-680x510.jpeg 680w, https:\/\/alzira.es\/wp-content\/uploads\/2021\/03\/barranc_fosc_2-1430x1072.jpeg 1430w, https:\/\/alzira.es\/wp-content\/uploads\/2021\/03\/barranc_fosc_2-768x576.jpeg 768w, https:\/\/alzira.es\/wp-content\/uploads\/2021\/03\/barranc_fosc_2-1536x1152.jpeg 1536w\" sizes=\"(max-width: 632px) 100vw, 632px\" \/>&nbsp;<img decoding=\"async\" class=\"size-full wp-image-53729 lazyload\" data-src=\"https:\/\/alzira.es\/wp-content\/uploads\/2021\/03\/barranc_fosc_3.jpeg\" alt=\"barranc fosc 3\" width=\"631\" height=\"473\" data-srcset=\"https:\/\/alzira.es\/wp-content\/uploads\/2021\/03\/barranc_fosc_3.jpeg 1600w, https:\/\/alzira.es\/wp-content\/uploads\/2021\/03\/barranc_fosc_3-680x510.jpeg 680w, https:\/\/alzira.es\/wp-content\/uploads\/2021\/03\/barranc_fosc_3-1430x1072.jpeg 1430w, https:\/\/alzira.es\/wp-content\/uploads\/2021\/03\/barranc_fosc_3-768x576.jpeg 768w, https:\/\/alzira.es\/wp-content\/uploads\/2021\/03\/barranc_fosc_3-1536x1152.jpeg 1536w\" data-sizes=\"(max-width: 631px) 100vw, 631px\" src=\"data:image\/svg+xml;base64,PHN2ZyB3aWR0aD0iMSIgaGVpZ2h0PSIxIiB4bWxucz0iaHR0cDovL3d3dy53My5vcmcvMjAwMC9zdmciPjwvc3ZnPg==\" style=\"--smush-placeholder-width: 631px; --smush-placeholder-aspect-ratio: 631\/473;\" \/>&nbsp;&nbsp;&nbsp;&nbsp;<\/p>\n","protected":false},"excerpt":{"rendered":"<p>L&#8217;Ajuntament d&#8217;Alzira aprova la realitzaci\u00f3 d&#8217;una obra de condicionament al barranc Fosc per tal d&#8217;evitar l&#8217;arribada de l&#8217;aigua del barranc a la conflu\u00e8ncia del clavegueram del carrer Josefina Fern\u00e1ndez, un dels punts m\u00e9s conflictius cada vegada que es produeixen pluges torrencials a la nostra ciutat. En els \u00faltims episodis de pluges s&#8217;han vist inundades les &hellip; <\/p>\n<p class=\"link-more\"><a href=\"https:\/\/alzira.es\/es\/obres-de-condicionament-del-barranc-fosc-per-a-minimitzar-les-inundacions-en-l-alquenencia-i-venecia-2\/\" class=\"more-link\">Continuar leyendo<span class=\"screen-reader-text\"> \u00abObres de condicionament del barranc Fosc per a minimitzar les inundacions en l\u2019Alquen\u00e8ncia i Ven\u00e8cia\u00bb<\/span><\/a><\/p>\n","protected":false},"author":29,"featured_media":53727,"comment_status":"","ping_status":"","sticky":false,"template":"","format":"standard","meta":{"_acf_changed":false,"footnotes":""},"categories":[],"tags":[],"class_list":["post-53732","post","type-post","status-publish","format-standard","has-post-thumbnail","hentry"],"acf":[],"_links":{"self":[{"href":"https:\/\/alzira.es\/es\/wp-json\/wp\/v2\/posts\/53732","targetHints":{"allow":["GET"]}}],"collection":[{"href":"https:\/\/alzira.es\/es\/wp-json\/wp\/v2\/posts"}],"about":[{"href":"https:\/\/alzira.es\/es\/wp-json\/wp\/v2\/types\/post"}],"author":[{"embeddable":true,"href":"https:\/\/alzira.es\/es\/wp-json\/wp\/v2\/users\/29"}],"replies":[{"embeddable":true,"href":"https:\/\/alzira.es\/es\/wp-json\/wp\/v2\/comments?post=53732"}],"version-history":[{"count":0,"href":"https:\/\/alzira.es\/es\/wp-json\/wp\/v2\/posts\/53732\/revisions"}],"wp:featuredmedia":[{"embeddable":true,"href":"https:\/\/alzira.es\/es\/wp-json\/wp\/v2\/media\/53727"}],"wp:attachment":[{"href":"https:\/\/alzira.es\/es\/wp-json\/wp\/v2\/media?parent=53732"}],"wp:term":[{"taxonomy":"category","embeddable":true,"href":"https:\/\/alzira.es\/es\/wp-json\/wp\/v2\/categories?post=53732"},{"taxonomy":"post_tag","embeddable":true,"href":"https:\/\/alzira.es\/es\/wp-json\/wp\/v2\/tags?post=53732"}],"curies":[{"name":"wp","href":"https:\/\/api.w.org\/{rel}","templated":true}]}}