{"id":53731,"date":"2021-03-02T10:13:12","date_gmt":"2021-03-02T09:13:12","guid":{"rendered":"https:\/\/alzira.es\/obres-de-condicionament-del-barranc-fosc-per-a-minimitzar-les-inundacions-en-l-alquenencia-i-venecia\/"},"modified":"2021-03-02T10:13:12","modified_gmt":"2021-03-02T09:13:12","slug":"obres-de-condicionament-del-barranc-fosc-per-a-minimitzar-les-inundacions-en-l-alquenencia-i-venecia","status":"publish","type":"post","link":"https:\/\/alzira.es\/es\/obres-de-condicionament-del-barranc-fosc-per-a-minimitzar-les-inundacions-en-l-alquenencia-i-venecia\/","title":{"rendered":"Obras de acondicionamiento del barranc Fosc para minimizar las inundaciones en la Alquenencia y Venecia"},"content":{"rendered":"<p><strong>El Ayuntamiento de Alzira aprueba la realizaci\u00f3n de una obra de acondicionamiento al barranc Fosc<\/strong>&nbsp;para evitar la llegada del agua del barranco a la confluencia del alcantarillado de la calle Josefina Fern\u00e1ndez, uno de los puntos m\u00e1s conflictivos cada vez que se producen lluvias torrenciales en nuestra ciudad.<\/p>\n<p>En los \u00faltimos episodios de lluvias se han visto inundadas las zonas de la Alquenencia y Venecia debido al desbordamiento del barranc Fosc, el encargado de recoger las aguas que bajan desde la urbanizaci\u00f3n del Rac\u00f3, adem\u00e1s del agua que le aporta el barranc de l&#8217;Estrela que recoge la proveniente de la urbanizaci\u00f3n del Respirall, produciendo la bajada de las aguas embravecidas que acaban inundando el entramado urbano.<\/p>\n<p><strong>La obra a ejecutarse prev\u00e9 evitar que el agua acabe en estas zonas urbanas<\/strong>, para lo cual se va a eliminar la rampa de acceso al camino Pescadors; ejecuci\u00f3n de un muro en el barranc de l&#8217;Estrela; la instalaci\u00f3n de un arenero y de una infraestructura reguladora del caudal del barranc Fosc; as\u00ed como el recrecimiento de tramos perimetrales de muro.<\/p>\n<p><strong>Fernando Pascual<\/strong>, regidor de Servicios Urbanos, <em>considera necesaria la realizaci\u00f3n de esta obra que ejecutar\u00e1 la empresa Aig\u00fces de Val\u00e8ncia, a cargo de la bolsa de ahorro energ\u00e9tico, lo cual supone que no tendr\u00e1 ning\u00fan coste para los alcire\u00f1os y alcire\u00f1as y la empresa asumir\u00e1 el coste completo de esta actuaci\u00f3n. Adem\u00e1s el regidor espera que se cumpla el plazo de ejecuci\u00f3n que est\u00e1 estipulado en un par de meses y ha explicado que \u00abEstas mejoras consiguen minimizar el riesgo de desbordamiento de las aguas del barranc Fosc\u00bb.<\/em><\/p>\n<p>Por su parte <strong>Diego G\u00f3mez<\/strong>, alcalde de Alzira, <em>considera prioritario velar por la seguridad del vecindario, por eso se hace necesario acometer estas obras de acondicionamiento que ayudan a evitar que el agua acabe inundando zonas urbanas. Una soluci\u00f3n provisional hasta que est\u00e9 ejecutada la segunda fase del canal interceptor de las Bases que acabar\u00e1 definitivamente con este problema de inundabilidad que sufrimos en cada episodio de lluvias torrenciales.<\/em><\/p>\n<p style=\"text-align: center;\">&nbsp;<img fetchpriority=\"high\" decoding=\"async\" class=\" size-full wp-image-53727\" src=\"https:\/\/alzira.es\/wp-content\/uploads\/2021\/03\/barranc_fosc_2.jpeg\" alt=\"barranc fosc 2\" width=\"632\" height=\"474\" srcset=\"https:\/\/alzira.es\/wp-content\/uploads\/2021\/03\/barranc_fosc_2.jpeg 2048w, https:\/\/alzira.es\/wp-content\/uploads\/2021\/03\/barranc_fosc_2-680x510.jpeg 680w, https:\/\/alzira.es\/wp-content\/uploads\/2021\/03\/barranc_fosc_2-1430x1072.jpeg 1430w, https:\/\/alzira.es\/wp-content\/uploads\/2021\/03\/barranc_fosc_2-768x576.jpeg 768w, https:\/\/alzira.es\/wp-content\/uploads\/2021\/03\/barranc_fosc_2-1536x1152.jpeg 1536w\" sizes=\"(max-width: 632px) 100vw, 632px\" \/>&nbsp;<img decoding=\"async\" class=\"size-full wp-image-53729 lazyload\" data-src=\"https:\/\/alzira.es\/wp-content\/uploads\/2021\/03\/barranc_fosc_3.jpeg\" alt=\"barranc fosc 3\" width=\"631\" height=\"473\" data-srcset=\"https:\/\/alzira.es\/wp-content\/uploads\/2021\/03\/barranc_fosc_3.jpeg 1600w, https:\/\/alzira.es\/wp-content\/uploads\/2021\/03\/barranc_fosc_3-680x510.jpeg 680w, https:\/\/alzira.es\/wp-content\/uploads\/2021\/03\/barranc_fosc_3-1430x1072.jpeg 1430w, https:\/\/alzira.es\/wp-content\/uploads\/2021\/03\/barranc_fosc_3-768x576.jpeg 768w, https:\/\/alzira.es\/wp-content\/uploads\/2021\/03\/barranc_fosc_3-1536x1152.jpeg 1536w\" data-sizes=\"(max-width: 631px) 100vw, 631px\" src=\"data:image\/svg+xml;base64,PHN2ZyB3aWR0aD0iMSIgaGVpZ2h0PSIxIiB4bWxucz0iaHR0cDovL3d3dy53My5vcmcvMjAwMC9zdmciPjwvc3ZnPg==\" style=\"--smush-placeholder-width: 631px; --smush-placeholder-aspect-ratio: 631\/473;\" \/>&nbsp;&nbsp;&nbsp;&nbsp;<\/p>\n","protected":false},"excerpt":{"rendered":"<p>El Ayuntamiento de Alzira aprueba la realizaci\u00f3n de una obra de acondicionamiento al barranc Fosc&nbsp;para evitar la llegada del agua del barranco a la confluencia del alcantarillado de la calle Josefina Fern\u00e1ndez, uno de los puntos m\u00e1s conflictivos cada vez que se producen lluvias torrenciales en nuestra ciudad. En los \u00faltimos episodios de lluvias se &hellip; <\/p>\n<p class=\"link-more\"><a href=\"https:\/\/alzira.es\/es\/obres-de-condicionament-del-barranc-fosc-per-a-minimitzar-les-inundacions-en-l-alquenencia-i-venecia\/\" class=\"more-link\">Continuar leyendo<span class=\"screen-reader-text\"> \u00abObras de acondicionamiento del barranc Fosc para minimizar las inundaciones en la Alquenencia y Venecia\u00bb<\/span><\/a><\/p>\n","protected":false},"author":29,"featured_media":53727,"comment_status":"","ping_status":"","sticky":false,"template":"","format":"standard","meta":{"_acf_changed":false,"footnotes":""},"categories":[4936],"tags":[],"class_list":["post-53731","post","type-post","status-publish","format-standard","has-post-thumbnail","hentry","category-hemeroteca-es"],"acf":[],"_links":{"self":[{"href":"https:\/\/alzira.es\/es\/wp-json\/wp\/v2\/posts\/53731","targetHints":{"allow":["GET"]}}],"collection":[{"href":"https:\/\/alzira.es\/es\/wp-json\/wp\/v2\/posts"}],"about":[{"href":"https:\/\/alzira.es\/es\/wp-json\/wp\/v2\/types\/post"}],"author":[{"embeddable":true,"href":"https:\/\/alzira.es\/es\/wp-json\/wp\/v2\/users\/29"}],"replies":[{"embeddable":true,"href":"https:\/\/alzira.es\/es\/wp-json\/wp\/v2\/comments?post=53731"}],"version-history":[{"count":0,"href":"https:\/\/alzira.es\/es\/wp-json\/wp\/v2\/posts\/53731\/revisions"}],"wp:featuredmedia":[{"embeddable":true,"href":"https:\/\/alzira.es\/es\/wp-json\/wp\/v2\/media\/53727"}],"wp:attachment":[{"href":"https:\/\/alzira.es\/es\/wp-json\/wp\/v2\/media?parent=53731"}],"wp:term":[{"taxonomy":"category","embeddable":true,"href":"https:\/\/alzira.es\/es\/wp-json\/wp\/v2\/categories?post=53731"},{"taxonomy":"post_tag","embeddable":true,"href":"https:\/\/alzira.es\/es\/wp-json\/wp\/v2\/tags?post=53731"}],"curies":[{"name":"wp","href":"https:\/\/api.w.org\/{rel}","templated":true}]}}