{"id":53694,"date":"2021-02-26T14:58:12","date_gmt":"2021-02-26T13:58:12","guid":{"rendered":"https:\/\/alzira.es\/el-gimnas-a-casa-ja-te-4-000-reproduccions-2\/"},"modified":"2021-02-26T14:58:12","modified_gmt":"2021-02-26T13:58:12","slug":"el-gimnas-a-casa-ja-te-4-000-reproduccions-2","status":"publish","type":"post","link":"https:\/\/alzira.es\/es\/el-gimnas-a-casa-ja-te-4-000-reproduccions-2\/","title":{"rendered":"El gimn\u00e0s a casa ja t\u00e9 4.000 reproduccions"},"content":{"rendered":"<p>Davant la impossibilitat de mantindre obertes les instal\u00b7lacions esportives, per causes sanit\u00e0ries<strong> el passat 25 de gener<\/strong>, la Regidoria d&#8217;Esports va ha reprendre la iniciativa del gimn\u00e0s a casa.<\/p>\n<p>Es tracta de <strong>v\u00eddeos amb rutines esportives<\/strong> de pilates, cardio, aerobox, tonificaci\u00f3, estiraments i gap, <strong>impartides per Javier Enguix<\/strong>, <strong>Toni Palacios<\/strong>, <strong>Sonia Moya<\/strong>,<strong> David Gim\u00e9nez<\/strong>, i <strong>Majo Monerri<\/strong>, monitors de la Piscina Municipal Coberta d&#8217;Alzira.<\/p>\n<p>Esta iniciativa s&#8217;inici\u00e0 fa uns mesos com a conseq\u00fc\u00e8ncia del confinament total al qual hem estat sotmesos per poder fer front a la pand\u00e8mia de la Covid-19. Actualment les reproduccions dels v\u00eddeos publicats a les xarxes socials del Departament d&#8217;Esports estan donant uns resultats magn\u00edfics, <strong>aplegant algunes de les propostes a les 4.000 reproduccions<\/strong>.<\/p>\n<p><em>\u00abA partir del dilluns 1 de mar\u00e7 s&#8217;iniciar\u00e0 una nova desescalada gradual, per\u00f2 el decret de la Generalitat continua prohibint l&#8217;obertura del gimn\u00e0s, per la qual cosa la Regidoria d&#8217;Esports es continuar\u00e0 facilitant les tasques esportives a totes i tots els que vulguen practicar l&#8217;esport per mitj\u00e0 de la iniciativa del gimn\u00e0s a casa\u00bb<\/em>, segons el regidor encarregat de l&#8217;\u00e0rea d&#8217;Esports, <strong>Fernando Pascual<\/strong>.<\/p>\n<p style=\"text-align: center;\"><img fetchpriority=\"high\" decoding=\"async\" class=\" size-full wp-image-53691\" src=\"https:\/\/alzira.es\/wp-content\/uploads\/2021\/02\/gimnas_a_casa.jpg\" alt=\"gimn\u00e0s a casa\" width=\"1000\" height=\"560\" srcset=\"https:\/\/alzira.es\/wp-content\/uploads\/2021\/02\/gimnas_a_casa.jpg 1080w, https:\/\/alzira.es\/wp-content\/uploads\/2021\/02\/gimnas_a_casa-680x381.jpg 680w, https:\/\/alzira.es\/wp-content\/uploads\/2021\/02\/gimnas_a_casa-768x430.jpg 768w\" sizes=\"(max-width: 706px) 89vw, (max-width: 767px) 82vw, 740px\" \/><\/p>\n","protected":false},"excerpt":{"rendered":"<p>Davant la impossibilitat de mantindre obertes les instal\u00b7lacions esportives, per causes sanit\u00e0ries el passat 25 de gener, la Regidoria d&#8217;Esports va ha reprendre la iniciativa del gimn\u00e0s a casa. Es tracta de v\u00eddeos amb rutines esportives de pilates, cardio, aerobox, tonificaci\u00f3, estiraments i gap, impartides per Javier Enguix, Toni Palacios, Sonia Moya, David Gim\u00e9nez, i &hellip; <\/p>\n<p class=\"link-more\"><a href=\"https:\/\/alzira.es\/es\/el-gimnas-a-casa-ja-te-4-000-reproduccions-2\/\" class=\"more-link\">Continuar leyendo<span class=\"screen-reader-text\"> \u00abEl gimn\u00e0s a casa ja t\u00e9 4.000 reproduccions\u00bb<\/span><\/a><\/p>\n","protected":false},"author":29,"featured_media":53691,"comment_status":"","ping_status":"","sticky":false,"template":"","format":"standard","meta":{"_acf_changed":false,"footnotes":""},"categories":[],"tags":[],"class_list":["post-53694","post","type-post","status-publish","format-standard","has-post-thumbnail","hentry"],"acf":[],"_links":{"self":[{"href":"https:\/\/alzira.es\/es\/wp-json\/wp\/v2\/posts\/53694","targetHints":{"allow":["GET"]}}],"collection":[{"href":"https:\/\/alzira.es\/es\/wp-json\/wp\/v2\/posts"}],"about":[{"href":"https:\/\/alzira.es\/es\/wp-json\/wp\/v2\/types\/post"}],"author":[{"embeddable":true,"href":"https:\/\/alzira.es\/es\/wp-json\/wp\/v2\/users\/29"}],"replies":[{"embeddable":true,"href":"https:\/\/alzira.es\/es\/wp-json\/wp\/v2\/comments?post=53694"}],"version-history":[{"count":0,"href":"https:\/\/alzira.es\/es\/wp-json\/wp\/v2\/posts\/53694\/revisions"}],"wp:featuredmedia":[{"embeddable":true,"href":"https:\/\/alzira.es\/es\/wp-json\/wp\/v2\/media\/53691"}],"wp:attachment":[{"href":"https:\/\/alzira.es\/es\/wp-json\/wp\/v2\/media?parent=53694"}],"wp:term":[{"taxonomy":"category","embeddable":true,"href":"https:\/\/alzira.es\/es\/wp-json\/wp\/v2\/categories?post=53694"},{"taxonomy":"post_tag","embeddable":true,"href":"https:\/\/alzira.es\/es\/wp-json\/wp\/v2\/tags?post=53694"}],"curies":[{"name":"wp","href":"https:\/\/api.w.org\/{rel}","templated":true}]}}