{"id":53693,"date":"2021-02-26T14:58:12","date_gmt":"2021-02-26T13:58:12","guid":{"rendered":"https:\/\/alzira.es\/el-gimnas-a-casa-ja-te-4-000-reproduccions\/"},"modified":"2021-02-26T14:58:12","modified_gmt":"2021-02-26T13:58:12","slug":"el-gimnas-a-casa-ja-te-4-000-reproduccions","status":"publish","type":"post","link":"https:\/\/alzira.es\/es\/el-gimnas-a-casa-ja-te-4-000-reproduccions\/","title":{"rendered":"El gimnasio en casa ya tiene 4.000 reproducciones"},"content":{"rendered":"<p style=\"text-align: left;\">Ante la imposibilidad de mantener abiertas las instalaciones deportivas, por causas sanitarias <strong>el pasado 25 de enero<\/strong>, la Concejal\u00eda de Deportes va ha retomar la iniciativa del gimnasio a casa.<\/p>\n<p>Se trata de <strong>videos con rutinas deportivas<\/strong> de pilates, cardio, aerobox, tonificaci\u00f3n, estiramientos y gap, impartidas por <strong>Javier Enguix<\/strong>, <strong>Toni Palacios<\/strong>, <strong>Sonia Moya<\/strong>, <strong>David Gim\u00e9nez<\/strong>, y <strong>Majo Monerri<\/strong>, monitores de la Piscina Municipal Cubierta de Alzira.<\/p>\n<p>Esta iniciativa se inici\u00f3 hace unos meses como consecuencia del confinamiento total al cual hemos sido sometidos para poder hacer frente a la pandemia de la Covid-19. Actualmente las reproducciones de los videos publicados en las redes sociales del Departamento de Deportes est\u00e1n dando unos resultados magn\u00edficos, <strong>reuniendo algunas de las propuestas a las 4.000 reproducciones<\/strong>.<\/p>\n<p><em>\u00abA partir del lunes 1 de marzo se iniciar\u00e1 una nueva desescalada gradual, pero el decreto de la Generalitat contin\u00faa prohibiendo la apertura del gimnasio, por lo cual la Concejal\u00eda de Deportes se continuar\u00e1 facilitando las tareas deportivas a todas y todos los que quieran practicar el deporte por medio de la iniciativa del gimnasio a casa\u00bb<\/em>, seg\u00fan el regidor encargado del \u00e1rea de Deportes, <strong>Fernando Pascual.<\/strong><\/p>\n<p style=\"text-align: center;\"><img fetchpriority=\"high\" decoding=\"async\" class=\" size-full wp-image-53691\" src=\"https:\/\/alzira.es\/wp-content\/uploads\/2021\/02\/gimnas_a_casa.jpg\" alt=\"gimn\u00e0s a casa\" width=\"1000\" height=\"560\" srcset=\"https:\/\/alzira.es\/wp-content\/uploads\/2021\/02\/gimnas_a_casa.jpg 1080w, https:\/\/alzira.es\/wp-content\/uploads\/2021\/02\/gimnas_a_casa-680x381.jpg 680w, https:\/\/alzira.es\/wp-content\/uploads\/2021\/02\/gimnas_a_casa-768x430.jpg 768w\" sizes=\"(max-width: 706px) 89vw, (max-width: 767px) 82vw, 740px\" \/><\/p>\n","protected":false},"excerpt":{"rendered":"<p>Ante la imposibilidad de mantener abiertas las instalaciones deportivas, por causas sanitarias el pasado 25 de enero, la Concejal\u00eda de Deportes va ha retomar la iniciativa del gimnasio a casa. Se trata de videos con rutinas deportivas de pilates, cardio, aerobox, tonificaci\u00f3n, estiramientos y gap, impartidas por Javier Enguix, Toni Palacios, Sonia Moya, David Gim\u00e9nez, &hellip; <\/p>\n<p class=\"link-more\"><a href=\"https:\/\/alzira.es\/es\/el-gimnas-a-casa-ja-te-4-000-reproduccions\/\" class=\"more-link\">Continuar leyendo<span class=\"screen-reader-text\"> \u00abEl gimnasio en casa ya tiene 4.000 reproducciones\u00bb<\/span><\/a><\/p>\n","protected":false},"author":29,"featured_media":53691,"comment_status":"","ping_status":"","sticky":false,"template":"","format":"standard","meta":{"_acf_changed":false,"footnotes":""},"categories":[4936],"tags":[],"class_list":["post-53693","post","type-post","status-publish","format-standard","has-post-thumbnail","hentry","category-hemeroteca-es"],"acf":[],"_links":{"self":[{"href":"https:\/\/alzira.es\/es\/wp-json\/wp\/v2\/posts\/53693","targetHints":{"allow":["GET"]}}],"collection":[{"href":"https:\/\/alzira.es\/es\/wp-json\/wp\/v2\/posts"}],"about":[{"href":"https:\/\/alzira.es\/es\/wp-json\/wp\/v2\/types\/post"}],"author":[{"embeddable":true,"href":"https:\/\/alzira.es\/es\/wp-json\/wp\/v2\/users\/29"}],"replies":[{"embeddable":true,"href":"https:\/\/alzira.es\/es\/wp-json\/wp\/v2\/comments?post=53693"}],"version-history":[{"count":0,"href":"https:\/\/alzira.es\/es\/wp-json\/wp\/v2\/posts\/53693\/revisions"}],"wp:featuredmedia":[{"embeddable":true,"href":"https:\/\/alzira.es\/es\/wp-json\/wp\/v2\/media\/53691"}],"wp:attachment":[{"href":"https:\/\/alzira.es\/es\/wp-json\/wp\/v2\/media?parent=53693"}],"wp:term":[{"taxonomy":"category","embeddable":true,"href":"https:\/\/alzira.es\/es\/wp-json\/wp\/v2\/categories?post=53693"},{"taxonomy":"post_tag","embeddable":true,"href":"https:\/\/alzira.es\/es\/wp-json\/wp\/v2\/tags?post=53693"}],"curies":[{"name":"wp","href":"https:\/\/api.w.org\/{rel}","templated":true}]}}