{"id":53690,"date":"2021-02-26T12:04:50","date_gmt":"2021-02-26T11:04:50","guid":{"rendered":"https:\/\/alzira.es\/alzira-fa-una-valoracio-positiva-del-projecte-pilot-de-trituracio-de-restes-de-poda-2\/"},"modified":"2021-02-26T12:04:50","modified_gmt":"2021-02-26T11:04:50","slug":"alzira-fa-una-valoracio-positiva-del-projecte-pilot-de-trituracio-de-restes-de-poda-2","status":"publish","type":"post","link":"https:\/\/alzira.es\/es\/alzira-fa-una-valoracio-positiva-del-projecte-pilot-de-trituracio-de-restes-de-poda-2\/","title":{"rendered":"Alzira fa una valoraci\u00f3 positiva del projecte pilot de trituraci\u00f3 de restes de poda"},"content":{"rendered":"<p><strong>L&#8217;Ajuntament d&#8217;Alzira i la Cooperativa agr\u00edcola Alzicoop<\/strong> valoren positivament els resultats obtinguts en el<strong> projecte pilot<\/strong> de cooperaci\u00f3 <em>\u00abPrevenci\u00f3 d&#8217;incendis forestals en l&#8217;entorn agr\u00edcola del paratge natural municipal Murta i Casella\u00bb<\/em>. L&#8217;objectiu fonamental d&#8217;aquest projecte ha estat buscar alternatives viables a la crema, des del punt de vista t\u00e8cnic i econ\u00f2mic, per a la <strong>gesti\u00f3 de les restes de poda en les zones agr\u00edcoles pr\u00f2ximes al paratge i que presenten major risc per incendi forestal<\/strong>.<\/p>\n<p>Mitjan\u00e7ant este projecte, subvencionat al 80% amb les ajudes aportades per la Conselleria d&#8217;Agricultura, Desenvolupament Rural, Emerg\u00e8ncia Clim\u00e0tica i Transici\u00f3 Ecol\u00f2gica en el marc del programa desenvolupament rural de la Comunitat Valenciana 2014-2020, s&#8217;ha pogut oferir el<strong> servei gratu\u00eft de trituraci\u00f3 de restes de poda agr\u00edcola durant els anys 2.019 i 2.020 als llauradors que s&#8217;adheriren volunt\u00e0riament a la iniciativa<\/strong>.<\/p>\n<p><em>\u00abAmb esta experi\u00e8ncia pilot, obtenim resultats que s\u00f3n determinants per a poder consolidar i adaptar la trituraci\u00f3 de restes de poda agr\u00edcola com a eina de gesti\u00f3 efica\u00e7 i viable, adaptada a les caracter\u00edstiques de les explotacions agr\u00edcoles existents en la interf\u00edcie agr\u00edcola forestal del paratge natural municipal \u00abMurta-Casella\u00bb. Per al llaurador, la trituraci\u00f3 pot ser molt bona opci\u00f3, amb bons rendiments tant pel treball com en costos\u00bb<\/em>, ha explicat el regidor,<strong> Pep Carreres<\/strong><\/p>\n<p>S&#8217;han provat i comparat diferents sistemes de trituraci\u00f3 de restes de poda en camp, determinant-se els valors \u00f2ptims de funcionament segons els par\u00e0metres b\u00e0sics que intervenen en la efici\u00e8ncia d&#8217;aquest proc\u00e9s, que s\u00f3n:<\/p>\n<p style=\"margin-left: 30px;\">&#8211; <em>Pel que fa a la maquin\u00e0ria:<\/em> Caracter\u00edstiques t\u00e8cniques de la que m\u00e9s s&#8217;adapta a les condicions f\u00edsiques dels abancalaments.<br \/>&#8211; <em>Infraestructures:<\/em> Adaptacions b\u00e0siques que han de tindre les explotacions agr\u00edcoles abancalades per a poder assumir la trituraci\u00f3 en uns rendiments de treball acceptables.<br \/>&#8211; En quant al tipus de poda de l&#8217;arbratge, compatibilitat amb els sistemes de trituraci\u00f3 posteriors.<br \/>&#8211; <em>M\u00e8tode de treball:<\/em> trituraci\u00f3 in-situ per a millorar els rendiments del proc\u00e9s i aix\u00ed poder ser competitiu en preu respecte al m\u00e8tode tradicional de la crema.<\/p>\n<p>Aquesta informaci\u00f3 es podr\u00e0 consultar a l&#8217;apartat<span style=\"color: #b22222;\"><a href=\"https:\/\/sedeelectronica.alzira.es\/alzira_vpm\/index.php\/val\/component\/jdownloads\/finish\/56\/53358\" target=\"_blank\" rel=\"noopener\"><span style=\"color: #b22222;\"><strong> \u00abtauler d&#8217;anuncis\u00bb<\/strong><\/span><\/a><\/span> de la secci\u00f3 <strong>\u00abAdministraci\u00f3 24h\u00bb<\/strong> de la web de<strong> l&#8217;Ajuntament d&#8217;Alzira<\/strong>.&nbsp;<\/p>\n<p style=\"text-align: center;\">&nbsp; &nbsp; <img fetchpriority=\"high\" decoding=\"async\" class=\" size-full wp-image-53685\" src=\"https:\/\/alzira.es\/wp-content\/uploads\/2021\/02\/TRITURACIO_2.jpg\" alt=\"TRITURACI\u00d3 2\" width=\"628\" height=\"353\" srcset=\"https:\/\/alzira.es\/wp-content\/uploads\/2021\/02\/TRITURACIO_2.jpg 1600w, https:\/\/alzira.es\/wp-content\/uploads\/2021\/02\/TRITURACIO_2-680x383.jpg 680w, https:\/\/alzira.es\/wp-content\/uploads\/2021\/02\/TRITURACIO_2-1430x804.jpg 1430w, https:\/\/alzira.es\/wp-content\/uploads\/2021\/02\/TRITURACIO_2-768x432.jpg 768w, https:\/\/alzira.es\/wp-content\/uploads\/2021\/02\/TRITURACIO_2-1536x864.jpg 1536w\" sizes=\"(max-width: 628px) 100vw, 628px\" \/>&nbsp;<img decoding=\"async\" class=\"size-full wp-image-53687 lazyload\" data-src=\"https:\/\/alzira.es\/wp-content\/uploads\/2021\/02\/TRITURACIO_3.jpg\" alt=\"TRITURACI\u00d3 3\" width=\"627\" height=\"353\" data-srcset=\"https:\/\/alzira.es\/wp-content\/uploads\/2021\/02\/TRITURACIO_3.jpg 1600w, https:\/\/alzira.es\/wp-content\/uploads\/2021\/02\/TRITURACIO_3-680x383.jpg 680w, https:\/\/alzira.es\/wp-content\/uploads\/2021\/02\/TRITURACIO_3-1430x804.jpg 1430w, https:\/\/alzira.es\/wp-content\/uploads\/2021\/02\/TRITURACIO_3-768x432.jpg 768w, https:\/\/alzira.es\/wp-content\/uploads\/2021\/02\/TRITURACIO_3-1536x864.jpg 1536w\" data-sizes=\"(max-width: 627px) 100vw, 627px\" src=\"data:image\/svg+xml;base64,PHN2ZyB3aWR0aD0iMSIgaGVpZ2h0PSIxIiB4bWxucz0iaHR0cDovL3d3dy53My5vcmcvMjAwMC9zdmciPjwvc3ZnPg==\" style=\"--smush-placeholder-width: 627px; --smush-placeholder-aspect-ratio: 627\/353;\" \/><\/p>\n","protected":false},"excerpt":{"rendered":"<p>L&#8217;Ajuntament d&#8217;Alzira i la Cooperativa agr\u00edcola Alzicoop valoren positivament els resultats obtinguts en el projecte pilot de cooperaci\u00f3 \u00abPrevenci\u00f3 d&#8217;incendis forestals en l&#8217;entorn agr\u00edcola del paratge natural municipal Murta i Casella\u00bb. L&#8217;objectiu fonamental d&#8217;aquest projecte ha estat buscar alternatives viables a la crema, des del punt de vista t\u00e8cnic i econ\u00f2mic, per a la gesti\u00f3 &hellip; <\/p>\n<p class=\"link-more\"><a href=\"https:\/\/alzira.es\/es\/alzira-fa-una-valoracio-positiva-del-projecte-pilot-de-trituracio-de-restes-de-poda-2\/\" class=\"more-link\">Continuar leyendo<span class=\"screen-reader-text\"> \u00abAlzira fa una valoraci\u00f3 positiva del projecte pilot de trituraci\u00f3 de restes de poda\u00bb<\/span><\/a><\/p>\n","protected":false},"author":29,"featured_media":53685,"comment_status":"","ping_status":"","sticky":false,"template":"","format":"standard","meta":{"_acf_changed":false,"footnotes":""},"categories":[],"tags":[],"class_list":["post-53690","post","type-post","status-publish","format-standard","has-post-thumbnail","hentry"],"acf":[],"_links":{"self":[{"href":"https:\/\/alzira.es\/es\/wp-json\/wp\/v2\/posts\/53690","targetHints":{"allow":["GET"]}}],"collection":[{"href":"https:\/\/alzira.es\/es\/wp-json\/wp\/v2\/posts"}],"about":[{"href":"https:\/\/alzira.es\/es\/wp-json\/wp\/v2\/types\/post"}],"author":[{"embeddable":true,"href":"https:\/\/alzira.es\/es\/wp-json\/wp\/v2\/users\/29"}],"replies":[{"embeddable":true,"href":"https:\/\/alzira.es\/es\/wp-json\/wp\/v2\/comments?post=53690"}],"version-history":[{"count":0,"href":"https:\/\/alzira.es\/es\/wp-json\/wp\/v2\/posts\/53690\/revisions"}],"wp:featuredmedia":[{"embeddable":true,"href":"https:\/\/alzira.es\/es\/wp-json\/wp\/v2\/media\/53685"}],"wp:attachment":[{"href":"https:\/\/alzira.es\/es\/wp-json\/wp\/v2\/media?parent=53690"}],"wp:term":[{"taxonomy":"category","embeddable":true,"href":"https:\/\/alzira.es\/es\/wp-json\/wp\/v2\/categories?post=53690"},{"taxonomy":"post_tag","embeddable":true,"href":"https:\/\/alzira.es\/es\/wp-json\/wp\/v2\/tags?post=53690"}],"curies":[{"name":"wp","href":"https:\/\/api.w.org\/{rel}","templated":true}]}}