{"id":53684,"date":"2021-02-26T11:35:30","date_gmt":"2021-02-26T10:35:30","guid":{"rendered":"https:\/\/alzira.es\/alzira-reobri-els-parcs-i-recupera-l-activitat-cultural-2\/"},"modified":"2021-02-26T11:35:30","modified_gmt":"2021-02-26T10:35:30","slug":"alzira-reobri-els-parcs-i-recupera-l-activitat-cultural-2","status":"publish","type":"post","link":"https:\/\/alzira.es\/es\/alzira-reobri-els-parcs-i-recupera-l-activitat-cultural-2\/","title":{"rendered":"Alzira reobri els parcs i recupera l\u2019activitat cultural"},"content":{"rendered":"<h3><em>\u2022 Finalitza la pr\u00f2rroga de mesures locals<\/em><br \/><em>\u2022 La Generalitat dicta noves mesures auton\u00f2miques<\/em><\/h3>\n<p>Despr\u00e9s de l&#8217;evoluci\u00f3 favorable de les \u00faltimes setmanes, <strong><span style=\"color: #8b0000;\">l&#8217;Ajuntament d&#8217;Alzira<\/span><\/strong> no continuar\u00e0 amb les mesures restrictives locals. D&#8217;esta manera, <strong>a partir de dilluns 1 de mar\u00e7 a les 00 hores<\/strong>,<strong> finalitza la vig\u00e8ncia de les mesures que estaven prorrogades a l&#8217;\u00e0mbit municipal<\/strong> i queda sense efecte el ban del passat dia 10 de gener i per tant:<\/p>\n<p style=\"margin-left: 30px;\">\u2022 S&#8217;obrin els parcs, jardins i zones de joc infantils de la nostra ciutat.<br \/>\u2022 S&#8217;obrin les instal\u00b7lacions esportives municipals a l&#8217;aire lliure.<br \/>\u2022 Es recupera l&#8217;activitat cultural, d&#8217;oci, espectacles i de joventut.<\/p>\n<p>Per la seua banda, des del punt de vista auton\u00f2mic, <strong>el Consell autoritza la reobertura de l&#8217;hostaleria en terrasses<\/strong>,<strong> fins a les 18.00 hores<\/strong>, i anuncia que, <strong>a partir del primer cap de setmana de mar\u00e7<\/strong>, <strong>es decreta l&#8217;al\u00e7ament del tancament perimetral dels municipis de m\u00e9s de 50.000 habitants<\/strong>. La mesa interdepartamental de la Generalitat ha acordat noves mesures que entraran en vigor el pr\u00f2xim dilluns, 1 de mar\u00e7, per a la contenci\u00f3 y prevenci\u00f3 de la Covid-19.<\/p>\n<p>A partir d&#8217;esta data, es permetran les reunions de fins a quatre persones tant en el carrer com en els bars i restaurants, per\u00f2 recorden que encara queden prohibides les reunions socials entre no convivents a l&#8217;\u00e0mbit privat.<strong> Els comer\u00e7os no essencials ampliaran els seus horaris fins a les 20.00 hores<\/strong> i l&#8217;aforament, tant en estos espais com en altres i a l&#8217;aire lliure s&#8217;incrementa fins al 50%. Els parcs i jardins tornaran a obrir i l&#8217;esport en espais oberts torna a ser possible sense l&#8217;obligatorietat de portar la mascareta.<\/p>\n<p>Per contra, <strong>es prorroga el tancament perimetral a tota la Comunitat Valenciana i el toc de queda es mantindr\u00e0 des de les 22.00 hores fins a les 06.00 hores<\/strong>.<\/p>\n<p><span style=\"text-decoration: underline;\">Resum de mesures auton\u00f2miques <strong>a partir de l&#8217;1 de mar\u00e7<\/strong><\/span><\/p>\n<p style=\"margin-left: 30px;\">\u2022 En l&#8217;hostaleria, les terrasses poden obrir fins a les 18 h<br \/>\u2022 El comer\u00e7 no esencial amplia l&#8217;horari d&#8217;obertura fins a les 20 h, amb limitaci\u00b4\u00e7o d&#8217;aforament del 50%.<br \/>\u2022 Limitaci\u00f3 de 4 persones en espais p\u00fablics i limitaci\u00f3 de les persones del nucli de conviv\u00e8ncia en espais privats<br \/>\u2022 La Comunitat Valenciana perimetrada. Decau el perimetratge dels municipis de m\u00e9s de 50.000 habitants<br \/>\u2022 Perm\u00e9s l&#8217;esport a l&#8217;aire lliure<br \/>\u2022 Limitaci\u00f3 de mobilitat nocturna de 22 a 6 hores<br \/>\u2022 Este decret entra<strong> en vigor durant 14 dies<\/strong>,<strong> fins a les 23.59 del 14 de mar\u00e7<\/strong><\/p>\n<p><span style=\"color: #8b0000;\"><strong><a href=\"https:\/\/www.dogv.gva.es\/datos\/2021\/02\/26\/pdf\/2021_1853.pdf\" target=\"_blank\" rel=\"noopener\"><span style=\"color: #8b0000;\">Enlla\u00e7<\/span><\/a><\/strong><\/span> al decret de Presid\u00e8ncia:<\/p>\n<p><span style=\"color: #8b0000;\"><strong><a href=\"https:\/\/www.dogv.gva.es\/datos\/2021\/02\/26\/pdf\/2021_1854.pdf\" target=\"_blank\" rel=\"noopener\"><span style=\"color: #8b0000;\">Enlla\u00e7<\/span><\/a><\/strong><\/span> a la resoluci\u00f3 de Conselleria de Sanitat<\/p>\n<p style=\"text-align: center;\"><img fetchpriority=\"high\" decoding=\"async\" class=\" size-full wp-image-53681\" src=\"https:\/\/alzira.es\/wp-content\/uploads\/2021\/02\/mesures1-14_de_marc_val.png\" alt=\"mesures1-14 de mar\u00e7 val\" width=\"918\" height=\"517\" srcset=\"https:\/\/alzira.es\/wp-content\/uploads\/2021\/02\/mesures1-14_de_marc_val.png 1920w, https:\/\/alzira.es\/wp-content\/uploads\/2021\/02\/mesures1-14_de_marc_val-680x383.png 680w, https:\/\/alzira.es\/wp-content\/uploads\/2021\/02\/mesures1-14_de_marc_val-1430x804.png 1430w, https:\/\/alzira.es\/wp-content\/uploads\/2021\/02\/mesures1-14_de_marc_val-768x432.png 768w, https:\/\/alzira.es\/wp-content\/uploads\/2021\/02\/mesures1-14_de_marc_val-1536x864.png 1536w\" sizes=\"(max-width: 706px) 89vw, (max-width: 767px) 82vw, 740px\" \/><\/p>\n<p style=\"text-align: center;\">&nbsp;<\/p>\n","protected":false},"excerpt":{"rendered":"<p>\u2022 Finalitza la pr\u00f2rroga de mesures locals\u2022 La Generalitat dicta noves mesures auton\u00f2miques Despr\u00e9s de l&#8217;evoluci\u00f3 favorable de les \u00faltimes setmanes, l&#8217;Ajuntament d&#8217;Alzira no continuar\u00e0 amb les mesures restrictives locals. D&#8217;esta manera, a partir de dilluns 1 de mar\u00e7 a les 00 hores, finalitza la vig\u00e8ncia de les mesures que estaven prorrogades a l&#8217;\u00e0mbit municipal &hellip; <\/p>\n<p class=\"link-more\"><a href=\"https:\/\/alzira.es\/es\/alzira-reobri-els-parcs-i-recupera-l-activitat-cultural-2\/\" class=\"more-link\">Continuar leyendo<span class=\"screen-reader-text\"> \u00abAlzira reobri els parcs i recupera l\u2019activitat cultural\u00bb<\/span><\/a><\/p>\n","protected":false},"author":29,"featured_media":53681,"comment_status":"","ping_status":"","sticky":false,"template":"","format":"standard","meta":{"_acf_changed":false,"footnotes":""},"categories":[],"tags":[],"class_list":["post-53684","post","type-post","status-publish","format-standard","has-post-thumbnail","hentry"],"acf":[],"_links":{"self":[{"href":"https:\/\/alzira.es\/es\/wp-json\/wp\/v2\/posts\/53684","targetHints":{"allow":["GET"]}}],"collection":[{"href":"https:\/\/alzira.es\/es\/wp-json\/wp\/v2\/posts"}],"about":[{"href":"https:\/\/alzira.es\/es\/wp-json\/wp\/v2\/types\/post"}],"author":[{"embeddable":true,"href":"https:\/\/alzira.es\/es\/wp-json\/wp\/v2\/users\/29"}],"replies":[{"embeddable":true,"href":"https:\/\/alzira.es\/es\/wp-json\/wp\/v2\/comments?post=53684"}],"version-history":[{"count":0,"href":"https:\/\/alzira.es\/es\/wp-json\/wp\/v2\/posts\/53684\/revisions"}],"wp:featuredmedia":[{"embeddable":true,"href":"https:\/\/alzira.es\/es\/wp-json\/wp\/v2\/media\/53681"}],"wp:attachment":[{"href":"https:\/\/alzira.es\/es\/wp-json\/wp\/v2\/media?parent=53684"}],"wp:term":[{"taxonomy":"category","embeddable":true,"href":"https:\/\/alzira.es\/es\/wp-json\/wp\/v2\/categories?post=53684"},{"taxonomy":"post_tag","embeddable":true,"href":"https:\/\/alzira.es\/es\/wp-json\/wp\/v2\/tags?post=53684"}],"curies":[{"name":"wp","href":"https:\/\/api.w.org\/{rel}","templated":true}]}}