{"id":53683,"date":"2021-02-26T11:35:30","date_gmt":"2021-02-26T10:35:30","guid":{"rendered":"https:\/\/alzira.es\/alzira-reobri-els-parcs-i-recupera-l-activitat-cultural\/"},"modified":"2021-02-26T11:35:30","modified_gmt":"2021-02-26T10:35:30","slug":"alzira-reobri-els-parcs-i-recupera-l-activitat-cultural","status":"publish","type":"post","link":"https:\/\/alzira.es\/es\/alzira-reobri-els-parcs-i-recupera-l-activitat-cultural\/","title":{"rendered":"Alzira reabre los parques y recupera la actividad cultural"},"content":{"rendered":"<h3><em>\u2022 Finaliza la pr\u00f3rroga de medidas locales<\/em><br \/><em>\u2022 La Generalitat dicta nuevas medidas auton\u00f3micas<\/em><\/h3>\n<p>Despu\u00e9s de la evoluci\u00f3n favorable de las \u00faltimas semanas, el <span style=\"color: #b22222;\"><strong>Ayuntamiento de Alzira<\/strong><\/span> no continuar\u00e1 con las medidas restrictivas locales. De esta manera,<strong> a partir de lunes 1 de marzo a las 00 horas, finaliza la vigencia de las medidas que estaban prorrogadas al \u00e1mbito municipal<\/strong> y queda sin efecto el bando del pasado d\u00eda 10 de enero y por tanto:<\/p>\n<p style=\"margin-left: 30px;\">\u2022 Se abren los parques, jardines y zonas de juego infantiles de nuestra ciudad.<br \/>\u2022 Se abren las instalaciones deportivas municipales al aire libre.<br \/>\u2022 Se recupera la actividad cultural, de ocio, espect\u00e1culos y de juventud.<\/p>\n<p>Por su parte, desde el punto de vista auton\u00f3mico, <strong>el Consejo autoriza la reapertura de la hosteler\u00eda en terrazas, hasta las 18.00 horas<\/strong>, y anuncia que, <strong>a partir del primer fin de semana de marzo, se decreta el alzamiento del cierre perimetral de los municipios de m\u00e1s de 50.000 habitantes.<\/strong> La mesa interdepartamental de la Generalitat ha acordado nuevas medidas que entrar\u00e1n en vigor el pr\u00f3ximo lunes, 1 de marzo, para la contenci\u00f3n y prevenci\u00f3n de la Covid-19.<\/p>\n<p>A partir de esta fecha, se permitir\u00e1n las reuniones de hasta cuatro personas tanto en la calle como en los bares y restaurantes, pero recuerdan que todav\u00eda quedan prohibidas las reuniones sociales entre no convivientes al \u00e1mbito privado.<strong> Los comercios no esenciales ampliar\u00e1n sus horarios hasta las 20.00 horas<\/strong> y el aforo, tanto en estos espacios como en otros y al aire libre se incrementa hasta el 50%. Los parques y jardines volver\u00e1n a abrir y el deporte en espacios abiertos vuelve a ser posible sin la obligatoriedad de llevar la mascarilla.<\/p>\n<p>Por el contrario, <strong>se prorroga el cierre perimetral en toda la Comunidad Valenciana y el toque de queda se mantendr\u00e1 desde las 22.00 horas hasta las 06.00 horas<\/strong>.<\/p>\n<p><span style=\"text-decoration: underline;\">Resumen de medidas auton\u00f3micas <strong>a partir del 1 de marzo<\/strong><\/span><\/p>\n<p style=\"margin-left: 30px;\">\u2022 En la hosteler\u00eda, las terrazas pueden abrir hasta las 18 h<br \/>\u2022 El comercio no esencial ampl\u00eda el horario de apertura hasta las 20 h, con limitaci\u00f3n de aforo del 50%.<br \/>\u2022 Limitaci\u00f3n de 4 personas en espacios p\u00fablicos y limitaci\u00f3n de las personas del n\u00facleo de convivencia en espacios privados<br \/>\u2022 La Comunidad Valenciana perimetrada. Decae el perimetraje de los municipios de m\u00e1s de 50.000 habitantes<br \/>\u2022 Permitido el deporte al aire libre<br \/>\u2022 Limitaci\u00f3n de movilidad nocturna de 22 a 6 horas<br \/>\u2022 Este decreto entra <strong>en vigor durante 14 d\u00edas, hasta las 23.59 del 14 de marzo<\/strong><\/p>\n<p><span style=\"color: #b22222;\"><strong><a href=\"https:\/\/www.dogv.gva.es\/datos\/2021\/02\/26\/pdf\/2021_1853.pdf\" target=\"_blank\" rel=\"noopener\"><span style=\"color: #b22222;\">Enlace<\/span><\/a><\/strong><\/span> al decreto de Presidencia<\/p>\n<p><span style=\"color: #b22222;\"><strong><a href=\"https:\/\/www.dogv.gva.es\/datos\/2021\/02\/26\/pdf\/2021_1854.pdf\" target=\"_blank\" rel=\"noopener\"><span style=\"color: #b22222;\">Enlace<\/span><\/a><\/strong><\/span> a la resoluci\u00f3n de Conseller\u00eda de Sanidad<\/p>\n<p style=\"text-align: center;\"><img fetchpriority=\"high\" decoding=\"async\" class=\" size-full wp-image-53681\" src=\"https:\/\/alzira.es\/wp-content\/uploads\/2021\/02\/mesures1-14_de_marc_val.png\" alt=\"mesures1-14 de mar\u00e7 val\" width=\"918\" height=\"517\" srcset=\"https:\/\/alzira.es\/wp-content\/uploads\/2021\/02\/mesures1-14_de_marc_val.png 1920w, https:\/\/alzira.es\/wp-content\/uploads\/2021\/02\/mesures1-14_de_marc_val-680x383.png 680w, https:\/\/alzira.es\/wp-content\/uploads\/2021\/02\/mesures1-14_de_marc_val-1430x804.png 1430w, https:\/\/alzira.es\/wp-content\/uploads\/2021\/02\/mesures1-14_de_marc_val-768x432.png 768w, https:\/\/alzira.es\/wp-content\/uploads\/2021\/02\/mesures1-14_de_marc_val-1536x864.png 1536w\" sizes=\"(max-width: 706px) 89vw, (max-width: 767px) 82vw, 740px\" \/><\/p>\n<p style=\"text-align: center;\">&nbsp;<\/p>\n","protected":false},"excerpt":{"rendered":"<p>\u2022 Finaliza la pr\u00f3rroga de medidas locales\u2022 La Generalitat dicta nuevas medidas auton\u00f3micas Despu\u00e9s de la evoluci\u00f3n favorable de las \u00faltimas semanas, el Ayuntamiento de Alzira no continuar\u00e1 con las medidas restrictivas locales. De esta manera, a partir de lunes 1 de marzo a las 00 horas, finaliza la vigencia de las medidas que estaban &hellip; <\/p>\n<p class=\"link-more\"><a href=\"https:\/\/alzira.es\/es\/alzira-reobri-els-parcs-i-recupera-l-activitat-cultural\/\" class=\"more-link\">Continuar leyendo<span class=\"screen-reader-text\"> \u00abAlzira reabre los parques y recupera la actividad cultural\u00bb<\/span><\/a><\/p>\n","protected":false},"author":29,"featured_media":53681,"comment_status":"","ping_status":"","sticky":false,"template":"","format":"standard","meta":{"_acf_changed":false,"footnotes":""},"categories":[4936],"tags":[],"class_list":["post-53683","post","type-post","status-publish","format-standard","has-post-thumbnail","hentry","category-hemeroteca-es"],"acf":[],"_links":{"self":[{"href":"https:\/\/alzira.es\/es\/wp-json\/wp\/v2\/posts\/53683","targetHints":{"allow":["GET"]}}],"collection":[{"href":"https:\/\/alzira.es\/es\/wp-json\/wp\/v2\/posts"}],"about":[{"href":"https:\/\/alzira.es\/es\/wp-json\/wp\/v2\/types\/post"}],"author":[{"embeddable":true,"href":"https:\/\/alzira.es\/es\/wp-json\/wp\/v2\/users\/29"}],"replies":[{"embeddable":true,"href":"https:\/\/alzira.es\/es\/wp-json\/wp\/v2\/comments?post=53683"}],"version-history":[{"count":0,"href":"https:\/\/alzira.es\/es\/wp-json\/wp\/v2\/posts\/53683\/revisions"}],"wp:featuredmedia":[{"embeddable":true,"href":"https:\/\/alzira.es\/es\/wp-json\/wp\/v2\/media\/53681"}],"wp:attachment":[{"href":"https:\/\/alzira.es\/es\/wp-json\/wp\/v2\/media?parent=53683"}],"wp:term":[{"taxonomy":"category","embeddable":true,"href":"https:\/\/alzira.es\/es\/wp-json\/wp\/v2\/categories?post=53683"},{"taxonomy":"post_tag","embeddable":true,"href":"https:\/\/alzira.es\/es\/wp-json\/wp\/v2\/tags?post=53683"}],"curies":[{"name":"wp","href":"https:\/\/api.w.org\/{rel}","templated":true}]}}