{"id":53677,"date":"2021-02-25T13:39:08","date_gmt":"2021-02-25T12:39:08","guid":{"rendered":"https:\/\/alzira.es\/l-ajuntament-d-alzira-comenca-a-pagar-les-ajudes-del-pla-resistir-2\/"},"modified":"2021-02-25T13:39:08","modified_gmt":"2021-02-25T12:39:08","slug":"l-ajuntament-d-alzira-comenca-a-pagar-les-ajudes-del-pla-resistir-2","status":"publish","type":"post","link":"https:\/\/alzira.es\/es\/l-ajuntament-d-alzira-comenca-a-pagar-les-ajudes-del-pla-resistir-2\/","title":{"rendered":"L\u2019Ajuntament d\u2019Alzira comen\u00e7a a pagar les ajudes del pla Resistir"},"content":{"rendered":"<h3><em>\u2022 Hui \u00e9s l&#8217;\u00faltim dia per a sol\u00b7licitar esta ajuda a la seu electr\u00f2nica municipal<\/em><\/h3>\n<p><strong>L&#8217;Ajuntament d&#8217;Alzira inicia hui el pagament de les primeres ajudes tramitades del Pla Resistir<\/strong>. La setmana passada ja es va acordar la tramitaci\u00f3 de <strong>les primeres 57 sol\u00b7licituds, per un import de 135.000 euros.<\/strong><\/p>\n<p>Segons ha explicat l&#8217;alcalde de la ciutat,<strong> Diego G\u00f3mez<\/strong>, <em>\u00abestem complint amb la promesa i el comprom\u00eds d&#8217;este ajuntament per a donar resposta als negocis m\u00e9s afectats per la crisi econ\u00f2mica de la COVID, als sectors de l&#8217;hostaleria, la cultura, els esports o el turisme\u00bb<\/em>.<\/p>\n<p>En total s&#8217;han rebut fins al moment 317 des de l&#8217;inici del termini el passat dia 11 <em>\u00abJa hem tramitat i pagat les primeres ajudes per als sectors m\u00e9s afectats de la nostra ciutat. La Comissi\u00f3 es tornar\u00e0 a reunir el dimarts i la idea \u00e9s continuar valorant de manera que es puga fer efectiu els pagament complet d&#8217;estes ajudes dins de la primera quinzena de mar\u00e7\u00bb<\/em> ha explicat el regidor d&#8217;Hisenda <strong>Albert Furi\u00f3<\/strong>.<\/p>\n<p>D&#8217;altra banda, ha recordat que una vegada finalitzat tot el procediment d&#8217;adjudicaci\u00f3 de les ajudes, espera que els romanents que queden d&#8217;esta aportaci\u00f3 del Pla Resistir, com consta a les bases, es puguen destinar a subvencions per a altres sectors tamb\u00e9 afectats per la Covid-19.<\/p>\n<p><strong>El termini de presentaci\u00f3<\/strong> de sol\u00b7licituds<strong> finalitza hui 25 de febrer de 2021<\/strong> a la <a href=\"https:\/\/sedeelectronica.alzira.es\/alzira_vpm\/index.php\/val\/seu-electronica\" target=\"_blank\" rel=\"noopener\"><strong><span style=\"color: #b22222;\"><span style=\"color: #b22222;\">seu electr\u00f2nica <\/span><\/span><\/strong><\/a>de l&#8217;Ajuntament<a href=\"https:\/\/sedeelectronica.alzira.es\/alzira_vpm\/index.php\/val\/seu-electronica\" target=\"_blank\" rel=\"noopener\"><\/a>.<\/p>\n<p>Les ajudes de<strong> Pla Resistir<\/strong> Ajuntaments, <strong>s\u00f3n compatibles amb altres subvencions<\/strong>, ajudes, ingressos o recursos procedents de qualssevol administraci\u00f3 o ens p\u00fablics o privats nacional, de la Uni\u00f3 Europea o d&#8217;organismes internacionals, i concedits per a la mateixa finalitat, dirigides a cobrir despeses corrents des d&#8217;abril de 2020, tenen una <strong>quantitat fixa de 2.000\u20ac per cada<\/strong> persona treballadora <strong>aut\u00f2noma o microempresa<\/strong> amb un m\u00e0xim de 10 persones treballadores i d&#8217;una quantitat fixa de <strong>200\u20ac per persona treballadora afiliada a la Seguretat Social<\/strong> a data 31 de desembre de 2020 d&#8217;aquestes microempreses i persones treballadores aut\u00f2nomes.<\/p>\n<p><strong><span style=\"color: #b22222;\"><a href=\"https:\/\/alzira.es\/wp-content\/uploads\/2021\/02\/Convocatoria_ayudas_del_Plan_resistir.pdf\" target=\"_blank\" rel=\"noopener\"><span style=\"color: #b22222;\">Enlla\u00e7<\/span><\/a><\/span> <\/strong>a les bases.<\/p>\n<p><img fetchpriority=\"high\" decoding=\"async\" class=\" size-full wp-image-53674\" style=\"display: block; margin-left: auto; margin-right: auto;\" src=\"https:\/\/alzira.es\/wp-content\/uploads\/2021\/02\/comissio_pla_resistir.jpeg\" alt=\"comissio pla resistir\" width=\"1000\" height=\"750\" srcset=\"https:\/\/alzira.es\/wp-content\/uploads\/2021\/02\/comissio_pla_resistir.jpeg 1024w, https:\/\/alzira.es\/wp-content\/uploads\/2021\/02\/comissio_pla_resistir-680x510.jpeg 680w, https:\/\/alzira.es\/wp-content\/uploads\/2021\/02\/comissio_pla_resistir-768x576.jpeg 768w\" sizes=\"(max-width: 706px) 89vw, (max-width: 767px) 82vw, 740px\" \/><\/p>\n","protected":false},"excerpt":{"rendered":"<p>\u2022 Hui \u00e9s l&#8217;\u00faltim dia per a sol\u00b7licitar esta ajuda a la seu electr\u00f2nica municipal L&#8217;Ajuntament d&#8217;Alzira inicia hui el pagament de les primeres ajudes tramitades del Pla Resistir. La setmana passada ja es va acordar la tramitaci\u00f3 de les primeres 57 sol\u00b7licituds, per un import de 135.000 euros. Segons ha explicat l&#8217;alcalde de la &hellip; <\/p>\n<p class=\"link-more\"><a href=\"https:\/\/alzira.es\/es\/l-ajuntament-d-alzira-comenca-a-pagar-les-ajudes-del-pla-resistir-2\/\" class=\"more-link\">Continuar leyendo<span class=\"screen-reader-text\"> \u00abL\u2019Ajuntament d\u2019Alzira comen\u00e7a a pagar les ajudes del pla Resistir\u00bb<\/span><\/a><\/p>\n","protected":false},"author":29,"featured_media":0,"comment_status":"","ping_status":"","sticky":false,"template":"","format":"standard","meta":{"_acf_changed":false,"footnotes":""},"categories":[],"tags":[],"class_list":["post-53677","post","type-post","status-publish","format-standard","hentry"],"acf":[],"_links":{"self":[{"href":"https:\/\/alzira.es\/es\/wp-json\/wp\/v2\/posts\/53677","targetHints":{"allow":["GET"]}}],"collection":[{"href":"https:\/\/alzira.es\/es\/wp-json\/wp\/v2\/posts"}],"about":[{"href":"https:\/\/alzira.es\/es\/wp-json\/wp\/v2\/types\/post"}],"author":[{"embeddable":true,"href":"https:\/\/alzira.es\/es\/wp-json\/wp\/v2\/users\/29"}],"replies":[{"embeddable":true,"href":"https:\/\/alzira.es\/es\/wp-json\/wp\/v2\/comments?post=53677"}],"version-history":[{"count":0,"href":"https:\/\/alzira.es\/es\/wp-json\/wp\/v2\/posts\/53677\/revisions"}],"wp:attachment":[{"href":"https:\/\/alzira.es\/es\/wp-json\/wp\/v2\/media?parent=53677"}],"wp:term":[{"taxonomy":"category","embeddable":true,"href":"https:\/\/alzira.es\/es\/wp-json\/wp\/v2\/categories?post=53677"},{"taxonomy":"post_tag","embeddable":true,"href":"https:\/\/alzira.es\/es\/wp-json\/wp\/v2\/tags?post=53677"}],"curies":[{"name":"wp","href":"https:\/\/api.w.org\/{rel}","templated":true}]}}