{"id":53676,"date":"2021-02-25T13:39:08","date_gmt":"2021-02-25T12:39:08","guid":{"rendered":"https:\/\/alzira.es\/l-ajuntament-d-alzira-comenca-a-pagar-les-ajudes-del-pla-resistir\/"},"modified":"2021-02-25T13:39:08","modified_gmt":"2021-02-25T12:39:08","slug":"l-ajuntament-d-alzira-comenca-a-pagar-les-ajudes-del-pla-resistir","status":"publish","type":"post","link":"https:\/\/alzira.es\/es\/l-ajuntament-d-alzira-comenca-a-pagar-les-ajudes-del-pla-resistir\/","title":{"rendered":"El Ayuntamiento de Alzira empieza a pagar las ayudas del plan Resistir"},"content":{"rendered":"<h3><em>\u2022 Hoy es el \u00faltimo d\u00eda para solicitar esta ayuda en la sede electr\u00f3nica municipal<\/em><\/h3>\n<p><strong>El Ayuntamiento de Alzira inicia hoy el pago de las primeras ayudas tramitadas del Pla Resistir.<\/strong> La semana pasada ya se acord\u00f3 la tramitaci\u00f3n de <strong>las primeras 57 solicitudes, por un importe de 135.000 euros<\/strong>.<\/p>\n<p>Seg\u00fan ha explicado el alcalde de la ciudad,<strong> Diego G\u00f3mez<\/strong>,<em> \u00abestamos cumpliendo con la promesa y el compromiso de este ayuntamiento para dar respuesta a los negocios m\u00e1s afectados por la crisis econ\u00f3mica de la COVID, a los sectores de la hosteler\u00eda, la cultura, los deportes o el turismo\u00bb<\/em>.<\/p>\n<p>En total se han recibido hasta el momento 317 desde el inicio del plazo el pasado d\u00eda 11<em> \u00abYa hemos tramitado y pagado las primeras ayudas para los sectores m\u00e1s afectados de nuestra ciudad. La Comisi\u00f3n se volver\u00e1 a reunir el martes y la idea es continuar valorando de forma que se pueda hacer efectivo los pago completo de estas ayudas dentro de la primera quincena de marzo\u00bb<\/em> ha explicado el regidor de Hacienda <strong>Albert Furi\u00f3<\/strong>.<\/p>\n<p>Por otro lado, ha recordado que una vez finalizado todo el procedimiento de adjudicaci\u00f3n de las ayudas, espera que los remanentes que queden de esta aportaci\u00f3n del Plan Resistir, como consta en las bases, se puedan destinar a subvenciones para otros sectores tambi\u00e9n afectados por la Covid-19.<\/p>\n<p><strong>El plazo de presentaci\u00f3n<\/strong> de solicitudes <strong>finaliza hoy 25 de febrero de 2021<\/strong> a la <strong><span style=\"color: #b22222;\"><a href=\"https:\/\/sedeelectronica.alzira.es\/alzira_vpm\/index.php\/val\/seu-electronica\" target=\"_blank\" rel=\"noopener\"><span style=\"color: #b22222;\">sede electr\u00f3nica<\/span><\/a><\/span><\/strong> del Ayuntamiento.<\/p>\n<p>Las ayudas de <strong>Plan Resistir<\/strong> Ayuntamientos, <strong>son compatibles con otras subvenciones<\/strong>, ayudas, ingresos o recursos procedentes de cualesquier administraci\u00f3n o entes p\u00fablicos o privados nacional, de la Uni\u00f3n Europea o de organismos internacionales, y concedidos para la misma finalidad, dirigidas a cubrir gastos corrientes desde abril de 2020, tienen una <strong>cantidad fija de 2.000\u20ac por cada<\/strong> persona trabajadora <strong>aut\u00f3noma o microempresa<\/strong> con un m\u00e1ximo de 10 personas trabajadoras y de una cantidad fija de <strong>200\u20ac por persona trabajadora afiliada a la Seguridad Social<\/strong> a fecha 31 de diciembre de 2020 de estas microempresas y personas trabajadoras aut\u00f3nomas.<\/p>\n<p><span style=\"color: #b22222;\"><strong><a href=\"https:\/\/alzira.es\/wp-content\/uploads\/2021\/02\/Convocatoria_ayudas_del_Plan_resistir.pdf\" target=\"_blank\" rel=\"noopener\"><span style=\"color: #b22222;\">Enlace<\/span><\/a> <\/strong><\/span>en las bases.<\/p>\n<p><img fetchpriority=\"high\" decoding=\"async\" class=\" size-full wp-image-53674\" style=\"display: block; margin-left: auto; margin-right: auto;\" src=\"https:\/\/alzira.es\/wp-content\/uploads\/2021\/02\/comissio_pla_resistir.jpeg\" alt=\"comissio pla resistir\" width=\"1000\" height=\"750\" srcset=\"https:\/\/alzira.es\/wp-content\/uploads\/2021\/02\/comissio_pla_resistir.jpeg 1024w, https:\/\/alzira.es\/wp-content\/uploads\/2021\/02\/comissio_pla_resistir-680x510.jpeg 680w, https:\/\/alzira.es\/wp-content\/uploads\/2021\/02\/comissio_pla_resistir-768x576.jpeg 768w\" sizes=\"(max-width: 706px) 89vw, (max-width: 767px) 82vw, 740px\" \/><\/p>\n","protected":false},"excerpt":{"rendered":"<p>\u2022 Hoy es el \u00faltimo d\u00eda para solicitar esta ayuda en la sede electr\u00f3nica municipal El Ayuntamiento de Alzira inicia hoy el pago de las primeras ayudas tramitadas del Pla Resistir. La semana pasada ya se acord\u00f3 la tramitaci\u00f3n de las primeras 57 solicitudes, por un importe de 135.000 euros. Seg\u00fan ha explicado el alcalde &hellip; <\/p>\n<p class=\"link-more\"><a href=\"https:\/\/alzira.es\/es\/l-ajuntament-d-alzira-comenca-a-pagar-les-ajudes-del-pla-resistir\/\" class=\"more-link\">Continuar leyendo<span class=\"screen-reader-text\"> \u00abEl Ayuntamiento de Alzira empieza a pagar las ayudas del plan Resistir\u00bb<\/span><\/a><\/p>\n","protected":false},"author":29,"featured_media":53674,"comment_status":"","ping_status":"","sticky":false,"template":"","format":"standard","meta":{"_acf_changed":false,"footnotes":""},"categories":[4936],"tags":[],"class_list":["post-53676","post","type-post","status-publish","format-standard","has-post-thumbnail","hentry","category-hemeroteca-es"],"acf":[],"_links":{"self":[{"href":"https:\/\/alzira.es\/es\/wp-json\/wp\/v2\/posts\/53676","targetHints":{"allow":["GET"]}}],"collection":[{"href":"https:\/\/alzira.es\/es\/wp-json\/wp\/v2\/posts"}],"about":[{"href":"https:\/\/alzira.es\/es\/wp-json\/wp\/v2\/types\/post"}],"author":[{"embeddable":true,"href":"https:\/\/alzira.es\/es\/wp-json\/wp\/v2\/users\/29"}],"replies":[{"embeddable":true,"href":"https:\/\/alzira.es\/es\/wp-json\/wp\/v2\/comments?post=53676"}],"version-history":[{"count":0,"href":"https:\/\/alzira.es\/es\/wp-json\/wp\/v2\/posts\/53676\/revisions"}],"wp:featuredmedia":[{"embeddable":true,"href":"https:\/\/alzira.es\/es\/wp-json\/wp\/v2\/media\/53674"}],"wp:attachment":[{"href":"https:\/\/alzira.es\/es\/wp-json\/wp\/v2\/media?parent=53676"}],"wp:term":[{"taxonomy":"category","embeddable":true,"href":"https:\/\/alzira.es\/es\/wp-json\/wp\/v2\/categories?post=53676"},{"taxonomy":"post_tag","embeddable":true,"href":"https:\/\/alzira.es\/es\/wp-json\/wp\/v2\/tags?post=53676"}],"curies":[{"name":"wp","href":"https:\/\/api.w.org\/{rel}","templated":true}]}}