{"id":53673,"date":"2021-02-25T12:45:36","date_gmt":"2021-02-25T11:45:36","guid":{"rendered":"https:\/\/alzira.es\/incidencia-acumulada-per-baix-dels-100-casos-cada-100-000-habitants-2\/"},"modified":"2021-02-25T12:45:36","modified_gmt":"2021-02-25T11:45:36","slug":"incidencia-acumulada-per-baix-dels-100-casos-cada-100-000-habitants-2","status":"publish","type":"post","link":"https:\/\/alzira.es\/es\/incidencia-acumulada-per-baix-dels-100-casos-cada-100-000-habitants-2\/","title":{"rendered":"Incid\u00e8ncia acumulada per baix dels 100 casos cada 100.000 habitants"},"content":{"rendered":"<p>Com cada dijous, hui s&#8217;han reunit els representants dels diferents municipis que integren el Departament de Salut de la Ribera, per tal de con\u00e8ixer l&#8217;actualitat de casos de COVID i valorar les xifres aportades per Sanitat. En els \u00faltims 7 dies, en Alzira hem passat <strong>de 251 casos per cada 100.000 habitants a 91 casos. En total tenim 42 casos actius (115 a data 18 de febrer), en els \u00faltims tres dies 4 casos nous<\/strong>. Amb estes xifres, Alzira se situa per baix de la mitjana del departament de salut, que actualment es troba en els 109 casos per cada 100.000 habitants.<\/p>\n<p>A la reuni\u00f3, ha assistit la regidora de Sanitat de l&#8217;Ajuntament d&#8217;Alzira, <strong>Gemma Al\u00f3s<\/strong>, que s&#8217;ha mostrat optimista amb l&#8217;evoluci\u00f3 de les \u00faltimes setmanes. <em>\u00abContinuem amb la baixada de xifres per baix dels 100 casos per cada 100.000 habitants, les mesures han tingut un efecte molt positiu i s&#8217;ha rebaixat molt notablement el nivell de contagis. S&#8217;espera que canvien les restriccions a partir de la propera setmana, per aix\u00f2 no hem de perdre de vista l&#8217;efectivitat que ha suposat la reducci\u00f3 del contacte social i cal anar amb molt de compte per a mantindre&#8217;ns en nivells \u00f2ptims de contagi segons els par\u00e0metres estipulats per la OMS. Cal continuar amb l&#8217;esfor\u00e7 que estem fent\u00bb<\/em>, ha explicat la regidora de sanitat, <strong>Gemma Al\u00f3s<\/strong><\/p>\n<p>A m\u00e9s la regidora ha informat que el protocol de vacunaci\u00f3 seguix el curs marcat i que des del departament de Salut s&#8217;ha demanat que la ciutadania s&#8217;assegure que les seues dades de contacte associades al SIP, estan actualitzades. Les persones que hagen canviat de tel\u00e8fon o correu electr\u00f2nic, cal que els actualitzen emplenant el formulari disponible a la<span style=\"color: #008080;\"><strong><a href=\"http:\/\/www.san.gva.es\/es\/web\/dgcal\/formulario-de-contacto\" target=\"_blank\" rel=\"noopener\"><span style=\"color: #008080;\"> web de<\/span><\/a><a href=\"http:\/\/www.san.gva.es\/es\/web\/dgcal\/formulario-de-contacto\" target=\"_blank\" rel=\"noopener\"><span style=\"color: #008080;\"> sanitat<\/span><\/a><\/strong><\/span><span style=\"color: #008080;\"><span style=\"color: #008080;\"><a href=\"http:\/\/www.san.gva.es\/es\/web\/dgcal\/formulario-de-contacto\" target=\"_blank\" rel=\"noopener\"><\/a>.<\/span><\/span><a href=\"http:\/\/www.san.gva.es\/es\/web\/dgcal\/formulario-de-contacto\"><br \/><\/a><\/p>\n<p>En este sentit cal afegir que el departament de salut s&#8217;ha posat en contacte amb l&#8217;Ajuntament per a demanar possibles ubicacions per a la vacunaci\u00f3 de grans grups en les pr\u00f2ximes setmanes.<em> \u00abEstem preparats per a poder posar a disposici\u00f3 de la conselleria l&#8217;edifici de la Parrilla per a portar a terme estes vacunacions, en espais ben ventilats, accessibles amb entrades i eixides adequades i que complisquen amb els protocols. Hem d&#8217;eixir d&#8217;esta situaci\u00f3 i una de les millors opcions per a evitar possibles futures onades \u00e9s la vacunaci\u00f3\u00bb<\/em>, ha explicat l&#8217;alcalde, <strong>Diego G\u00f3mez<\/strong><\/p>\n<p><strong>L&#8217;Ajuntament continua amb les mesures fins al pr\u00f2xim dilluns 1 de mar\u00e7<\/strong>. Est\u00e0 previst que el President de la Generalitat, <strong>Ximo Puig<\/strong>, compareixa hui davant dels mitjans de comunicaci\u00f3 pe tal d&#8217;anunciar canvis en les mesures restrictives.<\/p>\n<p style=\"text-align: center;\"><img fetchpriority=\"high\" decoding=\"async\" class=\" size-full wp-image-53670\" src=\"https:\/\/alzira.es\/wp-content\/uploads\/2021\/02\/actualitzar_sip_.jpg\" alt=\"actualitzar sip \" width=\"750\" height=\"1063\" srcset=\"https:\/\/alzira.es\/wp-content\/uploads\/2021\/02\/actualitzar_sip_.jpg 1057w, https:\/\/alzira.es\/wp-content\/uploads\/2021\/02\/actualitzar_sip_-680x964.jpg 680w, https:\/\/alzira.es\/wp-content\/uploads\/2021\/02\/actualitzar_sip_-756x1072.jpg 756w, https:\/\/alzira.es\/wp-content\/uploads\/2021\/02\/actualitzar_sip_-768x1088.jpg 768w\" sizes=\"(max-width: 706px) 89vw, (max-width: 767px) 82vw, 740px\" \/><\/p>\n","protected":false},"excerpt":{"rendered":"<p>Com cada dijous, hui s&#8217;han reunit els representants dels diferents municipis que integren el Departament de Salut de la Ribera, per tal de con\u00e8ixer l&#8217;actualitat de casos de COVID i valorar les xifres aportades per Sanitat. En els \u00faltims 7 dies, en Alzira hem passat de 251 casos per cada 100.000 habitants a 91 casos. &hellip; <\/p>\n<p class=\"link-more\"><a href=\"https:\/\/alzira.es\/es\/incidencia-acumulada-per-baix-dels-100-casos-cada-100-000-habitants-2\/\" class=\"more-link\">Continuar leyendo<span class=\"screen-reader-text\"> \u00abIncid\u00e8ncia acumulada per baix dels 100 casos cada 100.000 habitants\u00bb<\/span><\/a><\/p>\n","protected":false},"author":29,"featured_media":53670,"comment_status":"","ping_status":"","sticky":false,"template":"","format":"standard","meta":{"_acf_changed":false,"footnotes":""},"categories":[],"tags":[],"class_list":["post-53673","post","type-post","status-publish","format-standard","has-post-thumbnail","hentry"],"acf":[],"_links":{"self":[{"href":"https:\/\/alzira.es\/es\/wp-json\/wp\/v2\/posts\/53673","targetHints":{"allow":["GET"]}}],"collection":[{"href":"https:\/\/alzira.es\/es\/wp-json\/wp\/v2\/posts"}],"about":[{"href":"https:\/\/alzira.es\/es\/wp-json\/wp\/v2\/types\/post"}],"author":[{"embeddable":true,"href":"https:\/\/alzira.es\/es\/wp-json\/wp\/v2\/users\/29"}],"replies":[{"embeddable":true,"href":"https:\/\/alzira.es\/es\/wp-json\/wp\/v2\/comments?post=53673"}],"version-history":[{"count":0,"href":"https:\/\/alzira.es\/es\/wp-json\/wp\/v2\/posts\/53673\/revisions"}],"wp:featuredmedia":[{"embeddable":true,"href":"https:\/\/alzira.es\/es\/wp-json\/wp\/v2\/media\/53670"}],"wp:attachment":[{"href":"https:\/\/alzira.es\/es\/wp-json\/wp\/v2\/media?parent=53673"}],"wp:term":[{"taxonomy":"category","embeddable":true,"href":"https:\/\/alzira.es\/es\/wp-json\/wp\/v2\/categories?post=53673"},{"taxonomy":"post_tag","embeddable":true,"href":"https:\/\/alzira.es\/es\/wp-json\/wp\/v2\/tags?post=53673"}],"curies":[{"name":"wp","href":"https:\/\/api.w.org\/{rel}","templated":true}]}}