{"id":53672,"date":"2021-02-25T12:45:36","date_gmt":"2021-02-25T11:45:36","guid":{"rendered":"https:\/\/alzira.es\/incidencia-acumulada-per-baix-dels-100-casos-cada-100-000-habitants\/"},"modified":"2021-02-25T12:45:36","modified_gmt":"2021-02-25T11:45:36","slug":"incidencia-acumulada-per-baix-dels-100-casos-cada-100-000-habitants","status":"publish","type":"post","link":"https:\/\/alzira.es\/es\/incidencia-acumulada-per-baix-dels-100-casos-cada-100-000-habitants\/","title":{"rendered":"Incidencia acumulada por bajo de los 100 casos cada 100.000 habitantes"},"content":{"rendered":"<p>Como cada jueves, hoy se han reunido los representantes de los diferentes municipios que integran el Departamento de Salud de la Ribera, para conocer la actualidad de casos de COVID y valorar las cifras aportadas por Sanidad. En los \u00faltimos 7 d\u00edas, en Alzira hemos pasado <strong>de 251 casos por cada 100.000 habitantes a 91 casos. En total tenemos 42 casos activos (115 a fecha 18 de febrero), en los \u00faltimos tres d\u00edas 4 casos nuevos<\/strong>. Con estas cifras, Alzira se sit\u00faa por bajo de la media del departamento de salud, que actualmente se encuentra en los 109 casos por cada 100.000 habitantes.<\/p>\n<p>A la reuni\u00f3n, ha asistido la regidora de Sanidad del Ayuntamiento de Alzira, <strong>Gemma Al\u00f3s<\/strong>, que se ha mostrado optimista con la evoluci\u00f3n de las \u00faltimas semanas. <em>\u00abContinuamos con la bajada de cifras por bajo de los 100 casos por cada 100.000 habitantes, las medidas han tenido un efecto muy positivo y se ha rebajado muy notablemente el nivel de contagios. Se espera que cambien las restricciones a partir de la pr\u00f3xima semana, por eso no tenemos que perder de vista la efectividad que ha supuesto la reducci\u00f3n del contacto social y hay que ir con mucho cuidado para mantenernos en niveles \u00f3ptimos de contagio seg\u00fan los par\u00e1metros estipulados por la OMS. Hay que continuar con el esfuerzo que estamos haciendo\u00bb<\/em>, ha explicado la regidora de sanidad,<strong> Gemma Al\u00f3s<\/strong><\/p>\n<p>Adem\u00e1s la regidora ha informado que el protocolo de vacunaci\u00f3n sigue el curso marcado y que desde el departamento de Salud se ha pedido que la ciudadan\u00eda se asegure que sus datos de contacto asociadas al SIP, est\u00e1n actualizadas. Las personas que hayan cambiado de tel\u00e9fono o correo electr\u00f3nico, hace falta que los actualicen rellenando el formulario disponible en la <span style=\"color: #008b8b;\"><strong><a href=\"http:\/\/www.san.gva.es\/es\/web\/dgcal\/formulario-de-contacto\" target=\"_blank\" rel=\"noopener\"><span style=\"color: #008b8b;\">web de sanidad<\/span><\/a><\/strong><\/span>.<\/p>\n<p>En este sentido hay que a\u00f1adir que el departamento de salud se ha puesto en contacto con el Ayuntamiento para pedir posibles ubicaciones para la vacunaci\u00f3n de grandes grupos en las pr\u00f3ximas semanas.<em> \u00abEstamos preparados para poder poner a disposici\u00f3n de la conseller\u00eda el edificio de la Parrilla para llevar a cabo estas vacunaciones, en espacios muy ventilados, accesibles con entradas y salidas adecuadas y que cumplan con los protocolos. Tenemos que salir de esta situaci\u00f3n y una de las mejores opciones para evitar posibles futuras oleadas es la vacunaci\u00f3n\u00bb<\/em>, ha explicado el alcalde, <strong>Diego G\u00f3mez<\/strong><\/p>\n<p><strong>El Ayuntamiento contin\u00faa con las medidas hasta el pr\u00f3ximo lunes 1 de marzo<\/strong>. Est\u00e1 previsto que el Presidente de la Generalitat,<strong> Ximo Puig<\/strong>, comparezca hoy ante los medios de comunicaci\u00f3n por tal de anunciar cambios en las medidas restrictivas.<\/p>\n<p style=\"text-align: center;\"><img fetchpriority=\"high\" decoding=\"async\" class=\" size-full wp-image-53670\" src=\"https:\/\/alzira.es\/wp-content\/uploads\/2021\/02\/actualitzar_sip_.jpg\" alt=\"actualitzar sip \" width=\"750\" height=\"1063\" srcset=\"https:\/\/alzira.es\/wp-content\/uploads\/2021\/02\/actualitzar_sip_.jpg 1057w, https:\/\/alzira.es\/wp-content\/uploads\/2021\/02\/actualitzar_sip_-680x964.jpg 680w, https:\/\/alzira.es\/wp-content\/uploads\/2021\/02\/actualitzar_sip_-756x1072.jpg 756w, https:\/\/alzira.es\/wp-content\/uploads\/2021\/02\/actualitzar_sip_-768x1088.jpg 768w\" sizes=\"(max-width: 706px) 89vw, (max-width: 767px) 82vw, 740px\" \/><\/p>\n","protected":false},"excerpt":{"rendered":"<p>Como cada jueves, hoy se han reunido los representantes de los diferentes municipios que integran el Departamento de Salud de la Ribera, para conocer la actualidad de casos de COVID y valorar las cifras aportadas por Sanidad. En los \u00faltimos 7 d\u00edas, en Alzira hemos pasado de 251 casos por cada 100.000 habitantes a 91 &hellip; <\/p>\n<p class=\"link-more\"><a href=\"https:\/\/alzira.es\/es\/incidencia-acumulada-per-baix-dels-100-casos-cada-100-000-habitants\/\" class=\"more-link\">Continuar leyendo<span class=\"screen-reader-text\"> \u00abIncidencia acumulada por bajo de los 100 casos cada 100.000 habitantes\u00bb<\/span><\/a><\/p>\n","protected":false},"author":29,"featured_media":53670,"comment_status":"","ping_status":"","sticky":false,"template":"","format":"standard","meta":{"_acf_changed":false,"footnotes":""},"categories":[4936],"tags":[],"class_list":["post-53672","post","type-post","status-publish","format-standard","has-post-thumbnail","hentry","category-hemeroteca-es"],"acf":[],"_links":{"self":[{"href":"https:\/\/alzira.es\/es\/wp-json\/wp\/v2\/posts\/53672","targetHints":{"allow":["GET"]}}],"collection":[{"href":"https:\/\/alzira.es\/es\/wp-json\/wp\/v2\/posts"}],"about":[{"href":"https:\/\/alzira.es\/es\/wp-json\/wp\/v2\/types\/post"}],"author":[{"embeddable":true,"href":"https:\/\/alzira.es\/es\/wp-json\/wp\/v2\/users\/29"}],"replies":[{"embeddable":true,"href":"https:\/\/alzira.es\/es\/wp-json\/wp\/v2\/comments?post=53672"}],"version-history":[{"count":0,"href":"https:\/\/alzira.es\/es\/wp-json\/wp\/v2\/posts\/53672\/revisions"}],"wp:featuredmedia":[{"embeddable":true,"href":"https:\/\/alzira.es\/es\/wp-json\/wp\/v2\/media\/53670"}],"wp:attachment":[{"href":"https:\/\/alzira.es\/es\/wp-json\/wp\/v2\/media?parent=53672"}],"wp:term":[{"taxonomy":"category","embeddable":true,"href":"https:\/\/alzira.es\/es\/wp-json\/wp\/v2\/categories?post=53672"},{"taxonomy":"post_tag","embeddable":true,"href":"https:\/\/alzira.es\/es\/wp-json\/wp\/v2\/tags?post=53672"}],"curies":[{"name":"wp","href":"https:\/\/api.w.org\/{rel}","templated":true}]}}