{"id":53669,"date":"2021-02-25T12:24:26","date_gmt":"2021-02-25T11:24:26","guid":{"rendered":"https:\/\/alzira.es\/la-regidoria-d-esports-ha-realitzat-obres-de-manteniment-i-millora-al-pavello-perez-puig-2\/"},"modified":"2021-02-25T12:24:26","modified_gmt":"2021-02-25T11:24:26","slug":"la-regidoria-d-esports-ha-realitzat-obres-de-manteniment-i-millora-al-pavello-perez-puig-2","status":"publish","type":"post","link":"https:\/\/alzira.es\/es\/la-regidoria-d-esports-ha-realitzat-obres-de-manteniment-i-millora-al-pavello-perez-puig-2\/","title":{"rendered":"La Regidoria d\u2019Esports ha realitzat obres de manteniment i millora al pavell\u00f3 P\u00e9rez Puig"},"content":{"rendered":"<p><strong>Aprofitant el tancament dels centres esportius<\/strong> amb motiu de la crisi sanit\u00e0ria, des de<strong> la Regidoria d&#8217;Esports<\/strong> de l&#8217;Ajuntament d&#8217;Alzira, s&#8217;<strong>ha aprofitat per a realitzar una s\u00e8rie de millores en el pavell\u00f3 poliesportiu P\u00e9rez Puig.<\/strong><\/p>\n<p><em>\u00ab\u00c9s el primer pavell\u00f3 que es va obrir a la nostra ciutat i necessitava una urgent intervenci\u00f3 per tal d&#8217;adequar les diverses estances. Amb esta actuaci\u00f3 hem aconseguit donar al <strong>P\u00e9rez Puig<\/strong> una millor imatge i dotar-lo d&#8217;unes instal\u00b7lacions dignes per a la pr\u00e0ctica de l&#8217;esport\u00bb<\/em>, segons el regidor encarregat de l&#8217;\u00e0rea esportiva, <strong>Fernando Pascual<\/strong>.<\/p>\n<p>S&#8217;han realitzat treballs en els lavabos del p\u00fablic de la primera planta, i s&#8217;han canviat les canalitzacions de l&#8217;aigua potable; adequaci\u00f3 dels marcs i portes, tant de fusta com de ferro, donada la seua antiguitat; l&#8217;enrajolat de totes les instal\u00b7lacions: trencats, sense adher\u00e8ncia i amb desperfectes; noves llumin\u00e0ries als lavabos i l&#8217;habilitaci\u00f3 d&#8217;una cabina per a persones amb mobilitat redu\u00efda.<\/p>\n<p>Tamb\u00e9 s&#8217;ha aprofitat per a executar treballs d&#8217;impermeabilitzaci\u00f3 i segellament del clavegueram de la terrassa annexa al bany d&#8217;homes.<\/p>\n<p>Una altra de les pretensions ha sigut millorar les instal\u00b7lacions dels usuaris i esportistes, per a la qual cosa s&#8217;han retirat els bancs de fusta encastats a la paret que provocaven continus danys als enrajolats de les instal\u00b7lacions. S&#8217;han executat tots ells amb obra i solidesa suficient per al seu \u00fas, rematant-los superiorment amb materials nobles amb qualitats higi\u00e8niques i durabilitat aptes per a l&#8217;\u00fas a qu\u00e8 es destinen les instal\u00b7lacions.<\/p>\n<p>S&#8217;han netejat tots els canals i s&#8217;han disposat reixes en els orificis dels baixants per a evitar l&#8217;acumulaci\u00f3 de fulles dels arbres que envolten el pavell\u00f3.<\/p>\n<p>Pel que fa a les graderies del p\u00fablic s&#8217;han segellat les juntes de les plaques de formig\u00f3 per les quals accedia l&#8217;aigua per filtraci\u00f3 als vestuaris, per la qual cosa caldr\u00e0 m\u00e9s endavant intervindre en la coberta del<strong> P\u00e9rez Puig<\/strong>.<\/p>\n<p style=\"text-align: center;\"><img fetchpriority=\"high\" decoding=\"async\" class=\" size-full wp-image-53656\" src=\"https:\/\/alzira.es\/wp-content\/uploads\/2021\/02\/pavello_1.jpg\" alt=\"pavell\u00f3 1\" width=\"365\" height=\"486\" srcset=\"https:\/\/alzira.es\/wp-content\/uploads\/2021\/02\/pavello_1.jpg 768w, https:\/\/alzira.es\/wp-content\/uploads\/2021\/02\/pavello_1-680x907.jpg 680w, https:\/\/alzira.es\/wp-content\/uploads\/2021\/02\/pavello_1-300x400.jpg 300w\" sizes=\"(max-width: 365px) 100vw, 365px\" \/>&nbsp;&nbsp;<img decoding=\"async\" class=\"size-full wp-image-53658 lazyload\" data-src=\"https:\/\/alzira.es\/wp-content\/uploads\/2021\/02\/pavello_2.jpg\" alt=\"pavell\u00f3 2\" width=\"650\" height=\"487\" data-srcset=\"https:\/\/alzira.es\/wp-content\/uploads\/2021\/02\/pavello_2.jpg 1024w, https:\/\/alzira.es\/wp-content\/uploads\/2021\/02\/pavello_2-680x510.jpg 680w, https:\/\/alzira.es\/wp-content\/uploads\/2021\/02\/pavello_2-768x576.jpg 768w\" data-sizes=\"(max-width: 650px) 100vw, 650px\" src=\"data:image\/svg+xml;base64,PHN2ZyB3aWR0aD0iMSIgaGVpZ2h0PSIxIiB4bWxucz0iaHR0cDovL3d3dy53My5vcmcvMjAwMC9zdmciPjwvc3ZnPg==\" style=\"--smush-placeholder-width: 650px; --smush-placeholder-aspect-ratio: 650\/487;\" \/><\/p>\n<p style=\"text-align: center;\"><img decoding=\"async\" class=\"size-full wp-image-53660 lazyload\" data-src=\"https:\/\/alzira.es\/wp-content\/uploads\/2021\/02\/pavello_5.jpg\" alt=\"pavell\u00f3 5\" width=\"507\" height=\"381\" data-srcset=\"https:\/\/alzira.es\/wp-content\/uploads\/2021\/02\/pavello_5.jpg 1024w, https:\/\/alzira.es\/wp-content\/uploads\/2021\/02\/pavello_5-680x510.jpg 680w, https:\/\/alzira.es\/wp-content\/uploads\/2021\/02\/pavello_5-768x576.jpg 768w\" data-sizes=\"(max-width: 507px) 100vw, 507px\" src=\"data:image\/svg+xml;base64,PHN2ZyB3aWR0aD0iMSIgaGVpZ2h0PSIxIiB4bWxucz0iaHR0cDovL3d3dy53My5vcmcvMjAwMC9zdmciPjwvc3ZnPg==\" style=\"--smush-placeholder-width: 507px; --smush-placeholder-aspect-ratio: 507\/381;\" \/>&nbsp;&nbsp;<img decoding=\"async\" class=\"size-full wp-image-53662 lazyload\" data-src=\"https:\/\/alzira.es\/wp-content\/uploads\/2021\/02\/pavello_6.jpg\" alt=\"pavell\u00f3 6\" width=\"507\" height=\"381\" data-srcset=\"https:\/\/alzira.es\/wp-content\/uploads\/2021\/02\/pavello_6.jpg 1600w, https:\/\/alzira.es\/wp-content\/uploads\/2021\/02\/pavello_6-680x510.jpg 680w, https:\/\/alzira.es\/wp-content\/uploads\/2021\/02\/pavello_6-1430x1072.jpg 1430w, https:\/\/alzira.es\/wp-content\/uploads\/2021\/02\/pavello_6-768x576.jpg 768w, https:\/\/alzira.es\/wp-content\/uploads\/2021\/02\/pavello_6-1536x1152.jpg 1536w\" data-sizes=\"(max-width: 507px) 100vw, 507px\" src=\"data:image\/svg+xml;base64,PHN2ZyB3aWR0aD0iMSIgaGVpZ2h0PSIxIiB4bWxucz0iaHR0cDovL3d3dy53My5vcmcvMjAwMC9zdmciPjwvc3ZnPg==\" style=\"--smush-placeholder-width: 507px; --smush-placeholder-aspect-ratio: 507\/381;\" \/><\/p>\n<p style=\"text-align: center;\"><img decoding=\"async\" class=\"size-full wp-image-53664 lazyload\" data-src=\"https:\/\/alzira.es\/wp-content\/uploads\/2021\/02\/pavello_3.ok_.jpg\" alt=\"pavell\u00f3 3.ok\" width=\"482\" height=\"400\" src=\"data:image\/svg+xml;base64,PHN2ZyB3aWR0aD0iMSIgaGVpZ2h0PSIxIiB4bWxucz0iaHR0cDovL3d3dy53My5vcmcvMjAwMC9zdmciPjwvc3ZnPg==\" style=\"--smush-placeholder-width: 482px; --smush-placeholder-aspect-ratio: 482\/400;\" \/>&nbsp;&nbsp;<img decoding=\"async\" class=\"size-full wp-image-53666 lazyload\" data-src=\"https:\/\/alzira.es\/wp-content\/uploads\/2021\/02\/pavello_4.jpg\" alt=\"pavell\u00f3 4\" width=\"534\" height=\"402\" data-srcset=\"https:\/\/alzira.es\/wp-content\/uploads\/2021\/02\/pavello_4.jpg 1024w, https:\/\/alzira.es\/wp-content\/uploads\/2021\/02\/pavello_4-680x510.jpg 680w, https:\/\/alzira.es\/wp-content\/uploads\/2021\/02\/pavello_4-768x576.jpg 768w\" data-sizes=\"(max-width: 534px) 100vw, 534px\" src=\"data:image\/svg+xml;base64,PHN2ZyB3aWR0aD0iMSIgaGVpZ2h0PSIxIiB4bWxucz0iaHR0cDovL3d3dy53My5vcmcvMjAwMC9zdmciPjwvc3ZnPg==\" style=\"--smush-placeholder-width: 534px; --smush-placeholder-aspect-ratio: 534\/402;\" \/><\/p>\n","protected":false},"excerpt":{"rendered":"<p>Aprofitant el tancament dels centres esportius amb motiu de la crisi sanit\u00e0ria, des de la Regidoria d&#8217;Esports de l&#8217;Ajuntament d&#8217;Alzira, s&#8217;ha aprofitat per a realitzar una s\u00e8rie de millores en el pavell\u00f3 poliesportiu P\u00e9rez Puig. \u00ab\u00c9s el primer pavell\u00f3 que es va obrir a la nostra ciutat i necessitava una urgent intervenci\u00f3 per tal d&#8217;adequar &hellip; <\/p>\n<p class=\"link-more\"><a href=\"https:\/\/alzira.es\/es\/la-regidoria-d-esports-ha-realitzat-obres-de-manteniment-i-millora-al-pavello-perez-puig-2\/\" class=\"more-link\">Continuar leyendo<span class=\"screen-reader-text\"> \u00abLa Regidoria d\u2019Esports ha realitzat obres de manteniment i millora al pavell\u00f3 P\u00e9rez Puig\u00bb<\/span><\/a><\/p>\n","protected":false},"author":29,"featured_media":53656,"comment_status":"","ping_status":"","sticky":false,"template":"","format":"standard","meta":{"_acf_changed":false,"footnotes":""},"categories":[],"tags":[],"class_list":["post-53669","post","type-post","status-publish","format-standard","has-post-thumbnail","hentry"],"acf":[],"_links":{"self":[{"href":"https:\/\/alzira.es\/es\/wp-json\/wp\/v2\/posts\/53669","targetHints":{"allow":["GET"]}}],"collection":[{"href":"https:\/\/alzira.es\/es\/wp-json\/wp\/v2\/posts"}],"about":[{"href":"https:\/\/alzira.es\/es\/wp-json\/wp\/v2\/types\/post"}],"author":[{"embeddable":true,"href":"https:\/\/alzira.es\/es\/wp-json\/wp\/v2\/users\/29"}],"replies":[{"embeddable":true,"href":"https:\/\/alzira.es\/es\/wp-json\/wp\/v2\/comments?post=53669"}],"version-history":[{"count":0,"href":"https:\/\/alzira.es\/es\/wp-json\/wp\/v2\/posts\/53669\/revisions"}],"wp:featuredmedia":[{"embeddable":true,"href":"https:\/\/alzira.es\/es\/wp-json\/wp\/v2\/media\/53656"}],"wp:attachment":[{"href":"https:\/\/alzira.es\/es\/wp-json\/wp\/v2\/media?parent=53669"}],"wp:term":[{"taxonomy":"category","embeddable":true,"href":"https:\/\/alzira.es\/es\/wp-json\/wp\/v2\/categories?post=53669"},{"taxonomy":"post_tag","embeddable":true,"href":"https:\/\/alzira.es\/es\/wp-json\/wp\/v2\/tags?post=53669"}],"curies":[{"name":"wp","href":"https:\/\/api.w.org\/{rel}","templated":true}]}}