{"id":53668,"date":"2021-02-25T12:24:26","date_gmt":"2021-02-25T11:24:26","guid":{"rendered":"https:\/\/alzira.es\/la-regidoria-d-esports-ha-realitzat-obres-de-manteniment-i-millora-al-pavello-perez-puig\/"},"modified":"2021-02-25T12:24:26","modified_gmt":"2021-02-25T11:24:26","slug":"la-regidoria-d-esports-ha-realitzat-obres-de-manteniment-i-millora-al-pavello-perez-puig","status":"publish","type":"post","link":"https:\/\/alzira.es\/es\/la-regidoria-d-esports-ha-realitzat-obres-de-manteniment-i-millora-al-pavello-perez-puig\/","title":{"rendered":"La Concejal\u00eda de Deportes ha realizado obras de mantenimiento y mejora al pabell\u00f3n P\u00e9rez Puig"},"content":{"rendered":"<p><strong>Aprovechando el cierre de los centros deportivos<\/strong> con motivo de la crisis sanitaria, desde la Concejal\u00eda de Deportes del Ayuntamiento de Alzira, se <strong>ha aprovechado para realizar una serie de mejoras en el pabell\u00f3n polideportivo P\u00e9rez Puig<\/strong>.<\/p>\n<p><em>\u00abEs el primer pabell\u00f3n que se abri\u00f3 en nuestra ciudad y necesitaba una urgente intervenci\u00f3n para adecuar los diversos aposentos. Con esta actuaci\u00f3n hemos conseguido dar al <strong>P\u00e9rez Puig<\/strong> una mejor imagen y dotarlo de unas instalaciones dignas para la pr\u00e1ctica del deporte\u00bb<\/em>, seg\u00fan el regidor encargado del \u00e1rea deportiva, <strong>Fernando Pascual<\/strong>.<\/p>\n<p>Se han realizado trabajos en los lavabos del p\u00fablico de la primera planta, y se han cambiado las canalizaciones del agua potable; adecuaci\u00f3n de los marcos y puertas, tanto de madera como de hierro, dada su antig\u00fcedad; el alicatado de todas las instalaciones: rotos, sin adherencia y con desperfectos; nuevas luminarias a los lavabos y la habilitaci\u00f3n de una cabina para personas con movilidad reducida.<\/p>\n<p>Tambi\u00e9n se ha aprovechado para ejecutar trabajos de impermeabilizaci\u00f3n y sellado del alcantarillado de la terraza aneja al ba\u00f1o de hombres.<\/p>\n<p>Otra de las pretensiones ha sido mejorar las instalaciones de los usuarios y deportistas, para el cual se han retirado los bancos de madera empotrados a la pared que provocaban continuos da\u00f1os a los alicatados de las instalaciones. Se han ejecutado todos ellos con obra y solidez suficiente para su uso, remat\u00e1ndolos superiormente con materiales nobles con calidades higi\u00e9nicas y durabilidad aptas para el uso a que se destinan las instalaciones.<\/p>\n<p>Se han limpiado todos los canales y se han dispuesto rejas en los orificios de los bajantes para evitar la acumulaci\u00f3n de hojas de los \u00e1rboles que rodean el pabell\u00f3n.<\/p>\n<p>En cuanto a los grader\u00edos del p\u00fablico se han sellado las juntas de las placas de hormig\u00f3n por las cuales acced\u00eda el agua por filtraci\u00f3n a los vestuarios, por lo cual har\u00e1 falta m\u00e1s adelante intervenir en la cubierta del<strong> P\u00e9rez Puig<\/strong>.<\/p>\n<p style=\"text-align: center;\"><img fetchpriority=\"high\" decoding=\"async\" class=\" size-full wp-image-53656\" src=\"https:\/\/alzira.es\/wp-content\/uploads\/2021\/02\/pavello_1.jpg\" alt=\"pavell\u00f3 1\" width=\"365\" height=\"486\" srcset=\"https:\/\/alzira.es\/wp-content\/uploads\/2021\/02\/pavello_1.jpg 768w, https:\/\/alzira.es\/wp-content\/uploads\/2021\/02\/pavello_1-680x907.jpg 680w, https:\/\/alzira.es\/wp-content\/uploads\/2021\/02\/pavello_1-300x400.jpg 300w\" sizes=\"(max-width: 365px) 100vw, 365px\" \/>&nbsp;&nbsp;<img decoding=\"async\" class=\"size-full wp-image-53658 lazyload\" data-src=\"https:\/\/alzira.es\/wp-content\/uploads\/2021\/02\/pavello_2.jpg\" alt=\"pavell\u00f3 2\" width=\"650\" height=\"487\" data-srcset=\"https:\/\/alzira.es\/wp-content\/uploads\/2021\/02\/pavello_2.jpg 1024w, https:\/\/alzira.es\/wp-content\/uploads\/2021\/02\/pavello_2-680x510.jpg 680w, https:\/\/alzira.es\/wp-content\/uploads\/2021\/02\/pavello_2-768x576.jpg 768w\" data-sizes=\"(max-width: 650px) 100vw, 650px\" src=\"data:image\/svg+xml;base64,PHN2ZyB3aWR0aD0iMSIgaGVpZ2h0PSIxIiB4bWxucz0iaHR0cDovL3d3dy53My5vcmcvMjAwMC9zdmciPjwvc3ZnPg==\" style=\"--smush-placeholder-width: 650px; --smush-placeholder-aspect-ratio: 650\/487;\" \/><\/p>\n<p style=\"text-align: center;\"><img decoding=\"async\" class=\"size-full wp-image-53660 lazyload\" data-src=\"https:\/\/alzira.es\/wp-content\/uploads\/2021\/02\/pavello_5.jpg\" alt=\"pavell\u00f3 5\" width=\"507\" height=\"381\" data-srcset=\"https:\/\/alzira.es\/wp-content\/uploads\/2021\/02\/pavello_5.jpg 1024w, https:\/\/alzira.es\/wp-content\/uploads\/2021\/02\/pavello_5-680x510.jpg 680w, https:\/\/alzira.es\/wp-content\/uploads\/2021\/02\/pavello_5-768x576.jpg 768w\" data-sizes=\"(max-width: 507px) 100vw, 507px\" src=\"data:image\/svg+xml;base64,PHN2ZyB3aWR0aD0iMSIgaGVpZ2h0PSIxIiB4bWxucz0iaHR0cDovL3d3dy53My5vcmcvMjAwMC9zdmciPjwvc3ZnPg==\" style=\"--smush-placeholder-width: 507px; --smush-placeholder-aspect-ratio: 507\/381;\" \/>&nbsp;&nbsp;<img decoding=\"async\" class=\"size-full wp-image-53662 lazyload\" data-src=\"https:\/\/alzira.es\/wp-content\/uploads\/2021\/02\/pavello_6.jpg\" alt=\"pavell\u00f3 6\" width=\"507\" height=\"381\" data-srcset=\"https:\/\/alzira.es\/wp-content\/uploads\/2021\/02\/pavello_6.jpg 1600w, https:\/\/alzira.es\/wp-content\/uploads\/2021\/02\/pavello_6-680x510.jpg 680w, https:\/\/alzira.es\/wp-content\/uploads\/2021\/02\/pavello_6-1430x1072.jpg 1430w, https:\/\/alzira.es\/wp-content\/uploads\/2021\/02\/pavello_6-768x576.jpg 768w, https:\/\/alzira.es\/wp-content\/uploads\/2021\/02\/pavello_6-1536x1152.jpg 1536w\" data-sizes=\"(max-width: 507px) 100vw, 507px\" src=\"data:image\/svg+xml;base64,PHN2ZyB3aWR0aD0iMSIgaGVpZ2h0PSIxIiB4bWxucz0iaHR0cDovL3d3dy53My5vcmcvMjAwMC9zdmciPjwvc3ZnPg==\" style=\"--smush-placeholder-width: 507px; --smush-placeholder-aspect-ratio: 507\/381;\" \/><\/p>\n<p style=\"text-align: center;\"><img decoding=\"async\" class=\"size-full wp-image-53664 lazyload\" data-src=\"https:\/\/alzira.es\/wp-content\/uploads\/2021\/02\/pavello_3.ok_.jpg\" alt=\"pavell\u00f3 3.ok\" width=\"482\" height=\"400\" src=\"data:image\/svg+xml;base64,PHN2ZyB3aWR0aD0iMSIgaGVpZ2h0PSIxIiB4bWxucz0iaHR0cDovL3d3dy53My5vcmcvMjAwMC9zdmciPjwvc3ZnPg==\" style=\"--smush-placeholder-width: 482px; --smush-placeholder-aspect-ratio: 482\/400;\" \/>&nbsp;&nbsp;<img decoding=\"async\" class=\"size-full wp-image-53666 lazyload\" data-src=\"https:\/\/alzira.es\/wp-content\/uploads\/2021\/02\/pavello_4.jpg\" alt=\"pavell\u00f3 4\" width=\"534\" height=\"402\" data-srcset=\"https:\/\/alzira.es\/wp-content\/uploads\/2021\/02\/pavello_4.jpg 1024w, https:\/\/alzira.es\/wp-content\/uploads\/2021\/02\/pavello_4-680x510.jpg 680w, https:\/\/alzira.es\/wp-content\/uploads\/2021\/02\/pavello_4-768x576.jpg 768w\" data-sizes=\"(max-width: 534px) 100vw, 534px\" src=\"data:image\/svg+xml;base64,PHN2ZyB3aWR0aD0iMSIgaGVpZ2h0PSIxIiB4bWxucz0iaHR0cDovL3d3dy53My5vcmcvMjAwMC9zdmciPjwvc3ZnPg==\" style=\"--smush-placeholder-width: 534px; --smush-placeholder-aspect-ratio: 534\/402;\" \/><\/p>\n","protected":false},"excerpt":{"rendered":"<p>Aprovechando el cierre de los centros deportivos con motivo de la crisis sanitaria, desde la Concejal\u00eda de Deportes del Ayuntamiento de Alzira, se ha aprovechado para realizar una serie de mejoras en el pabell\u00f3n polideportivo P\u00e9rez Puig. \u00abEs el primer pabell\u00f3n que se abri\u00f3 en nuestra ciudad y necesitaba una urgente intervenci\u00f3n para adecuar los &hellip; <\/p>\n<p class=\"link-more\"><a href=\"https:\/\/alzira.es\/es\/la-regidoria-d-esports-ha-realitzat-obres-de-manteniment-i-millora-al-pavello-perez-puig\/\" class=\"more-link\">Continuar leyendo<span class=\"screen-reader-text\"> \u00abLa Concejal\u00eda de Deportes ha realizado obras de mantenimiento y mejora al pabell\u00f3n P\u00e9rez Puig\u00bb<\/span><\/a><\/p>\n","protected":false},"author":29,"featured_media":53656,"comment_status":"","ping_status":"","sticky":false,"template":"","format":"standard","meta":{"_acf_changed":false,"footnotes":""},"categories":[4936],"tags":[],"class_list":["post-53668","post","type-post","status-publish","format-standard","has-post-thumbnail","hentry","category-hemeroteca-es"],"acf":[],"_links":{"self":[{"href":"https:\/\/alzira.es\/es\/wp-json\/wp\/v2\/posts\/53668","targetHints":{"allow":["GET"]}}],"collection":[{"href":"https:\/\/alzira.es\/es\/wp-json\/wp\/v2\/posts"}],"about":[{"href":"https:\/\/alzira.es\/es\/wp-json\/wp\/v2\/types\/post"}],"author":[{"embeddable":true,"href":"https:\/\/alzira.es\/es\/wp-json\/wp\/v2\/users\/29"}],"replies":[{"embeddable":true,"href":"https:\/\/alzira.es\/es\/wp-json\/wp\/v2\/comments?post=53668"}],"version-history":[{"count":0,"href":"https:\/\/alzira.es\/es\/wp-json\/wp\/v2\/posts\/53668\/revisions"}],"wp:featuredmedia":[{"embeddable":true,"href":"https:\/\/alzira.es\/es\/wp-json\/wp\/v2\/media\/53656"}],"wp:attachment":[{"href":"https:\/\/alzira.es\/es\/wp-json\/wp\/v2\/media?parent=53668"}],"wp:term":[{"taxonomy":"category","embeddable":true,"href":"https:\/\/alzira.es\/es\/wp-json\/wp\/v2\/categories?post=53668"},{"taxonomy":"post_tag","embeddable":true,"href":"https:\/\/alzira.es\/es\/wp-json\/wp\/v2\/tags?post=53668"}],"curies":[{"name":"wp","href":"https:\/\/api.w.org\/{rel}","templated":true}]}}