{"id":53652,"date":"2021-02-25T09:25:24","date_gmt":"2021-02-25T08:25:24","guid":{"rendered":"https:\/\/alzira.es\/creu-roja-alzira-i-el-centre-de-participacio-ciutadana-repartixen-mascaretes-a-la-poblacio-de-risc-social\/"},"modified":"2021-02-25T09:25:24","modified_gmt":"2021-02-25T08:25:24","slug":"creu-roja-alzira-i-el-centre-de-participacio-ciutadana-repartixen-mascaretes-a-la-poblacio-de-risc-social","status":"publish","type":"post","link":"https:\/\/alzira.es\/es\/creu-roja-alzira-i-el-centre-de-participacio-ciutadana-repartixen-mascaretes-a-la-poblacio-de-risc-social\/","title":{"rendered":"Cruz Roja Alzira y el Centro de Participaci\u00f3n Ciudadana reparten mascarillas en la poblaci\u00f3n de riesgo social"},"content":{"rendered":"<p><strong>Los voluntarios de <span style=\"color: #ff0000;\">Cruz Roja<\/span> Alzira con la colaboraci\u00f3n<\/strong> de un grupo motor <strong>del Centro de Participaci\u00f3n Ciudadana<\/strong>, comenzaban ayer el <strong>reparto de mascarillas<\/strong> al barrio del Alquerieta.<\/p>\n<p>Ayer martes por la tarde se hac\u00eda en lo alto del barrio, donde se concentra la poblaci\u00f3n m\u00e1s vulnerable y en situaci\u00f3n de riesgo social zona en la cual se continuar\u00e1 repartiendo hoy.<\/p>\n<p><em>La presidenta<\/em> de <span style=\"color: #ff0000;\">Cruz Roja<\/span>, <strong>Mari Creu Carri\u00f3<\/strong> as\u00ed como <em>la Directora T\u00e9cnica<\/em> <strong>Asun Garc\u00eda<\/strong> acompa\u00f1aron el grupo en la primera jornada del reparto. Desde la organizaci\u00f3n han explicado que han recibido una gran cantidad de mascarillas quir\u00fargicas por parte del Ministerio y han hecho la propuesta de acometer esta acci\u00f3n comunitaria.<\/p>\n<p>Desde el Centro de Participaci\u00f3n Ciudadana, acudi\u00f3 <em>la t\u00e9cnico<\/em> <strong>Ana Iborra<\/strong> y la miembro de <span style=\"color: #1e90ff;\"><em>Proyecto RIU<\/em><\/span> <strong>Dolores Cort\u00e9s<\/strong> y esta tarde se incorporar\u00e1n <em>el grupo de mujeres gitanas<\/em><strong>&nbsp;ROMI<\/strong><\/p>\n<p>De cara a la pr\u00f3xima semana est\u00e1n planificadas dos salidas m\u00e1s en la parte baja en horario por la ma\u00f1ana y por la tarde, en las que participar\u00e1 un grupo diverso de j\u00f3venes<strong> \u00abespacio joven\u00bb<\/strong> (CPC\/Cepaim) y miembros otras asociaciones y entidades sociales.<em> \u00abPor el momento ya hemos llegado a un total de 215 personas y se han repartido alrededor de 450 mascarillas entre la gente del barrio. Valoramos esta actuaci\u00f3n de manera muy positiva y como siempre, tenemos que agradecer a los voluntarios de <span style=\"color: #ff0000;\">Cruz Roja<\/span> su iniciativa para dar respuesta a las necesidades de los m\u00e1s vulnerables y al mismo tiempo sumarse a esta tarea tan necesaria de prevenci\u00f3n y formaci\u00f3n en el uso de la mascarilla \u00ab<\/em> ha explicado la regidora de Servicios Sociales e Inclusi\u00f3n Social, <strong>Marina Mir<\/strong>.<\/p>\n<p style=\"text-align: center;\" align=\"left\"><span><img fetchpriority=\"high\" decoding=\"async\" class=\" size-full wp-image-53642\" src=\"https:\/\/alzira.es\/wp-content\/uploads\/2021\/02\/IMG_20210223_172827_6.jpg\" alt=\"IMG 20210223 172827 6\" width=\"500\" height=\"375\" srcset=\"https:\/\/alzira.es\/wp-content\/uploads\/2021\/02\/IMG_20210223_172827_6.jpg 1600w, https:\/\/alzira.es\/wp-content\/uploads\/2021\/02\/IMG_20210223_172827_6-680x510.jpg 680w, https:\/\/alzira.es\/wp-content\/uploads\/2021\/02\/IMG_20210223_172827_6-1430x1072.jpg 1430w, https:\/\/alzira.es\/wp-content\/uploads\/2021\/02\/IMG_20210223_172827_6-768x576.jpg 768w, https:\/\/alzira.es\/wp-content\/uploads\/2021\/02\/IMG_20210223_172827_6-1536x1152.jpg 1536w\" sizes=\"(max-width: 500px) 100vw, 500px\" \/>&nbsp;&nbsp;<img decoding=\"async\" class=\"size-full wp-image-53644 lazyload\" data-src=\"https:\/\/alzira.es\/wp-content\/uploads\/2021\/02\/IMG_20210223_180113_7.jpg\" alt=\"IMG 20210223 180113 7\" width=\"500\" height=\"375\" data-srcset=\"https:\/\/alzira.es\/wp-content\/uploads\/2021\/02\/IMG_20210223_180113_7.jpg 1600w, https:\/\/alzira.es\/wp-content\/uploads\/2021\/02\/IMG_20210223_180113_7-680x510.jpg 680w, https:\/\/alzira.es\/wp-content\/uploads\/2021\/02\/IMG_20210223_180113_7-1430x1072.jpg 1430w, https:\/\/alzira.es\/wp-content\/uploads\/2021\/02\/IMG_20210223_180113_7-768x576.jpg 768w, https:\/\/alzira.es\/wp-content\/uploads\/2021\/02\/IMG_20210223_180113_7-1536x1152.jpg 1536w\" data-sizes=\"(max-width: 500px) 100vw, 500px\" src=\"data:image\/svg+xml;base64,PHN2ZyB3aWR0aD0iMSIgaGVpZ2h0PSIxIiB4bWxucz0iaHR0cDovL3d3dy53My5vcmcvMjAwMC9zdmciPjwvc3ZnPg==\" style=\"--smush-placeholder-width: 500px; --smush-placeholder-aspect-ratio: 500\/375;\" \/><\/span><\/p>\n<p style=\"text-align: center;\" align=\"left\"><span><img decoding=\"async\" class=\"size-full wp-image-53646 lazyload\" data-src=\"https:\/\/alzira.es\/wp-content\/uploads\/2021\/02\/IMG_20210223_173203_3.ok_.jpg\" alt=\"IMG 20210223 173203 3.ok\" width=\"500\" height=\"353\" data-srcset=\"https:\/\/alzira.es\/wp-content\/uploads\/2021\/02\/IMG_20210223_173203_3.ok_.jpg 1127w, https:\/\/alzira.es\/wp-content\/uploads\/2021\/02\/IMG_20210223_173203_3.ok_-680x480.jpg 680w, https:\/\/alzira.es\/wp-content\/uploads\/2021\/02\/IMG_20210223_173203_3.ok_-768x542.jpg 768w\" data-sizes=\"(max-width: 500px) 100vw, 500px\" src=\"data:image\/svg+xml;base64,PHN2ZyB3aWR0aD0iMSIgaGVpZ2h0PSIxIiB4bWxucz0iaHR0cDovL3d3dy53My5vcmcvMjAwMC9zdmciPjwvc3ZnPg==\" style=\"--smush-placeholder-width: 500px; --smush-placeholder-aspect-ratio: 500\/353;\" \/>&nbsp;&nbsp;<img decoding=\"async\" class=\"size-full wp-image-53648 lazyload\" data-src=\"https:\/\/alzira.es\/wp-content\/uploads\/2021\/02\/IMG_20210223_174210_5.ok_.jpg\" alt=\"IMG 20210223 174210 5.ok\" width=\"500\" height=\"395\" data-srcset=\"https:\/\/alzira.es\/wp-content\/uploads\/2021\/02\/IMG_20210223_174210_5.ok_.jpg 1159w, https:\/\/alzira.es\/wp-content\/uploads\/2021\/02\/IMG_20210223_174210_5.ok_-680x537.jpg 680w, https:\/\/alzira.es\/wp-content\/uploads\/2021\/02\/IMG_20210223_174210_5.ok_-768x607.jpg 768w\" data-sizes=\"(max-width: 500px) 100vw, 500px\" src=\"data:image\/svg+xml;base64,PHN2ZyB3aWR0aD0iMSIgaGVpZ2h0PSIxIiB4bWxucz0iaHR0cDovL3d3dy53My5vcmcvMjAwMC9zdmciPjwvc3ZnPg==\" style=\"--smush-placeholder-width: 500px; --smush-placeholder-aspect-ratio: 500\/395;\" \/><\/span><\/p>\n<p style=\"text-align: center;\" align=\"left\"><img decoding=\"async\" class=\"size-full wp-image-53650 lazyload\" data-src=\"https:\/\/alzira.es\/wp-content\/uploads\/2021\/02\/IMG-20210223-WA0019.ok_.jpg\" alt=\"IMG-20210223-WA0019.ok\" width=\"1013\" height=\"601\" data-srcset=\"https:\/\/alzira.es\/wp-content\/uploads\/2021\/02\/IMG-20210223-WA0019.ok_.jpg 1554w, https:\/\/alzira.es\/wp-content\/uploads\/2021\/02\/IMG-20210223-WA0019.ok_-680x403.jpg 680w, https:\/\/alzira.es\/wp-content\/uploads\/2021\/02\/IMG-20210223-WA0019.ok_-1430x848.jpg 1430w, https:\/\/alzira.es\/wp-content\/uploads\/2021\/02\/IMG-20210223-WA0019.ok_-768x456.jpg 768w, https:\/\/alzira.es\/wp-content\/uploads\/2021\/02\/IMG-20210223-WA0019.ok_-1536x911.jpg 1536w\" data-sizes=\"(max-width: 706px) 89vw, (max-width: 767px) 82vw, 740px\" src=\"data:image\/svg+xml;base64,PHN2ZyB3aWR0aD0iMSIgaGVpZ2h0PSIxIiB4bWxucz0iaHR0cDovL3d3dy53My5vcmcvMjAwMC9zdmciPjwvc3ZnPg==\" style=\"--smush-placeholder-width: 1013px; --smush-placeholder-aspect-ratio: 1013\/601;\" \/><\/p>\n","protected":false},"excerpt":{"rendered":"<p>Los voluntarios de Cruz Roja Alzira con la colaboraci\u00f3n de un grupo motor del Centro de Participaci\u00f3n Ciudadana, comenzaban ayer el reparto de mascarillas al barrio del Alquerieta. Ayer martes por la tarde se hac\u00eda en lo alto del barrio, donde se concentra la poblaci\u00f3n m\u00e1s vulnerable y en situaci\u00f3n de riesgo social zona en &hellip; <\/p>\n<p class=\"link-more\"><a href=\"https:\/\/alzira.es\/es\/creu-roja-alzira-i-el-centre-de-participacio-ciutadana-repartixen-mascaretes-a-la-poblacio-de-risc-social\/\" class=\"more-link\">Continuar leyendo<span class=\"screen-reader-text\"> \u00abCruz Roja Alzira y el Centro de Participaci\u00f3n Ciudadana reparten mascarillas en la poblaci\u00f3n de riesgo social\u00bb<\/span><\/a><\/p>\n","protected":false},"author":29,"featured_media":53642,"comment_status":"","ping_status":"","sticky":false,"template":"","format":"standard","meta":{"_acf_changed":false,"footnotes":""},"categories":[4936],"tags":[],"class_list":["post-53652","post","type-post","status-publish","format-standard","has-post-thumbnail","hentry","category-hemeroteca-es"],"acf":[],"_links":{"self":[{"href":"https:\/\/alzira.es\/es\/wp-json\/wp\/v2\/posts\/53652","targetHints":{"allow":["GET"]}}],"collection":[{"href":"https:\/\/alzira.es\/es\/wp-json\/wp\/v2\/posts"}],"about":[{"href":"https:\/\/alzira.es\/es\/wp-json\/wp\/v2\/types\/post"}],"author":[{"embeddable":true,"href":"https:\/\/alzira.es\/es\/wp-json\/wp\/v2\/users\/29"}],"replies":[{"embeddable":true,"href":"https:\/\/alzira.es\/es\/wp-json\/wp\/v2\/comments?post=53652"}],"version-history":[{"count":0,"href":"https:\/\/alzira.es\/es\/wp-json\/wp\/v2\/posts\/53652\/revisions"}],"wp:featuredmedia":[{"embeddable":true,"href":"https:\/\/alzira.es\/es\/wp-json\/wp\/v2\/media\/53642"}],"wp:attachment":[{"href":"https:\/\/alzira.es\/es\/wp-json\/wp\/v2\/media?parent=53652"}],"wp:term":[{"taxonomy":"category","embeddable":true,"href":"https:\/\/alzira.es\/es\/wp-json\/wp\/v2\/categories?post=53652"},{"taxonomy":"post_tag","embeddable":true,"href":"https:\/\/alzira.es\/es\/wp-json\/wp\/v2\/tags?post=53652"}],"curies":[{"name":"wp","href":"https:\/\/api.w.org\/{rel}","templated":true}]}}