{"id":53640,"date":"2021-02-25T08:53:09","date_gmt":"2021-02-25T07:53:09","guid":{"rendered":"https:\/\/alzira.es\/alzira-obri-el-termini-per-a-accedir-a-les-parcel-les-dels-horts-comunitaris-d-hort-de-ros\/"},"modified":"2021-02-25T08:53:09","modified_gmt":"2021-02-25T07:53:09","slug":"alzira-obri-el-termini-per-a-accedir-a-les-parcel-les-dels-horts-comunitaris-d-hort-de-ros","status":"publish","type":"post","link":"https:\/\/alzira.es\/es\/alzira-obri-el-termini-per-a-accedir-a-les-parcel-les-dels-horts-comunitaris-d-hort-de-ros\/","title":{"rendered":"Alzira abre el plazo para acceder a las parcelas de los huertos comunitarios de Huerto de Ros"},"content":{"rendered":"<p>A partir del pr\u00f3ximo d\u00eda <strong>1 y hasta el 14 de marzo<\/strong>, los dos inclusivamente, el Ayuntamiento de Alzira abre el plazo para poder acceder, mediante sorteo, a una de las tres parcelas de los Huertos comunitarios situados en el conocido como <strong>\u00abHuerto de Ros\u00bb<\/strong>, a pie de la Munta\u00f1eta, que se ceden en esta convocatoria.<\/p>\n<p>Para poder acceder al <strong>sorteo<\/strong>, los interesados hace falta que presentan la instancia, en el periodo indicado, <strong>de manera presencial en la Clave<\/strong>, recordamos que hay que pedir <strong><span style=\"color: #b22222;\"><a href=\"https:\/\/citaprevia.alzira.es\/#!\/es\/home\" target=\"_blank\" rel=\"noopener\"><span style=\"color: #b22222;\">cita previa<\/span><\/a><\/span><\/strong> a la web municipal<\/p>\n<p>Tambi\u00e9n se puede solicitar de<strong> forma telem\u00e1tica<\/strong>, a partir del 1 de marzo, a la <strong>Sede Electr\u00f3nica<\/strong> si se dispone de certificado electr\u00f3nico de firma o en la forma que determina el art\u00edculo 16 de la Ley 39\/2015, de 1 de octubre, Reguladora del Procedimiento Administrativo Com\u00fan de las Administraciones P\u00fablicas, manifestando el inter\u00e9s a participar en el sorteo de una de las parcelas del Huerto de Ros.<\/p>\n<p><span style=\"text-decoration: underline;\">Los requisitos que tienen que cumplir los interesados son:<\/span><br \/>&#8211; Ser mayores de edad.<br \/>&#8211; Estar empadronado en Alzira con una antig\u00fcedad mayor de dos a\u00f1os a la fecha de presentaci\u00f3n de solicitudes.<br \/>&#8211; Estar al corriente en el pago de las obligaciones tributarias con el Ayuntamiento.<\/p>\n<p><span style=\"color: #b22222;\"><strong><a href=\"https:\/\/sedeelectronica.alzira.es\/alzira_vpm\/index.php\/val\/component\/jdownloads\/finish\/56\/53360\" target=\"_blank\" rel=\"noopener\"><span style=\"color: #b22222;\">Enlace<\/span><\/a><\/strong><\/span>&nbsp;a las bases.<\/p>\n<p>M\u00e1s informaci\u00f3n en la web municipal<span style=\"color: #cc0000;\"><strong> <a href=\"..\/\"><span style=\"color: #cc0000;\">www.alzira.es<\/span><\/a><\/strong><strong><span style=\"color: #cc0000;\"><br \/><\/span><\/strong><\/span><\/p>\n<p style=\"text-align: center;\"><img fetchpriority=\"high\" decoding=\"async\" class=\" size-full wp-image-53638\" src=\"https:\/\/alzira.es\/wp-content\/uploads\/2021\/02\/20190129_092124.ok_.jpg\" alt=\"20190129 092124.ok\" width=\"1000\" height=\"600\" srcset=\"https:\/\/alzira.es\/wp-content\/uploads\/2021\/02\/20190129_092124.ok_.jpg 1900w, https:\/\/alzira.es\/wp-content\/uploads\/2021\/02\/20190129_092124.ok_-680x408.jpg 680w, https:\/\/alzira.es\/wp-content\/uploads\/2021\/02\/20190129_092124.ok_-1430x858.jpg 1430w, https:\/\/alzira.es\/wp-content\/uploads\/2021\/02\/20190129_092124.ok_-768x461.jpg 768w, https:\/\/alzira.es\/wp-content\/uploads\/2021\/02\/20190129_092124.ok_-1536x922.jpg 1536w\" sizes=\"(max-width: 706px) 89vw, (max-width: 767px) 82vw, 740px\" \/><\/p>\n<p style=\"text-align: center;\">&nbsp;<\/p>\n","protected":false},"excerpt":{"rendered":"<p>A partir del pr\u00f3ximo d\u00eda 1 y hasta el 14 de marzo, los dos inclusivamente, el Ayuntamiento de Alzira abre el plazo para poder acceder, mediante sorteo, a una de las tres parcelas de los Huertos comunitarios situados en el conocido como \u00abHuerto de Ros\u00bb, a pie de la Munta\u00f1eta, que se ceden en esta &hellip; <\/p>\n<p class=\"link-more\"><a href=\"https:\/\/alzira.es\/es\/alzira-obri-el-termini-per-a-accedir-a-les-parcel-les-dels-horts-comunitaris-d-hort-de-ros\/\" class=\"more-link\">Continuar leyendo<span class=\"screen-reader-text\"> \u00abAlzira abre el plazo para acceder a las parcelas de los huertos comunitarios de Huerto de Ros\u00bb<\/span><\/a><\/p>\n","protected":false},"author":29,"featured_media":53638,"comment_status":"","ping_status":"","sticky":false,"template":"","format":"standard","meta":{"_acf_changed":false,"footnotes":""},"categories":[4936],"tags":[],"class_list":["post-53640","post","type-post","status-publish","format-standard","has-post-thumbnail","hentry","category-hemeroteca-es"],"acf":[],"_links":{"self":[{"href":"https:\/\/alzira.es\/es\/wp-json\/wp\/v2\/posts\/53640","targetHints":{"allow":["GET"]}}],"collection":[{"href":"https:\/\/alzira.es\/es\/wp-json\/wp\/v2\/posts"}],"about":[{"href":"https:\/\/alzira.es\/es\/wp-json\/wp\/v2\/types\/post"}],"author":[{"embeddable":true,"href":"https:\/\/alzira.es\/es\/wp-json\/wp\/v2\/users\/29"}],"replies":[{"embeddable":true,"href":"https:\/\/alzira.es\/es\/wp-json\/wp\/v2\/comments?post=53640"}],"version-history":[{"count":0,"href":"https:\/\/alzira.es\/es\/wp-json\/wp\/v2\/posts\/53640\/revisions"}],"wp:featuredmedia":[{"embeddable":true,"href":"https:\/\/alzira.es\/es\/wp-json\/wp\/v2\/media\/53638"}],"wp:attachment":[{"href":"https:\/\/alzira.es\/es\/wp-json\/wp\/v2\/media?parent=53640"}],"wp:term":[{"taxonomy":"category","embeddable":true,"href":"https:\/\/alzira.es\/es\/wp-json\/wp\/v2\/categories?post=53640"},{"taxonomy":"post_tag","embeddable":true,"href":"https:\/\/alzira.es\/es\/wp-json\/wp\/v2\/tags?post=53640"}],"curies":[{"name":"wp","href":"https:\/\/api.w.org\/{rel}","templated":true}]}}