{"id":53637,"date":"2021-02-24T13:52:51","date_gmt":"2021-02-24T12:52:51","guid":{"rendered":"https:\/\/alzira.es\/un-medallo-commemoratiu-del-pintor-teodoro-andreu-i-elements-de-mobiliari-han-sigut-do-nats-al-muma-per-l-artista-jordi-benavent-i-per-la-familia-la-huerta-talens-2\/"},"modified":"2021-02-24T13:52:51","modified_gmt":"2021-02-24T12:52:51","slug":"un-medallo-commemoratiu-del-pintor-teodoro-andreu-i-elements-de-mobiliari-han-sigut-do-nats-al-muma-per-l-artista-jordi-benavent-i-per-la-familia-la-huerta-talens-2","status":"publish","type":"post","link":"https:\/\/alzira.es\/es\/un-medallo-commemoratiu-del-pintor-teodoro-andreu-i-elements-de-mobiliari-han-sigut-do-nats-al-muma-per-l-artista-jordi-benavent-i-per-la-familia-la-huerta-talens-2\/","title":{"rendered":"Un medall\u00f3 commemoratiu del pintor Teodoro Andreu i elements de mobiliari han sigut donats al MUMA per l\u2019artista Jordi Benavent i per la fam\u00edlia La Huerta-Talens"},"content":{"rendered":"<p>En estes \u00faltimes setmanes <strong>s&#8217;han rebut donacions de ciutadans que ajuden a incrementar el fons muse\u00edstic que alberga el<span style=\"color: #b22222;\"> MUMA<\/span><\/strong>, <strong>el Museu Municipal d&#8217;Alzira<\/strong>.<\/p>\n<p>Concretament <strong>Jordi Benavent Moll\u00e0<\/strong> ha donat una placa commemorativa del 150 aniversari del naixement del pintor<strong> Teodoro Andreu Sentamans<\/strong> (1870 \u2013 2020).<\/p>\n<p>Prevista, en un principi per a l&#8217;any en que es commemorava l&#8217;efem\u00e8ride del naixement del pintor, s&#8217;ha vist retardada fins ara degut a la situaci\u00f3 sanit\u00e0ria actual. Es tracta d&#8217;un medall\u00f3 en alt relleu, de 40 cms de di\u00e0metre que reprodueix una imatge del pintor en el seu taller art\u00edstic, amb la llegenda <em><strong>\u00abTeodoro Andreu Sentamans, 1870\u20131935. 150 aniversari del naixement\u00bb<\/strong><\/em>, deixant aix\u00ed const\u00e0ncia d&#8217;un any, el 2020, en el que tamb\u00e9 el calendari municipal va estar dedicat al pintor.<\/p>\n<p><strong>Isabel Aguilar<\/strong>, regidora de Patrimoni Cultural, ha rebut la donaci\u00f3 que ser\u00e0 ubicada en la Sala permanent dedicada a <strong>Teodoro Andreu<\/strong>, junt amb la reproducci\u00f3 del bust a tamany natural, obra del mateix Benavent realitzat en 2016 i donat al<strong><span style=\"color: #b22222;\"> MUMA<\/span> <\/strong>en 2019.<\/p>\n<p><strong>Benavent<\/strong> \u00e9s un artes\u00e0 que ha treballat per conter propi com artista faller, aix\u00ed com en l&#8217;empresa <strong>ACTION PARK<\/strong> fent escultures per a Terra M\u00edtica; en l&#8217;empresa <strong>OLCINA<\/strong> dissenyant en argila peces ornamentals per a edificis; dibuixat i pintat telons de fons per a estudis fotogr\u00e0fics o teatres; en l&#8217;empresa <strong>ODEON DECORADOS<\/strong>, fent decorats per a muntatges teatrals com <strong><em>\u00abSim\u00f3n Bocanegra\u00bb<\/em><\/strong>, <strong><em>\u00abLa Bruja\u00bb<\/em><\/strong> o el musical<strong><em> \u00abGaud\u00ed\u00bb<\/em><\/strong>; o fent decorats per a figures del <strong>WAX MUSEUM<\/strong> del Hollywood Bulevard en Calif\u00f2rnia.<\/p>\n<p>Ha exposat escultures en <strong>\u00ab40 anys fent art\u00bb<\/strong>, en la Casa de la Cultura d&#8217;Alzira en 2017 i en Benig\u00e0nim el 2018.<\/p>\n<p><span style=\"text-decoration: underline;\">Per altra banda<strong> la regidora agra\u00efx tamb\u00e9 a la fam\u00edlia Lahuerta-Talens la donaci\u00f3 al <span style=\"color: #b22222; text-decoration: underline;\">MUMA<\/span> dels seg\u00fcents elements<\/strong>:<\/span><\/p>\n<p style=\"margin-left: 30px;\">&#8211; Un Tel\u00e8fon antic de paret i un altre de taula, els quals seran exposats en la mostra etnol\u00f2gica de la Casa d&#8217;Al\u00f3s; un taulell emmarcat testimoniant el nivell de la Pantanada de 1982, que s&#8217;ha ubicat en l&#8217;entrada del museu per a testimoni del nivell d&#8217;aig\u00fces.<\/p>\n<p style=\"margin-left: 30px;\">&#8211; Una taula redona de 4 potes amb pedra de marbre de 80 cm.<\/p>\n<p style=\"margin-left: 30px;\">&#8211; 6 cadires entapissades amb vellut roig, les quals s&#8217;incorporen tamb\u00e9 a l&#8217;exposici\u00f3 de l&#8217;ambientaci\u00f3 etnol\u00f2gica de la Casa d&#8217;Al\u00f3s.<\/p>\n<p style=\"margin-left: 30px;\">&#8211; Una Escriptura notarial, del segle XIX, d&#8217;una casa del carrer Chulvi, concretament del voltant de l&#8217;espai de la Vila que est\u00e0 sent motiu d&#8217;estudi arqueol\u00f2gic i documental per l&#8217;aparici\u00f3 de l&#8217;arc de mig punt i del forn del segle XX ubicat en el lloc que Jaume I va autoritzar instal\u00b7lar en el segle XIII un forn de pa, segons consta en el llibre del Repartiment.<\/p>\n<p style=\"margin-left: 30px;\">&#8211; Un joc d&#8217;escriptori de taula de cuir repujat, compost per:<br \/>&nbsp; &nbsp; &#8211; Tapet guarda documents.<br \/>&nbsp; &nbsp; &#8211; Porta-tinter de dos tinters.<br \/>&nbsp; &nbsp; &#8211; Secant.<br \/>&nbsp; &nbsp; &#8211; Cendrer.<br \/>&nbsp; &nbsp; &#8211; tallapapers met\u00e0l\u00b7lics amb safata.<\/p>\n<p style=\"margin-left: 30px;\">&#8211; Conjunt de peces d&#8217;espart compost per:<br \/>&nbsp; &nbsp;&#8211; 4 cistelletes.<br \/>&nbsp; &nbsp;&#8211; 5 cistelles de diferents mides.<\/p>\n<p><strong>Totes les peces en magn\u00edfic estat de conservaci\u00f3<\/strong> motiu pel qual algunes d&#8217;elles han sigut incorporades immediatament a la mostra que <strong>en breu s&#8217;exposar\u00e0 al p\u00fablic amb l&#8217;obertura de la Casa d&#8217;Al\u00f3s<\/strong>.<\/p>\n<p><em>\u00ab\u00c9s important\u00edssim comptar amb la sensibilitat de ciutadans que com Benavent o la fam\u00edlia La Huerta-Talens realitzen les seues aportacions al <strong><span style=\"color: #b22222;\">MUMA<\/span><\/strong> que ajuden a incrementar el seu fons, i donen la possibilitat de mostrar-les en les sales temporals o permanents, aix\u00ed com en la Casa d&#8217;Al\u00f3s, elements commemoratius d&#8217;alzirenys il\u00b7lustres i utensilis d&#8217;altres \u00e8poques que ens ajuden a retrocedir unes quantes d\u00e8cades arrere\u00bb<\/em>, segons ha declarat <strong>Aguilar<\/strong>.<\/p>\n<p style=\"text-align: center;\"><img fetchpriority=\"high\" decoding=\"async\" class=\" size-full wp-image-53630\" src=\"https:\/\/alzira.es\/wp-content\/uploads\/2021\/02\/muma_3.jpg\" alt=\"muma 3\" width=\"1000\" height=\"450\" \/><\/p>\n<p style=\"text-align: center;\"><img decoding=\"async\" class=\"size-full wp-image-53632 lazyload\" data-src=\"https:\/\/alzira.es\/wp-content\/uploads\/2021\/02\/muma_5.ok_.jpg\" alt=\"muma 5.ok\" width=\"428\" height=\"563\" data-srcset=\"https:\/\/alzira.es\/wp-content\/uploads\/2021\/02\/muma_5.ok_.jpg 900w, https:\/\/alzira.es\/wp-content\/uploads\/2021\/02\/muma_5.ok_-680x895.jpg 680w, https:\/\/alzira.es\/wp-content\/uploads\/2021\/02\/muma_5.ok_-815x1072.jpg 815w, https:\/\/alzira.es\/wp-content\/uploads\/2021\/02\/muma_5.ok_-768x1010.jpg 768w\" data-sizes=\"(max-width: 428px) 100vw, 428px\" src=\"data:image\/svg+xml;base64,PHN2ZyB3aWR0aD0iMSIgaGVpZ2h0PSIxIiB4bWxucz0iaHR0cDovL3d3dy53My5vcmcvMjAwMC9zdmciPjwvc3ZnPg==\" style=\"--smush-placeholder-width: 428px; --smush-placeholder-aspect-ratio: 428\/563;\" \/>&nbsp;&nbsp;<img decoding=\"async\" class=\"size-full wp-image-53634 lazyload\" data-src=\"https:\/\/alzira.es\/wp-content\/uploads\/2021\/02\/muma_2.jpg\" alt=\"muma 2\" width=\"752\" height=\"564\" data-srcset=\"https:\/\/alzira.es\/wp-content\/uploads\/2021\/02\/muma_2.jpg 2346w, https:\/\/alzira.es\/wp-content\/uploads\/2021\/02\/muma_2-680x511.jpg 680w, https:\/\/alzira.es\/wp-content\/uploads\/2021\/02\/muma_2-1427x1072.jpg 1427w, https:\/\/alzira.es\/wp-content\/uploads\/2021\/02\/muma_2-768x577.jpg 768w, https:\/\/alzira.es\/wp-content\/uploads\/2021\/02\/muma_2-1536x1154.jpg 1536w, https:\/\/alzira.es\/wp-content\/uploads\/2021\/02\/muma_2-2048x1538.jpg 2048w\" data-sizes=\"(max-width: 706px) 89vw, (max-width: 767px) 82vw, 740px\" src=\"data:image\/svg+xml;base64,PHN2ZyB3aWR0aD0iMSIgaGVpZ2h0PSIxIiB4bWxucz0iaHR0cDovL3d3dy53My5vcmcvMjAwMC9zdmciPjwvc3ZnPg==\" style=\"--smush-placeholder-width: 752px; --smush-placeholder-aspect-ratio: 752\/564;\" \/>&nbsp;<\/p>\n","protected":false},"excerpt":{"rendered":"<p>En estes \u00faltimes setmanes s&#8217;han rebut donacions de ciutadans que ajuden a incrementar el fons muse\u00edstic que alberga el MUMA, el Museu Municipal d&#8217;Alzira. Concretament Jordi Benavent Moll\u00e0 ha donat una placa commemorativa del 150 aniversari del naixement del pintor Teodoro Andreu Sentamans (1870 \u2013 2020). Prevista, en un principi per a l&#8217;any en que &hellip; <\/p>\n<p class=\"link-more\"><a href=\"https:\/\/alzira.es\/es\/un-medallo-commemoratiu-del-pintor-teodoro-andreu-i-elements-de-mobiliari-han-sigut-do-nats-al-muma-per-l-artista-jordi-benavent-i-per-la-familia-la-huerta-talens-2\/\" class=\"more-link\">Continuar leyendo<span class=\"screen-reader-text\"> \u00abUn medall\u00f3 commemoratiu del pintor Teodoro Andreu i elements de mobiliari han sigut donats al MUMA per l\u2019artista Jordi Benavent i per la fam\u00edlia La Huerta-Talens\u00bb<\/span><\/a><\/p>\n","protected":false},"author":29,"featured_media":53630,"comment_status":"","ping_status":"","sticky":false,"template":"","format":"standard","meta":{"_acf_changed":false,"footnotes":""},"categories":[],"tags":[],"class_list":["post-53637","post","type-post","status-publish","format-standard","has-post-thumbnail","hentry"],"acf":[],"_links":{"self":[{"href":"https:\/\/alzira.es\/es\/wp-json\/wp\/v2\/posts\/53637","targetHints":{"allow":["GET"]}}],"collection":[{"href":"https:\/\/alzira.es\/es\/wp-json\/wp\/v2\/posts"}],"about":[{"href":"https:\/\/alzira.es\/es\/wp-json\/wp\/v2\/types\/post"}],"author":[{"embeddable":true,"href":"https:\/\/alzira.es\/es\/wp-json\/wp\/v2\/users\/29"}],"replies":[{"embeddable":true,"href":"https:\/\/alzira.es\/es\/wp-json\/wp\/v2\/comments?post=53637"}],"version-history":[{"count":0,"href":"https:\/\/alzira.es\/es\/wp-json\/wp\/v2\/posts\/53637\/revisions"}],"wp:featuredmedia":[{"embeddable":true,"href":"https:\/\/alzira.es\/es\/wp-json\/wp\/v2\/media\/53630"}],"wp:attachment":[{"href":"https:\/\/alzira.es\/es\/wp-json\/wp\/v2\/media?parent=53637"}],"wp:term":[{"taxonomy":"category","embeddable":true,"href":"https:\/\/alzira.es\/es\/wp-json\/wp\/v2\/categories?post=53637"},{"taxonomy":"post_tag","embeddable":true,"href":"https:\/\/alzira.es\/es\/wp-json\/wp\/v2\/tags?post=53637"}],"curies":[{"name":"wp","href":"https:\/\/api.w.org\/{rel}","templated":true}]}}