{"id":53636,"date":"2021-02-24T13:52:51","date_gmt":"2021-02-24T12:52:51","guid":{"rendered":"https:\/\/alzira.es\/un-medallo-commemoratiu-del-pintor-teodoro-andreu-i-elements-de-mobiliari-han-sigut-do-nats-al-muma-per-l-artista-jordi-benavent-i-per-la-familia-la-huerta-talens\/"},"modified":"2021-02-24T13:52:51","modified_gmt":"2021-02-24T12:52:51","slug":"un-medallo-commemoratiu-del-pintor-teodoro-andreu-i-elements-de-mobiliari-han-sigut-do-nats-al-muma-per-l-artista-jordi-benavent-i-per-la-familia-la-huerta-talens","status":"publish","type":"post","link":"https:\/\/alzira.es\/es\/un-medallo-commemoratiu-del-pintor-teodoro-andreu-i-elements-de-mobiliari-han-sigut-do-nats-al-muma-per-l-artista-jordi-benavent-i-per-la-familia-la-huerta-talens\/","title":{"rendered":"Un medall\u00f3n conmemorativo del pintor Teodoro Andreu y elementos de mobiliario han sido dados al MUMA por el artista Jordi Benavent y por la familia La Huerta-Talens"},"content":{"rendered":"<p>En estas \u00faltimas semanas <strong>se han recibido donaciones de ciudadanos que ayudan a incrementar el fondo muse\u00edstico que alberga el <span style=\"color: #b22222;\">MUMA<\/span>, el Museo Municipal de Alzira<\/strong>.<\/p>\n<p>Concretamente<strong> Jordi Benavent Moll\u00e0<\/strong> ha dado una placa conmemorativa del 150 cumplea\u00f1os del nacimiento del pintor <strong>Teodoro Andreu Sentamans<\/strong> (1870 \u2013 2020).<\/p>\n<p>Prevista, en un principio para el a\u00f1o en que se conmemoraba la efem\u00e9ride del nacimiento del pintor, se ha visto retrasada hasta ahora debido a la situaci\u00f3n sanitaria actual. Se trata de un medall\u00f3n en alto relevo, de 40 cms de di\u00e1metro que reproduce una imagen del pintor en su taller art\u00edstico, con la leyenda <em><strong>\u00abTeodoro Andreu Sentamans, 1870\u20131935. 150 cumplea\u00f1os del nacimiento\u00bb<\/strong><\/em>, dejando as\u00ed constancia de un a\u00f1o, el 2020, en el que tambi\u00e9n el calendario municipal estuvo dedicado al pintor.<\/p>\n<p><strong>Isabel Aguilar<\/strong>, regidora de Patrimonio Cultural, ha recibido la donaci\u00f3n que ser\u00e1 ubicada en la Sala permanente dedicada a <strong>Teodoro Andreu<\/strong>, junto con la reproducci\u00f3n del busto a tama\u00f1o natural, obra del mismo Benavent realizado en 2016 y dado al<strong><span style=\"color: #b22222;\"> MUMA<\/span><\/strong> en 2019.<\/p>\n<p><strong>Benavent<\/strong> es un artesano que ha trabajado por cuenta propia como artista fallero, as\u00ed como en la empresa <strong>ACTION PARK<\/strong> haciendo esculturas para Tierra M\u00edtica; en la empresa <strong>OLCINA<\/strong> dise\u00f1ando en arcilla piezas ornamentales para edificios; dibujado y pintado telones de fondos para estudios fotogr\u00e1ficos o teatros; en la empresa <strong>ODEON DECORADOS<\/strong>, haciendo decorados para montajes teatrales como<em><strong> \u00abSim\u00f3n Bocanegra\u00bb<\/strong><\/em>,<em><strong> \u00abLa Bruja\u00bb<\/strong><\/em> o el musical <em><strong>\u00abGaud\u00ed\u00bb<\/strong><\/em>; o haciendo decorados para figuras del <strong>WAX MUSEUM<\/strong> del Hollywood Bulevar en California.<\/p>\n<p>Ha expuesto esculturas en <strong>\u00ab40 a\u00f1os haciendo arte\u00bb<\/strong>, en la Casa de la Cultura de Alzira en 2017 y en Benig\u00e0nim el 2018.<\/p>\n<p>Por otro lado <span style=\"text-decoration: underline;\"><strong>la regidora agradece tambi\u00e9n a la familia Lahuerta-Talens la donaci\u00f3n al <span style=\"color: #b22222; text-decoration: underline;\">MUMA<\/span> de los siguientes elementos<\/strong><\/span>:<\/p>\n<p style=\"margin-left: 30px;\">&#8211; Un Tel\u00e9fono antiguo de pared y otro de mesa, los cuales ser\u00e1n expuestos en la muestra etnol\u00f3gica de la Casa de Al\u00f3s; un azulejo enmarcado testimoniando el nivel de la Pantanada de 1982, que se ha ubicado en la entrada del museo para testigo del nivel de aguas.<\/p>\n<p style=\"margin-left: 30px;\">&#8211; Una mesa redonda de 4 patas con piedra de m\u00e1rmol de 80 cm.<\/p>\n<p style=\"margin-left: 30px;\">&#8211; 6 sillas tapizadas con terciopelo rojo, las cuales se incorporan tambi\u00e9n a la exposici\u00f3n de la ambientaci\u00f3n etnol\u00f3gica de la Casa de Al\u00f3s.<\/p>\n<p style=\"margin-left: 30px;\">&#8211; Una Escritura notarial, del siglo XIX, de una casa de la calle Chulvi, concretamente del alrededor del espacio de la Vila que est\u00e1 siendo motivo de estudio arqueol\u00f3gico y documental por la aparici\u00f3n del arco de medio punto y del horno del siglo XX ubicado en el lugar que Jaime I autoriz\u00f3 instalar en el siglo XIII un horno de pan, seg\u00fan consta en el libro del Reparto.<\/p>\n<p style=\"margin-left: 30px;\">&#8211; Un juego de escritorio de tabla de cuero repujado, compuesto por:<br \/>&nbsp; &nbsp;&#8211; Tapete guarda documentos.<br \/>&nbsp; &nbsp;&#8211; Lleva-tintero de dos tinteros.<br \/>&nbsp; &nbsp;&#8211; Secante.<br \/>&nbsp; &nbsp;&#8211; Cenicero.<br \/>&nbsp; &nbsp;&#8211; abrecartas met\u00e1licos con bandeja.<\/p>\n<p style=\"margin-left: 30px;\">&#8211; Conjunto de piezas de esparto compuesto por:<br \/>&nbsp; &nbsp;&#8211; 4 cestitas.<br \/>&nbsp; &nbsp;&#8211; 5 cestas de diferentes medidas.<\/p>\n<p><strong>Todas las piezas en magn\u00edfico estado de conservaci\u00f3n<\/strong> motivo por el cual algunas de ellas han sido incorporadas inmediatamente a la muestra que <strong>en breve se expondr\u00e1 al p\u00fablico con la apertura de la Casa de Al\u00f3s<\/strong>.<\/p>\n<p><em>\u00abEs important\u00edsimo contar con la sensibilidad de ciudadanos que como Benavent o la familia La Huerta-Talens realizan sus aportaciones al <strong><span style=\"color: #b22222;\">MUMA<\/span><\/strong> que ayudan a incrementar su fondo, y dan la posibilidad de mostrarlas en las salas temporales o permanentes, as\u00ed como en la Casa de Al\u00f3s, elementos conmemorativos de alcire\u00f1os ilustres y utensilios otras \u00e9pocas que nos ayudan a retroceder unas cu\u00e1ntas d\u00e9cadas atr\u00e1s\u00bb<\/em>, seg\u00fan ha declarado <strong>Aguilar<\/strong>.<\/p>\n<p style=\"text-align: center;\"><img fetchpriority=\"high\" decoding=\"async\" class=\" size-full wp-image-53630\" src=\"https:\/\/alzira.es\/wp-content\/uploads\/2021\/02\/muma_3.jpg\" alt=\"muma 3\" width=\"1000\" height=\"450\" \/><\/p>\n<p style=\"text-align: center;\"><img decoding=\"async\" class=\"size-full wp-image-53632 lazyload\" data-src=\"https:\/\/alzira.es\/wp-content\/uploads\/2021\/02\/muma_5.ok_.jpg\" alt=\"muma 5.ok\" width=\"397\" height=\"521\" data-srcset=\"https:\/\/alzira.es\/wp-content\/uploads\/2021\/02\/muma_5.ok_.jpg 900w, https:\/\/alzira.es\/wp-content\/uploads\/2021\/02\/muma_5.ok_-815x1072.jpg 815w, https:\/\/alzira.es\/wp-content\/uploads\/2021\/02\/muma_5.ok_-768x1010.jpg 768w\" data-sizes=\"(max-width: 397px) 100vw, 397px\" src=\"data:image\/svg+xml;base64,PHN2ZyB3aWR0aD0iMSIgaGVpZ2h0PSIxIiB4bWxucz0iaHR0cDovL3d3dy53My5vcmcvMjAwMC9zdmciPjwvc3ZnPg==\" style=\"--smush-placeholder-width: 397px; --smush-placeholder-aspect-ratio: 397\/521;\" \/>&nbsp;&nbsp;<img decoding=\"async\" class=\"size-full wp-image-53634 lazyload\" data-src=\"https:\/\/alzira.es\/wp-content\/uploads\/2021\/02\/muma_2.jpg\" alt=\"muma 2\" width=\"693\" height=\"521\" data-srcset=\"https:\/\/alzira.es\/wp-content\/uploads\/2021\/02\/muma_2.jpg 2346w, https:\/\/alzira.es\/wp-content\/uploads\/2021\/02\/muma_2-680x511.jpg 680w, https:\/\/alzira.es\/wp-content\/uploads\/2021\/02\/muma_2-1427x1072.jpg 1427w, https:\/\/alzira.es\/wp-content\/uploads\/2021\/02\/muma_2-768x577.jpg 768w, https:\/\/alzira.es\/wp-content\/uploads\/2021\/02\/muma_2-1536x1154.jpg 1536w, https:\/\/alzira.es\/wp-content\/uploads\/2021\/02\/muma_2-2048x1538.jpg 2048w\" data-sizes=\"(max-width: 693px) 100vw, 693px\" src=\"data:image\/svg+xml;base64,PHN2ZyB3aWR0aD0iMSIgaGVpZ2h0PSIxIiB4bWxucz0iaHR0cDovL3d3dy53My5vcmcvMjAwMC9zdmciPjwvc3ZnPg==\" style=\"--smush-placeholder-width: 693px; --smush-placeholder-aspect-ratio: 693\/521;\" \/><\/p>\n","protected":false},"excerpt":{"rendered":"<p>En estas \u00faltimas semanas se han recibido donaciones de ciudadanos que ayudan a incrementar el fondo muse\u00edstico que alberga el MUMA, el Museo Municipal de Alzira. Concretamente Jordi Benavent Moll\u00e0 ha dado una placa conmemorativa del 150 cumplea\u00f1os del nacimiento del pintor Teodoro Andreu Sentamans (1870 \u2013 2020). Prevista, en un principio para el a\u00f1o &hellip; <\/p>\n<p class=\"link-more\"><a href=\"https:\/\/alzira.es\/es\/un-medallo-commemoratiu-del-pintor-teodoro-andreu-i-elements-de-mobiliari-han-sigut-do-nats-al-muma-per-l-artista-jordi-benavent-i-per-la-familia-la-huerta-talens\/\" class=\"more-link\">Continuar leyendo<span class=\"screen-reader-text\"> \u00abUn medall\u00f3n conmemorativo del pintor Teodoro Andreu y elementos de mobiliario han sido dados al MUMA por el artista Jordi Benavent y por la familia La Huerta-Talens\u00bb<\/span><\/a><\/p>\n","protected":false},"author":29,"featured_media":53630,"comment_status":"","ping_status":"","sticky":false,"template":"","format":"standard","meta":{"_acf_changed":false,"footnotes":""},"categories":[4936],"tags":[],"class_list":["post-53636","post","type-post","status-publish","format-standard","has-post-thumbnail","hentry","category-hemeroteca-es"],"acf":[],"_links":{"self":[{"href":"https:\/\/alzira.es\/es\/wp-json\/wp\/v2\/posts\/53636","targetHints":{"allow":["GET"]}}],"collection":[{"href":"https:\/\/alzira.es\/es\/wp-json\/wp\/v2\/posts"}],"about":[{"href":"https:\/\/alzira.es\/es\/wp-json\/wp\/v2\/types\/post"}],"author":[{"embeddable":true,"href":"https:\/\/alzira.es\/es\/wp-json\/wp\/v2\/users\/29"}],"replies":[{"embeddable":true,"href":"https:\/\/alzira.es\/es\/wp-json\/wp\/v2\/comments?post=53636"}],"version-history":[{"count":0,"href":"https:\/\/alzira.es\/es\/wp-json\/wp\/v2\/posts\/53636\/revisions"}],"wp:featuredmedia":[{"embeddable":true,"href":"https:\/\/alzira.es\/es\/wp-json\/wp\/v2\/media\/53630"}],"wp:attachment":[{"href":"https:\/\/alzira.es\/es\/wp-json\/wp\/v2\/media?parent=53636"}],"wp:term":[{"taxonomy":"category","embeddable":true,"href":"https:\/\/alzira.es\/es\/wp-json\/wp\/v2\/categories?post=53636"},{"taxonomy":"post_tag","embeddable":true,"href":"https:\/\/alzira.es\/es\/wp-json\/wp\/v2\/tags?post=53636"}],"curies":[{"name":"wp","href":"https:\/\/api.w.org\/{rel}","templated":true}]}}