{"id":53625,"date":"2021-02-24T11:09:49","date_gmt":"2021-02-24T10:09:49","guid":{"rendered":"https:\/\/alzira.es\/el-col-lectiu-de-treballadores-municipals-de-les-escoletes-rebran-enguany-la-insignia-d-igualtat-2\/"},"modified":"2021-02-24T11:09:49","modified_gmt":"2021-02-24T10:09:49","slug":"el-col-lectiu-de-treballadores-municipals-de-les-escoletes-rebran-enguany-la-insignia-d-igualtat-2","status":"publish","type":"post","link":"https:\/\/alzira.es\/es\/el-col-lectiu-de-treballadores-municipals-de-les-escoletes-rebran-enguany-la-insignia-d-igualtat-2\/","title":{"rendered":"El col\u2022lectiu de treballadores municipals de les escoletes  rebran enguany la Ins\u00edgnia d\u2019Igualtat"},"content":{"rendered":"<p>La Junta de Govern, a proposta un\u00e0nime de la Comissi\u00f3 Interdepartamental per a la Pol\u00edtica d&#8217;Igualtat Municipal (COPIM) de <strong>l&#8217;Ajuntament d&#8217;Alzira<\/strong>, va acordar ahir que la <strong>Ins\u00edgnia de la Igualtat atorgada per l&#8217;Ajuntament en 2021 siga per al col\u00b7lectiu de treballadores de les tres escoletes municipals<\/strong>.<\/p>\n<p>Despr\u00e9s de les consideracions pertinents, esta Comissi\u00f3 formada per 10 membres de diferents departaments municipals, han decidit atorgar este distintiu a treballadores d&#8217;<strong>EIMA<\/strong>, per haver dissenyat i implementat any rere any en un projecte educatiu integrant transversalment el principi d&#8217;<strong>igualtat i no discriminaci\u00f3 sexual<\/strong>, tant en la metodologia com en el contingut curricular i en el treball diari.<\/p>\n<p>L&#8217;alcalde d&#8217;Alzira,<strong> Diego G\u00f3mez<\/strong>, i la regidora de Pol\u00edtiques d&#8217;Igualtat, <strong>Marina Mir<\/strong>, han estat els encarregats de comunicar a la directora de les escoletes,<strong> M\u00aa\u00c1ngeles Solano<\/strong>, en nom de tot el col\u00b7lectiu, la concessi\u00f3 d&#8217;esta ins\u00edgnia, mitjan\u00e7ant una cridada telef\u00f2nica. La tradicional imposici\u00f3 de la Ins\u00edgnia de la Igualtat que normalment t\u00e9 lloc al Sal\u00f3 de plens el dimecres abans del 8 de mar\u00e7, enguany no es portar\u00e0 a terme de manera presencial donades les restriccions imposades per la situaci\u00f3 sanit\u00e0ria.<\/p>\n<p>L&#8217;alcalde ha destacat en la seua comunicaci\u00f3 <em>\u00abCal fer palesa la import\u00e0ncia de treballadores com elles, que aconseguixen que les Escoletes Infantils Municipals d&#8217;Alzira siguen vertaders centres coeducatius. Vull traslladar la meua felicitaci\u00f3 a estes dones, que s\u00f3n un referent tant el 8 de mar\u00e7 com la resta de dies\u00bb.<\/em><\/p>\n<p><strong>Enguany este reconeixement es dirigeix al conjunt de treballadores de les tres escoletes municipals<\/strong>,<strong> Llepolies<\/strong>,<strong> la Muntanyeta i Infants<\/strong>. Un total de 18 treballadores i un treballador entre educadores, mestres i personal de serveis que han estat una pe\u00e7a clau en este any de protocols especials per a que els nostres xiquets i xiquetes i les seues fam\u00edlies tinguen una educaci\u00f3 segura.<\/p>\n<p>La regidora d&#8217;Igualtat <strong>Marina Mir<\/strong>, ha destacat que <em>\u00abVull agrarir el treball d&#8217;estes dones, que es reflectix tant en l&#8217;ensenyan\u00e7a en la consideraci\u00f3 i tracte que donen a les xiquetes i xiquets com en el bon funcionament i l&#8217;organitzaci\u00f3 dels centres municipals\u00bb<\/em><\/p>\n<p><strong>La Ins\u00edgnia d&#8217;Igualtat de l&#8217;Ajuntament \u00e9s una distinci\u00f3 que es concedix amb motiu del 8 de mar\u00e7, Dia Internacional pels Drets de les Dones<\/strong>, com a reconeixement a una dona, un home, una associaci\u00f3 o una instituci\u00f3 que per la seua traject\u00f2ria s&#8217;haja distingit pel foment de la igualtat de dones i homens, per la lluita contra les discriminacions per motiu de sexe i per fer efectiva la igualtat. Aix\u00ed com per promoure la participaci\u00f3 de les dones en qualsevol \u00e0mbit, per la seua significativa aportaci\u00f3 en l&#8217;eradicaci\u00f3 dels estereotips sexistes; en definitiva, per haver contribu\u00eft de manera destacada a la construcci\u00f3 d&#8217;un m\u00f3n m\u00e9s igualitari.<\/p>\n<p>Si b\u00e9 este homenatge p\u00fablic se simbolitzava els primers anys amb l&#8217;entrega de la Ins\u00edgnia de Plata de l&#8217;escut de la ciutat, la voluntat d&#8217;este Ajuntament era disposar d&#8217;un emblema espec\u00edfic com a distintiu d&#8217;este reconeixement a la contribuci\u00f3 en la lluita de fer efectiva la igualtat. Com a conseq\u00fc\u00e8ncia es va crear la Ins\u00edgnia d&#8217;Igualtat, que \u00e9s un distintiu propi d&#8217;esta instituci\u00f3. <strong>El disseny de la Ins\u00edgnia \u00e9s d&#8217;elaboraci\u00f3 pr\u00f2pia<\/strong>, resultat de la creativitat de treballadores i treballadors municipals, i \u00e9s la conjunci\u00f3 entre l&#8217;escut municipal i les paraules Igualtat Alzira en una combinaci\u00f3 de color plata i or.<\/p>\n<p style=\"text-align: center;\">&nbsp;&nbsp;<img fetchpriority=\"high\" decoding=\"async\" class=\" size-full wp-image-53618\" src=\"https:\/\/alzira.es\/wp-content\/uploads\/2021\/02\/llepolies.jpeg\" alt=\"llepolies\" width=\"548\" height=\"410\" srcset=\"https:\/\/alzira.es\/wp-content\/uploads\/2021\/02\/llepolies.jpeg 1600w, https:\/\/alzira.es\/wp-content\/uploads\/2021\/02\/llepolies-680x510.jpeg 680w, https:\/\/alzira.es\/wp-content\/uploads\/2021\/02\/llepolies-1430x1072.jpeg 1430w, https:\/\/alzira.es\/wp-content\/uploads\/2021\/02\/llepolies-768x576.jpeg 768w, https:\/\/alzira.es\/wp-content\/uploads\/2021\/02\/llepolies-1536x1152.jpeg 1536w\" sizes=\"(max-width: 548px) 100vw, 548px\" \/>&nbsp;<img decoding=\"async\" class=\"size-full wp-image-53620 lazyload\" data-src=\"https:\/\/alzira.es\/wp-content\/uploads\/2021\/02\/infants.jpeg\" alt=\"infants\" width=\"608\" height=\"410\" data-srcset=\"https:\/\/alzira.es\/wp-content\/uploads\/2021\/02\/infants.jpeg 1371w, https:\/\/alzira.es\/wp-content\/uploads\/2021\/02\/infants-680x457.jpeg 680w, https:\/\/alzira.es\/wp-content\/uploads\/2021\/02\/infants-768x516.jpeg 768w\" data-sizes=\"(max-width: 608px) 100vw, 608px\" src=\"data:image\/svg+xml;base64,PHN2ZyB3aWR0aD0iMSIgaGVpZ2h0PSIxIiB4bWxucz0iaHR0cDovL3d3dy53My5vcmcvMjAwMC9zdmciPjwvc3ZnPg==\" style=\"--smush-placeholder-width: 608px; --smush-placeholder-aspect-ratio: 608\/410;\" \/><\/p>\n<p style=\"text-align: center;\"><img decoding=\"async\" class=\"size-full wp-image-53622 lazyload\" data-src=\"https:\/\/alzira.es\/wp-content\/uploads\/2021\/02\/muntanyeta.jpeg\" alt=\"muntanyeta\" width=\"625\" height=\"573\" data-srcset=\"https:\/\/alzira.es\/wp-content\/uploads\/2021\/02\/muntanyeta.jpeg 1134w, https:\/\/alzira.es\/wp-content\/uploads\/2021\/02\/muntanyeta-680x624.jpeg 680w, https:\/\/alzira.es\/wp-content\/uploads\/2021\/02\/muntanyeta-768x704.jpeg 768w\" data-sizes=\"(max-width: 625px) 100vw, 625px\" src=\"data:image\/svg+xml;base64,PHN2ZyB3aWR0aD0iMSIgaGVpZ2h0PSIxIiB4bWxucz0iaHR0cDovL3d3dy53My5vcmcvMjAwMC9zdmciPjwvc3ZnPg==\" style=\"--smush-placeholder-width: 625px; --smush-placeholder-aspect-ratio: 625\/573;\" \/><\/p>\n<p style=\"text-align: center;\">&nbsp;<\/p>\n","protected":false},"excerpt":{"rendered":"<p>La Junta de Govern, a proposta un\u00e0nime de la Comissi\u00f3 Interdepartamental per a la Pol\u00edtica d&#8217;Igualtat Municipal (COPIM) de l&#8217;Ajuntament d&#8217;Alzira, va acordar ahir que la Ins\u00edgnia de la Igualtat atorgada per l&#8217;Ajuntament en 2021 siga per al col\u00b7lectiu de treballadores de les tres escoletes municipals. Despr\u00e9s de les consideracions pertinents, esta Comissi\u00f3 formada per &hellip; <\/p>\n<p class=\"link-more\"><a href=\"https:\/\/alzira.es\/es\/el-col-lectiu-de-treballadores-municipals-de-les-escoletes-rebran-enguany-la-insignia-d-igualtat-2\/\" class=\"more-link\">Continuar leyendo<span class=\"screen-reader-text\"> \u00abEl col\u2022lectiu de treballadores municipals de les escoletes  rebran enguany la Ins\u00edgnia d\u2019Igualtat\u00bb<\/span><\/a><\/p>\n","protected":false},"author":29,"featured_media":53618,"comment_status":"","ping_status":"","sticky":false,"template":"","format":"standard","meta":{"_acf_changed":false,"footnotes":""},"categories":[],"tags":[],"class_list":["post-53625","post","type-post","status-publish","format-standard","has-post-thumbnail","hentry"],"acf":[],"_links":{"self":[{"href":"https:\/\/alzira.es\/es\/wp-json\/wp\/v2\/posts\/53625","targetHints":{"allow":["GET"]}}],"collection":[{"href":"https:\/\/alzira.es\/es\/wp-json\/wp\/v2\/posts"}],"about":[{"href":"https:\/\/alzira.es\/es\/wp-json\/wp\/v2\/types\/post"}],"author":[{"embeddable":true,"href":"https:\/\/alzira.es\/es\/wp-json\/wp\/v2\/users\/29"}],"replies":[{"embeddable":true,"href":"https:\/\/alzira.es\/es\/wp-json\/wp\/v2\/comments?post=53625"}],"version-history":[{"count":0,"href":"https:\/\/alzira.es\/es\/wp-json\/wp\/v2\/posts\/53625\/revisions"}],"wp:featuredmedia":[{"embeddable":true,"href":"https:\/\/alzira.es\/es\/wp-json\/wp\/v2\/media\/53618"}],"wp:attachment":[{"href":"https:\/\/alzira.es\/es\/wp-json\/wp\/v2\/media?parent=53625"}],"wp:term":[{"taxonomy":"category","embeddable":true,"href":"https:\/\/alzira.es\/es\/wp-json\/wp\/v2\/categories?post=53625"},{"taxonomy":"post_tag","embeddable":true,"href":"https:\/\/alzira.es\/es\/wp-json\/wp\/v2\/tags?post=53625"}],"curies":[{"name":"wp","href":"https:\/\/api.w.org\/{rel}","templated":true}]}}