{"id":53624,"date":"2021-02-24T11:09:49","date_gmt":"2021-02-24T10:09:49","guid":{"rendered":"https:\/\/alzira.es\/el-col-lectiu-de-treballadores-municipals-de-les-escoletes-rebran-enguany-la-insignia-d-igualtat\/"},"modified":"2021-02-24T11:09:49","modified_gmt":"2021-02-24T10:09:49","slug":"el-col-lectiu-de-treballadores-municipals-de-les-escoletes-rebran-enguany-la-insignia-d-igualtat","status":"publish","type":"post","link":"https:\/\/alzira.es\/es\/el-col-lectiu-de-treballadores-municipals-de-les-escoletes-rebran-enguany-la-insignia-d-igualtat\/","title":{"rendered":"El colectivo de trabajadoras municipales de les escoletes recibir\u00e1n este a\u00f1o la Insignia de Igualdad"},"content":{"rendered":"<p>La Junta de Gobierno, a propuesta un\u00e1nime de la Comisi\u00f3n Interdepartamental para la Pol\u00edtica de Igualdad Municipal (COPIM) del<strong> Ayuntamiento de Alzira<\/strong>, acord\u00f3 ayer que la<strong> Insignia de la Igualdad otorgada por el Ayuntamiento en 2021 sea para el colectivo de trabajadoras de las tres escoletes municipales.<\/strong><\/p>\n<p>Despu\u00e9s de las consideraciones pertinentes, esta Comisi\u00f3n formada por 10 miembros de diferentes departamentos municipales, han decidido otorgar este distintivo a trabajadoras de<strong> EIMA<\/strong>, por haber dise\u00f1ado e implementado a\u00f1o tras a\u00f1o en un proyecto educativo integrando transversalmente el principio de <strong>igualdad y no discriminaci\u00f3n sexual<\/strong>, tanto en la metodolog\u00eda como en el contenido curricular y en el trabajo diario.<\/p>\n<p>El alcalde de Alzira,<strong> Diego G\u00f3mez<\/strong>, y la regidora de Pol\u00edticas de Igualdad, <strong>Marina Mir<\/strong>, han sido los encargados de comunicar a la directora de las escoletes,<strong> M\u00aa\u00c1ngeles Solano<\/strong>, en nombre de todo el colectivo, la concesi\u00f3n de esta insignia, mediante una llamada telef\u00f3nica. La tradicional imposici\u00f3n de la Insignia de la Igualdad que normalmente tiene lugar en el Sal\u00f3n de plenos el mi\u00e9rcoles antes del 8 de marzo, este a\u00f1o no se llevar\u00e1 a cabo de manera presencial dadas las restricciones impuestas por la situaci\u00f3n sanitaria.<\/p>\n<p>El alcalde ha destacado en su comunicaci\u00f3n<em> \u00abHay que hacer patente la importancia de trabajadoras como ellas, que consiguen que les Escoletes Infantiles Municipales de Alzira sean verdaderos centros coeducativos. Quiero trasladar mi felicitaci\u00f3n a estas mujeres, que son un referente tanto el 8 de marzo como el resto de d\u00edas\u00bb.<\/em><\/p>\n<p><strong>Este a\u00f1o este reconocimiento se dirige al conjunto de trabajadoras de las tres escoletes municipales, Llepolies, la Muntanyeta y Infants<\/strong>. Un total de 18 trabajadoras y un trabajador entre educadoras, maestras y personal de servicios que han sido una pieza clave en este a\u00f1o de protocolos especiales para que nuestros ni\u00f1os y ni\u00f1as y sus familias tengan una educaci\u00f3n segura.<\/p>\n<p>La regidora de Igualdad <strong>Marina Mir<\/strong>, ha destacado que <em>\u00abQuiero agradecer el trabajo de estas mujeres, que se refleja tanto en la ense\u00f1anza en la consideraci\u00f3n y trato que den a las ni\u00f1as y ni\u00f1os como en el buen funcionamiento y la organizaci\u00f3n de los centros municipales\u00bb<\/em><\/p>\n<p><strong>La Insignia de Igualdad del Ayuntamiento es una distinci\u00f3n que se concede con motivo del 8 de marzo, D\u00eda Internacional por los Derechos de las Mujeres<\/strong>, como reconocimiento a una mujer, un hombre, una asociaci\u00f3n o una instituci\u00f3n que por su trayectoria se haya distinguido por el fomento de la igualdad de mujeres y hombres, por la lucha contra las discriminaciones por motivo de sexo y para hacer efectiva la igualdad. As\u00ed como para promover la participaci\u00f3n de las mujeres en cualquier \u00e1mbito, por su significativa aportaci\u00f3n en la erradicaci\u00f3n de los estereotipos sexistas; en definitiva, por haber contribuido de manera destacada a la construcci\u00f3n de un mundo m\u00e1s igualitario.<\/p>\n<p>Si bien este homenaje p\u00fablico se simbolizaba los primeros a\u00f1os con la entrega de la Insignia de Plata del escudo de la ciudad, la voluntad de este Ayuntamiento era disponer de un emblema espec\u00edfico como distintivo de este reconocimiento a la contribuci\u00f3n en la lucha de hacer efectiva la igualdad. Como consecuencia se cre\u00f3 la Insignia de Igualdad, que es un distintivo propio de esta instituci\u00f3n. <strong>El dise\u00f1o de la Insignia es de elaboraci\u00f3n propia<\/strong>, resultado de la creatividad de trabajadoras y trabajadores municipales, y es la conjunci\u00f3n entre el escudo municipal y las palabras Igualdad Alzira en una combinaci\u00f3n de color plata y oro.<\/p>\n<p style=\"text-align: center;\">&nbsp;&nbsp;<img fetchpriority=\"high\" decoding=\"async\" class=\" size-full wp-image-53618\" src=\"https:\/\/alzira.es\/wp-content\/uploads\/2021\/02\/llepolies.jpeg\" alt=\"llepolies\" width=\"548\" height=\"410\" srcset=\"https:\/\/alzira.es\/wp-content\/uploads\/2021\/02\/llepolies.jpeg 1600w, https:\/\/alzira.es\/wp-content\/uploads\/2021\/02\/llepolies-680x510.jpeg 680w, https:\/\/alzira.es\/wp-content\/uploads\/2021\/02\/llepolies-1430x1072.jpeg 1430w, https:\/\/alzira.es\/wp-content\/uploads\/2021\/02\/llepolies-768x576.jpeg 768w, https:\/\/alzira.es\/wp-content\/uploads\/2021\/02\/llepolies-1536x1152.jpeg 1536w\" sizes=\"(max-width: 548px) 100vw, 548px\" \/>&nbsp;<img decoding=\"async\" class=\"size-full wp-image-53620 lazyload\" data-src=\"https:\/\/alzira.es\/wp-content\/uploads\/2021\/02\/infants.jpeg\" alt=\"infants\" width=\"608\" height=\"410\" data-srcset=\"https:\/\/alzira.es\/wp-content\/uploads\/2021\/02\/infants.jpeg 1371w, https:\/\/alzira.es\/wp-content\/uploads\/2021\/02\/infants-680x457.jpeg 680w, https:\/\/alzira.es\/wp-content\/uploads\/2021\/02\/infants-768x516.jpeg 768w\" data-sizes=\"(max-width: 608px) 100vw, 608px\" src=\"data:image\/svg+xml;base64,PHN2ZyB3aWR0aD0iMSIgaGVpZ2h0PSIxIiB4bWxucz0iaHR0cDovL3d3dy53My5vcmcvMjAwMC9zdmciPjwvc3ZnPg==\" style=\"--smush-placeholder-width: 608px; --smush-placeholder-aspect-ratio: 608\/410;\" \/><\/p>\n<p style=\"text-align: center;\"><img decoding=\"async\" class=\"size-full wp-image-53622 lazyload\" data-src=\"https:\/\/alzira.es\/wp-content\/uploads\/2021\/02\/muntanyeta.jpeg\" alt=\"muntanyeta\" width=\"625\" height=\"573\" data-srcset=\"https:\/\/alzira.es\/wp-content\/uploads\/2021\/02\/muntanyeta.jpeg 1134w, https:\/\/alzira.es\/wp-content\/uploads\/2021\/02\/muntanyeta-680x624.jpeg 680w, https:\/\/alzira.es\/wp-content\/uploads\/2021\/02\/muntanyeta-768x704.jpeg 768w\" data-sizes=\"(max-width: 625px) 100vw, 625px\" src=\"data:image\/svg+xml;base64,PHN2ZyB3aWR0aD0iMSIgaGVpZ2h0PSIxIiB4bWxucz0iaHR0cDovL3d3dy53My5vcmcvMjAwMC9zdmciPjwvc3ZnPg==\" style=\"--smush-placeholder-width: 625px; --smush-placeholder-aspect-ratio: 625\/573;\" \/><\/p>\n<p style=\"text-align: center;\">&nbsp;<\/p>\n","protected":false},"excerpt":{"rendered":"<p>La Junta de Gobierno, a propuesta un\u00e1nime de la Comisi\u00f3n Interdepartamental para la Pol\u00edtica de Igualdad Municipal (COPIM) del Ayuntamiento de Alzira, acord\u00f3 ayer que la Insignia de la Igualdad otorgada por el Ayuntamiento en 2021 sea para el colectivo de trabajadoras de las tres escoletes municipales. Despu\u00e9s de las consideraciones pertinentes, esta Comisi\u00f3n formada &hellip; <\/p>\n<p class=\"link-more\"><a href=\"https:\/\/alzira.es\/es\/el-col-lectiu-de-treballadores-municipals-de-les-escoletes-rebran-enguany-la-insignia-d-igualtat\/\" class=\"more-link\">Continuar leyendo<span class=\"screen-reader-text\"> \u00abEl colectivo de trabajadoras municipales de les escoletes recibir\u00e1n este a\u00f1o la Insignia de Igualdad\u00bb<\/span><\/a><\/p>\n","protected":false},"author":29,"featured_media":53618,"comment_status":"","ping_status":"","sticky":false,"template":"","format":"standard","meta":{"_acf_changed":false,"footnotes":""},"categories":[4936],"tags":[],"class_list":["post-53624","post","type-post","status-publish","format-standard","has-post-thumbnail","hentry","category-hemeroteca-es"],"acf":[],"_links":{"self":[{"href":"https:\/\/alzira.es\/es\/wp-json\/wp\/v2\/posts\/53624","targetHints":{"allow":["GET"]}}],"collection":[{"href":"https:\/\/alzira.es\/es\/wp-json\/wp\/v2\/posts"}],"about":[{"href":"https:\/\/alzira.es\/es\/wp-json\/wp\/v2\/types\/post"}],"author":[{"embeddable":true,"href":"https:\/\/alzira.es\/es\/wp-json\/wp\/v2\/users\/29"}],"replies":[{"embeddable":true,"href":"https:\/\/alzira.es\/es\/wp-json\/wp\/v2\/comments?post=53624"}],"version-history":[{"count":0,"href":"https:\/\/alzira.es\/es\/wp-json\/wp\/v2\/posts\/53624\/revisions"}],"wp:featuredmedia":[{"embeddable":true,"href":"https:\/\/alzira.es\/es\/wp-json\/wp\/v2\/media\/53618"}],"wp:attachment":[{"href":"https:\/\/alzira.es\/es\/wp-json\/wp\/v2\/media?parent=53624"}],"wp:term":[{"taxonomy":"category","embeddable":true,"href":"https:\/\/alzira.es\/es\/wp-json\/wp\/v2\/categories?post=53624"},{"taxonomy":"post_tag","embeddable":true,"href":"https:\/\/alzira.es\/es\/wp-json\/wp\/v2\/tags?post=53624"}],"curies":[{"name":"wp","href":"https:\/\/api.w.org\/{rel}","templated":true}]}}