{"id":53617,"date":"2021-02-23T14:23:37","date_gmt":"2021-02-23T13:23:37","guid":{"rendered":"https:\/\/alzira.es\/l-ajuntament-d-alzira-destinara-vora-5-milions-d-euros-del-romanent-de-tresoreria-a-inversions-2\/"},"modified":"2021-02-23T14:23:37","modified_gmt":"2021-02-23T13:23:37","slug":"l-ajuntament-d-alzira-destinara-vora-5-milions-d-euros-del-romanent-de-tresoreria-a-inversions-2","status":"publish","type":"post","link":"https:\/\/alzira.es\/es\/l-ajuntament-d-alzira-destinara-vora-5-milions-d-euros-del-romanent-de-tresoreria-a-inversions-2\/","title":{"rendered":"L\u2019Ajuntament d\u2019Alzira destinar\u00e0 vora 5 milions d\u2019euros del romanent de tresoreria a inversions"},"content":{"rendered":"<h3><em>\u2022 La comissaria de Policia, el Fontana Mogort o el Casal Jove, entre les inversions<\/em><\/h3>\n<p>L&#8217;Ajuntament d&#8217;Alzira aprova hui en comissi\u00f3 informativa les modificacions de cr\u00e8dit per a habilitar cr\u00e8dit extraordinari que es destinar\u00e0 a inversions, serveis socials i gestos generals.<strong> En 2020 l&#8217;Ajuntament d&#8217;Alzira tancava l&#8217;exercici en positiu amb un romanent de tresoreria de 8.473.802.65 euros<\/strong>, del quals, hui es modifiquen 4.943.047,94 euros per a gastos que no es poden demorar i per als quals no hi havia consignaci\u00f3 pressupost\u00e0ria o era insuficient.<\/p>\n<p>Esta modificaci\u00f3 de cr\u00e8dit ha estat possible despr\u00e9s dels \u00faltims canvis en la coneguda com a <strong>Llei Montoro<\/strong>, que <strong>impedia que l&#8217;Ajuntament fera \u00fas del romanent positiu que ha estat acumulant els darrers anys<\/strong>.<em> \u00abAquesta modificaci\u00f3 del pressupost permetr\u00e0 per fi fer \u00fas del romanent de que disposa d&#8217;Ajuntament, gr\u00e0cies a la bona gesti\u00f3 municipal. Ara per fi, ens trobem amb la capacitat d&#8217;escometre projectes de futur\u00bb<\/em>, ha assenyalat l&#8217;alcalde d&#8217;Alzira, <strong>Diego G\u00f3mez<\/strong>.<\/p>\n<p><span style=\"text-decoration: underline;\"><strong>INVERSIONS<\/strong><\/span><\/p>\n<p><strong>L&#8217;Ajuntament allibera aix\u00ed<\/strong>, <strong>quasi 5 milions de romanent per a executar diversos projectes essencials<\/strong> per a l&#8217;equip de govern, com s\u00f3n el<em> <strong>nou ret\u00e9n de la Policia Local<\/strong> <\/em>al que es destinaran 1.5 M\u20ac, la reparaci\u00f3 del sostre del<em><strong> Fontana Mogort<\/strong><\/em>, al que es destina 1.3M\u20ac o el <em><strong>Casal Jove<\/strong><\/em>, al que es destinaran 100.000 \u20ac. <em>\u00abAra que ja tenim la disponibilitat dels romanents, posarem en marxa la contractaci\u00f3 d&#8217;estes inversions de les quals ja tenim els projectes i les obres encetades\u00bb<\/em> ha afegit l&#8217;alcalde.<\/p>\n<p>Amb esta modificaci\u00f3 pressupost\u00e0ria tamb\u00e9 es podran dur a terme diverses actuacions, per tal de <strong>millorar les infraestructures de la ciutat <\/strong>com per exemple el parc infantil de la pla\u00e7a cartonatges, el segon pla de mobilitat o els vials del Respirall, entre altres<\/p>\n<p><span style=\"text-decoration: underline;\"><strong>APORTACI\u00d3 ALS SERVEIS SOCIALS<\/strong><\/span><\/p>\n<p>Pel que fa a Serveis Socials, amb este romanent s&#8217;augmentar\u00e0 la partida del Pla d&#8217;Emerg\u00e8ncia Social m\u00e9s de <strong>80.000 euros<\/strong> per a convenis amb <strong>Creu Roja<\/strong>, <strong>Norte Perdido<\/strong>, <strong>Projecte Crida&#8217;m<\/strong>, <strong>Ajudes de lloguer de habitatge i Psic\u00f2legs sense Fronteres<\/strong>.<\/p>\n<p>Al <strong>plenari<\/strong>, que se celebrar\u00e0 <strong>dem\u00e0 24 de febrer<\/strong>, es determinar\u00e0 i detallar\u00e0 la totalitat de projectes a es destinar\u00e0 el super\u00e0vit d&#8217;enguany.<\/p>\n<p><img fetchpriority=\"high\" decoding=\"async\" class=\" size-full wp-image-53614\" style=\"display: block; margin-left: auto; margin-right: auto;\" src=\"https:\/\/alzira.es\/wp-content\/uploads\/2021\/02\/Reten-Policia-Projecte.jpg\" alt=\"Reten-Policia-Projecte\" width=\"1200\" height=\"594\" srcset=\"https:\/\/alzira.es\/wp-content\/uploads\/2021\/02\/Reten-Policia-Projecte.jpg 1500w, https:\/\/alzira.es\/wp-content\/uploads\/2021\/02\/Reten-Policia-Projecte-680x336.jpg 680w, https:\/\/alzira.es\/wp-content\/uploads\/2021\/02\/Reten-Policia-Projecte-1430x707.jpg 1430w, https:\/\/alzira.es\/wp-content\/uploads\/2021\/02\/Reten-Policia-Projecte-768x380.jpg 768w\" sizes=\"(max-width: 706px) 89vw, (max-width: 767px) 82vw, 740px\" \/><\/p>\n<p>&nbsp;<\/p>\n","protected":false},"excerpt":{"rendered":"<p>\u2022 La comissaria de Policia, el Fontana Mogort o el Casal Jove, entre les inversions L&#8217;Ajuntament d&#8217;Alzira aprova hui en comissi\u00f3 informativa les modificacions de cr\u00e8dit per a habilitar cr\u00e8dit extraordinari que es destinar\u00e0 a inversions, serveis socials i gestos generals. En 2020 l&#8217;Ajuntament d&#8217;Alzira tancava l&#8217;exercici en positiu amb un romanent de tresoreria de &hellip; <\/p>\n<p class=\"link-more\"><a href=\"https:\/\/alzira.es\/es\/l-ajuntament-d-alzira-destinara-vora-5-milions-d-euros-del-romanent-de-tresoreria-a-inversions-2\/\" class=\"more-link\">Continuar leyendo<span class=\"screen-reader-text\"> \u00abL\u2019Ajuntament d\u2019Alzira destinar\u00e0 vora 5 milions d\u2019euros del romanent de tresoreria a inversions\u00bb<\/span><\/a><\/p>\n","protected":false},"author":29,"featured_media":53614,"comment_status":"","ping_status":"","sticky":false,"template":"","format":"standard","meta":{"_acf_changed":false,"footnotes":""},"categories":[],"tags":[],"class_list":["post-53617","post","type-post","status-publish","format-standard","has-post-thumbnail","hentry"],"acf":[],"_links":{"self":[{"href":"https:\/\/alzira.es\/es\/wp-json\/wp\/v2\/posts\/53617","targetHints":{"allow":["GET"]}}],"collection":[{"href":"https:\/\/alzira.es\/es\/wp-json\/wp\/v2\/posts"}],"about":[{"href":"https:\/\/alzira.es\/es\/wp-json\/wp\/v2\/types\/post"}],"author":[{"embeddable":true,"href":"https:\/\/alzira.es\/es\/wp-json\/wp\/v2\/users\/29"}],"replies":[{"embeddable":true,"href":"https:\/\/alzira.es\/es\/wp-json\/wp\/v2\/comments?post=53617"}],"version-history":[{"count":0,"href":"https:\/\/alzira.es\/es\/wp-json\/wp\/v2\/posts\/53617\/revisions"}],"wp:featuredmedia":[{"embeddable":true,"href":"https:\/\/alzira.es\/es\/wp-json\/wp\/v2\/media\/53614"}],"wp:attachment":[{"href":"https:\/\/alzira.es\/es\/wp-json\/wp\/v2\/media?parent=53617"}],"wp:term":[{"taxonomy":"category","embeddable":true,"href":"https:\/\/alzira.es\/es\/wp-json\/wp\/v2\/categories?post=53617"},{"taxonomy":"post_tag","embeddable":true,"href":"https:\/\/alzira.es\/es\/wp-json\/wp\/v2\/tags?post=53617"}],"curies":[{"name":"wp","href":"https:\/\/api.w.org\/{rel}","templated":true}]}}