{"id":53616,"date":"2021-02-23T14:23:37","date_gmt":"2021-02-23T13:23:37","guid":{"rendered":"https:\/\/alzira.es\/l-ajuntament-d-alzira-destinara-vora-5-milions-d-euros-del-romanent-de-tresoreria-a-inversions\/"},"modified":"2021-02-23T14:23:37","modified_gmt":"2021-02-23T13:23:37","slug":"l-ajuntament-d-alzira-destinara-vora-5-milions-d-euros-del-romanent-de-tresoreria-a-inversions","status":"publish","type":"post","link":"https:\/\/alzira.es\/es\/l-ajuntament-d-alzira-destinara-vora-5-milions-d-euros-del-romanent-de-tresoreria-a-inversions\/","title":{"rendered":"El Ayuntamiento de Alzira destinar\u00e1 cerca 5 millones de euros del remanente de tesorer\u00eda en inversiones"},"content":{"rendered":"<h3><em>\u2022 La comisar\u00eda de Polic\u00eda, el Fontana Mogort o el Casal Joven, entre las inversiones<\/em><\/h3>\n<p>El Ayuntamiento de Alzira aprueba hoy en comisi\u00f3n informativa las modificaciones de cr\u00e9dito para habilitar cr\u00e9dito extraordinario que se destinar\u00e1 a inversiones, servicios sociales y gestos generales.<strong> En 2020 el Ayuntamiento de Alzira cerraba el ejercicio en positivo con un remanente de tesorer\u00eda de 8.473.802.65 euros<\/strong>, del cuales, hoy se modifican 4.943.047,94 euros para gastos que no se pueden demorar y para los cuales no hab\u00eda consignaci\u00f3n presupuestaria o era insuficiente.<\/p>\n<p>Esta modificaci\u00f3n de cr\u00e9dito ha sido posible despu\u00e9s de los \u00faltimos cambios en la conocida como <strong>Ley Montoro<\/strong>, que <strong>imped\u00eda que el Ayuntamiento hiciera uso del remanente positivo que ha sido acumulando los \u00faltimos a\u00f1os<\/strong>. <em>\u00abEsta modificaci\u00f3n del presupuesto permitir\u00e1 por fin hacer uso del remanente de que dispone de Ayuntamiento, gracias a la buena gesti\u00f3n municipal. Ahora por fin, nos encontramos con la capacidad de acometer proyectos de futuro\u00bb<\/em>, ha se\u00f1alado el alcalde de Alzira, <strong>Diego G\u00f3mez<\/strong>.<\/p>\n<p><span style=\"text-decoration: underline;\"><strong>INVERSIONES<\/strong><\/span><\/p>\n<p><strong>El Ayuntamiento libera as\u00ed, casi 5 millones de remanente para ejecutar varios proyectos esenciales<\/strong> para el equipo de gobierno, como son el <em><strong>nuevo ret\u00e9n de la Polic\u00eda Local<\/strong><\/em> al que se destinar\u00e1n 1.5 M\u20ac, la reparaci\u00f3n del techo del <strong><em>Fontana Mogort<\/em><\/strong>, al que se destina 1.3M\u20ac o el<em><strong> Casal Joven<\/strong><\/em>, al que se destinar\u00e1n 100.000 \u20ac. <em>\u00abAhora que ya tenemos la disponibilidad de los remanentes, pondremos en marcha la contrataci\u00f3n de estas inversiones de las cuales ya tenemos los proyectos y las obras comenzadas\u00bb<\/em> ha a\u00f1adido el alcalde.<\/p>\n<p>Con esta modificaci\u00f3n presupuestaria tambi\u00e9n se podr\u00e1n llevar a cabo varias actuaciones, para mejorar las infraestructuras de la ciudad como por ejemplo el parque infantil de la plaza cartonajes, el segundo plan de movilidad o los viales del Respirall, entre otros<\/p>\n<p><span style=\"text-decoration: underline;\"><strong>APORTACI\u00d3N A LOS SERVICIOS SOCIALES<\/strong><\/span><\/p>\n<p>En cuanto a Servicios Sociales, con este remanente se aumentar\u00e1 la partida del Plan de Emergencia Social m\u00e1s de <strong>80.000 euros<\/strong> para convenios con <strong>Cruz Roja<\/strong>, <strong>Norte Perdido<\/strong>, <strong>Proyecto Crida&#8217;m<\/strong>, <strong>Ayudas de alquiler de vivienda y Psic\u00f3logos sin Fronteras.<\/strong><\/p>\n<p>El <strong>plenario<\/strong>, que se celebrar\u00e1 <strong>ma\u00f1ana 24 de febrero<\/strong>, se determinar\u00e1 y detallar\u00e1 la totalidad de proyectos a se destinar\u00e1 el super\u00e1vit de este a\u00f1o.<\/p>\n<p><img fetchpriority=\"high\" decoding=\"async\" class=\" size-full wp-image-53614\" style=\"display: block; margin-left: auto; margin-right: auto;\" src=\"https:\/\/alzira.es\/wp-content\/uploads\/2021\/02\/Reten-Policia-Projecte.jpg\" alt=\"Reten-Policia-Projecte\" width=\"1200\" height=\"594\" srcset=\"https:\/\/alzira.es\/wp-content\/uploads\/2021\/02\/Reten-Policia-Projecte.jpg 1500w, https:\/\/alzira.es\/wp-content\/uploads\/2021\/02\/Reten-Policia-Projecte-680x336.jpg 680w, https:\/\/alzira.es\/wp-content\/uploads\/2021\/02\/Reten-Policia-Projecte-1430x707.jpg 1430w, https:\/\/alzira.es\/wp-content\/uploads\/2021\/02\/Reten-Policia-Projecte-768x380.jpg 768w\" sizes=\"(max-width: 706px) 89vw, (max-width: 767px) 82vw, 740px\" \/><\/p>\n<p>&nbsp;<\/p>\n","protected":false},"excerpt":{"rendered":"<p>\u2022 La comisar\u00eda de Polic\u00eda, el Fontana Mogort o el Casal Joven, entre las inversiones El Ayuntamiento de Alzira aprueba hoy en comisi\u00f3n informativa las modificaciones de cr\u00e9dito para habilitar cr\u00e9dito extraordinario que se destinar\u00e1 a inversiones, servicios sociales y gestos generales. En 2020 el Ayuntamiento de Alzira cerraba el ejercicio en positivo con un &hellip; <\/p>\n<p class=\"link-more\"><a href=\"https:\/\/alzira.es\/es\/l-ajuntament-d-alzira-destinara-vora-5-milions-d-euros-del-romanent-de-tresoreria-a-inversions\/\" class=\"more-link\">Continuar leyendo<span class=\"screen-reader-text\"> \u00abEl Ayuntamiento de Alzira destinar\u00e1 cerca 5 millones de euros del remanente de tesorer\u00eda en inversiones\u00bb<\/span><\/a><\/p>\n","protected":false},"author":29,"featured_media":53614,"comment_status":"","ping_status":"","sticky":false,"template":"","format":"standard","meta":{"_acf_changed":false,"footnotes":""},"categories":[4936],"tags":[],"class_list":["post-53616","post","type-post","status-publish","format-standard","has-post-thumbnail","hentry","category-hemeroteca-es"],"acf":[],"_links":{"self":[{"href":"https:\/\/alzira.es\/es\/wp-json\/wp\/v2\/posts\/53616","targetHints":{"allow":["GET"]}}],"collection":[{"href":"https:\/\/alzira.es\/es\/wp-json\/wp\/v2\/posts"}],"about":[{"href":"https:\/\/alzira.es\/es\/wp-json\/wp\/v2\/types\/post"}],"author":[{"embeddable":true,"href":"https:\/\/alzira.es\/es\/wp-json\/wp\/v2\/users\/29"}],"replies":[{"embeddable":true,"href":"https:\/\/alzira.es\/es\/wp-json\/wp\/v2\/comments?post=53616"}],"version-history":[{"count":0,"href":"https:\/\/alzira.es\/es\/wp-json\/wp\/v2\/posts\/53616\/revisions"}],"wp:featuredmedia":[{"embeddable":true,"href":"https:\/\/alzira.es\/es\/wp-json\/wp\/v2\/media\/53614"}],"wp:attachment":[{"href":"https:\/\/alzira.es\/es\/wp-json\/wp\/v2\/media?parent=53616"}],"wp:term":[{"taxonomy":"category","embeddable":true,"href":"https:\/\/alzira.es\/es\/wp-json\/wp\/v2\/categories?post=53616"},{"taxonomy":"post_tag","embeddable":true,"href":"https:\/\/alzira.es\/es\/wp-json\/wp\/v2\/tags?post=53616"}],"curies":[{"name":"wp","href":"https:\/\/api.w.org\/{rel}","templated":true}]}}