{"id":53613,"date":"2021-02-23T12:27:08","date_gmt":"2021-02-23T11:27:08","guid":{"rendered":"https:\/\/alzira.es\/alzira-compta-amb-nous-parquimetres-amb-el-que-es-pot-fer-els-pagaments-amb-targeta-2\/"},"modified":"2021-02-23T12:27:08","modified_gmt":"2021-02-23T11:27:08","slug":"alzira-compta-amb-nous-parquimetres-amb-el-que-es-pot-fer-els-pagaments-amb-targeta-2","status":"publish","type":"post","link":"https:\/\/alzira.es\/es\/alzira-compta-amb-nous-parquimetres-amb-el-que-es-pot-fer-els-pagaments-amb-targeta-2\/","title":{"rendered":"Alzira compta amb nous parqu\u00edmetres amb el que es pot fer els pagaments amb targeta"},"content":{"rendered":"<p><strong>L&#8217;Ajuntament d&#8217;Alzira ha adjudicat la concessi\u00f3 d&#8217;explotaci\u00f3 de l&#8217;ORA a una nova empresa que ser\u00e0 a partir d&#8217;ara l&#8217;encarregada de gestionar este servici<\/strong>.<\/p>\n<p>Entre les novetats que aporta l&#8217;empresa cal assenyalar el canvi de parqu\u00edmetres per altres molt m\u00e9s actualitzats i m\u00e9s operatius, i que donen la possibilitat de realitzar el pagament en targeta de cr\u00e8dit.<\/p>\n<p>Una altra de les variacions amb respecte a esta concessi\u00f3 \u00e9s la nova aplicaci\u00f3 <strong>El-Parking<\/strong>, que oferix la gesti\u00f3 per al pagament de l&#8217;estacionament regulat des del m\u00f2bil en m\u00e9s de 100 ciutats espanyoles.<\/p>\n<p>Es tracta d&#8217;una aplicaci\u00f3 senzilla d&#8217;utilitzar i amb funcions \u00fatils per als ciutadans. Quan un conductor trau un tiquet en l&#8217;aplicaci\u00f3 pot ampliar el temps a dist\u00e0ncia, finalitzar l&#8217;estacionament amb antelaci\u00f3 si li sobra temps, aix\u00ed com rebre avisos i notificacions relacionats amb el seu tiquet de la zona regulada.<\/p>\n<p><strong>L&#8217;aplicaci\u00f3<\/strong> est\u00e0 disponible per a tel\u00e8fons intel\u00b7ligents amb sistemes operatius iOS o Android i pot descarregar-se de manera<strong> gratu\u00efta<\/strong> en les tendes oficials de les aplicacions.<\/p>\n<p>Cal assenyalar, a m\u00e9s, que es pot obtindre <a href=\"https:\/\/elparking.com\/aparcar-e-alzira\" target=\"_blank\" rel=\"noopener\"><strong><span style=\"color: #800000;\"><span style=\"color: #800000;\">informaci\u00f3 addicional<\/span><\/span><\/strong><\/a><span style=\"color: #800000;\"><span style=\"color: #800000;\"><a href=\"https:\/\/elparking.com\/aparcar-e-alzira\" target=\"_blank\" rel=\"noopener\"><\/a>.<\/span><\/span><br \/>Tamb\u00e9 s&#8217;ha habilitat el <strong>607 05 04 75<\/strong> per a l&#8217;atenci\u00f3 a l&#8217;usuari.<\/p>\n<p><em>\u00abAmb esta nova adjudicaci\u00f3 donem un pas m\u00e9s cap a la modernitzaci\u00f3 del servici d&#8217;aparcament regulat. S\u00f3n 400 les places que s&#8217;oferixen, algunes d&#8217;elles sensorit-zades per tal d&#8217;afavorir la busca de places lliures, a m\u00e9s d&#8217;oferir places de manera exclusiva per a persones amb mobilitat redu\u00efda, la qual cosa ens convertix en una ciutat que aposta per la inclusi\u00f3 de totes i tots\u00bb<\/em>, ha manifestat <strong>Fernando Pascual<\/strong>, regidor de Serveis Urbans.<\/p>\n<p style=\"text-align: center;\"><img fetchpriority=\"high\" decoding=\"async\" class=\" size-full wp-image-53610\" src=\"https:\/\/alzira.es\/wp-content\/uploads\/2021\/02\/20210222_163538_Nous_parquimetre.ok_.jpg\" alt=\"20210222 163538 Nous parqu\u00edmetre.ok\" width=\"500\" height=\"1111\" srcset=\"https:\/\/alzira.es\/wp-content\/uploads\/2021\/02\/20210222_163538_Nous_parquimetre.ok_.jpg 800w, https:\/\/alzira.es\/wp-content\/uploads\/2021\/02\/20210222_163538_Nous_parquimetre.ok_-680x1511.jpg 680w, https:\/\/alzira.es\/wp-content\/uploads\/2021\/02\/20210222_163538_Nous_parquimetre.ok_-482x1072.jpg 482w, https:\/\/alzira.es\/wp-content\/uploads\/2021\/02\/20210222_163538_Nous_parquimetre.ok_-768x1707.jpg 768w, https:\/\/alzira.es\/wp-content\/uploads\/2021\/02\/20210222_163538_Nous_parquimetre.ok_-691x1536.jpg 691w\" sizes=\"(max-width: 500px) 100vw, 500px\" \/><\/p>\n","protected":false},"excerpt":{"rendered":"<p>L&#8217;Ajuntament d&#8217;Alzira ha adjudicat la concessi\u00f3 d&#8217;explotaci\u00f3 de l&#8217;ORA a una nova empresa que ser\u00e0 a partir d&#8217;ara l&#8217;encarregada de gestionar este servici. Entre les novetats que aporta l&#8217;empresa cal assenyalar el canvi de parqu\u00edmetres per altres molt m\u00e9s actualitzats i m\u00e9s operatius, i que donen la possibilitat de realitzar el pagament en targeta de &hellip; <\/p>\n<p class=\"link-more\"><a href=\"https:\/\/alzira.es\/es\/alzira-compta-amb-nous-parquimetres-amb-el-que-es-pot-fer-els-pagaments-amb-targeta-2\/\" class=\"more-link\">Continuar leyendo<span class=\"screen-reader-text\"> \u00abAlzira compta amb nous parqu\u00edmetres amb el que es pot fer els pagaments amb targeta\u00bb<\/span><\/a><\/p>\n","protected":false},"author":29,"featured_media":53610,"comment_status":"","ping_status":"","sticky":false,"template":"","format":"standard","meta":{"_acf_changed":false,"footnotes":""},"categories":[],"tags":[],"class_list":["post-53613","post","type-post","status-publish","format-standard","has-post-thumbnail","hentry"],"acf":[],"_links":{"self":[{"href":"https:\/\/alzira.es\/es\/wp-json\/wp\/v2\/posts\/53613","targetHints":{"allow":["GET"]}}],"collection":[{"href":"https:\/\/alzira.es\/es\/wp-json\/wp\/v2\/posts"}],"about":[{"href":"https:\/\/alzira.es\/es\/wp-json\/wp\/v2\/types\/post"}],"author":[{"embeddable":true,"href":"https:\/\/alzira.es\/es\/wp-json\/wp\/v2\/users\/29"}],"replies":[{"embeddable":true,"href":"https:\/\/alzira.es\/es\/wp-json\/wp\/v2\/comments?post=53613"}],"version-history":[{"count":0,"href":"https:\/\/alzira.es\/es\/wp-json\/wp\/v2\/posts\/53613\/revisions"}],"wp:featuredmedia":[{"embeddable":true,"href":"https:\/\/alzira.es\/es\/wp-json\/wp\/v2\/media\/53610"}],"wp:attachment":[{"href":"https:\/\/alzira.es\/es\/wp-json\/wp\/v2\/media?parent=53613"}],"wp:term":[{"taxonomy":"category","embeddable":true,"href":"https:\/\/alzira.es\/es\/wp-json\/wp\/v2\/categories?post=53613"},{"taxonomy":"post_tag","embeddable":true,"href":"https:\/\/alzira.es\/es\/wp-json\/wp\/v2\/tags?post=53613"}],"curies":[{"name":"wp","href":"https:\/\/api.w.org\/{rel}","templated":true}]}}