{"id":53609,"date":"2021-02-23T11:00:43","date_gmt":"2021-02-23T10:00:43","guid":{"rendered":"https:\/\/alzira.es\/el-centre-de-participacio-ciutadana-aborda-la-covid-19-des-de-l-accio-amb-els-mes-vulnerables-2\/"},"modified":"2021-02-23T11:00:43","modified_gmt":"2021-02-23T10:00:43","slug":"el-centre-de-participacio-ciutadana-aborda-la-covid-19-des-de-l-accio-amb-els-mes-vulnerables-2","status":"publish","type":"post","link":"https:\/\/alzira.es\/es\/el-centre-de-participacio-ciutadana-aborda-la-covid-19-des-de-l-accio-amb-els-mes-vulnerables-2\/","title":{"rendered":"El Centre de Participaci\u00f3 Ciutadana aborda la COVID-19 des de l&#8217;acci\u00f3 amb els m\u00e9s vulnerables"},"content":{"rendered":"<p><strong>L&#8217;Ajuntament d&#8217;Alzira<\/strong>, des de l&#8217;\u00c0rea de Serveis Socials i Inclusi\u00f3 Social, porta endavant el <strong>Projecte RIU<\/strong>, projecte de promoci\u00f3 de salut en barris en situaci\u00f3 de fragilitat, impulsat pel Centre de Salut P\u00fablica d&#8217;Alzira, la fundaci\u00f3 d&#8217;investigaci\u00f3 i FISABIO, un estudi d&#8217;investigaci\u00f3 sobre l&#8217;impacte i conseq\u00fc\u00e8ncies de la pand\u00e8mia provocades per la Covid&#8217;19 en poblaci\u00f3 vulnerable en els Ajuntaments d&#8217;Alzira i d&#8217;Algemes\u00ed.<\/p>\n<p>Actualment l&#8217;equip investigador, integrat per 7 ve\u00efnes d&#8217;Alzira i Algemes\u00ed de diferents proced\u00e8ncies culturals i que han estat formades per a la seua capacitaci\u00f3 pel personal t\u00e8cnic i Agents de Salut de Base Comunit\u00e0ria (ASBC) del projecte RIU, treballen en una investigaci\u00f3-acci\u00f3 participativa.<\/p>\n<p><em>\u00abDes de serveis socials seguim apostant per este programa que enguany s&#8217;adapta a la problem\u00e0tica actual. Projecte RIU porta desenvolupant-se a Alzira 10 anys i sempre tracta de fer front a una problem\u00e0tica sanit\u00e0ria des del punt de vista d&#8217;acci\u00f3 comunit\u00e0ria, <strong>en este cas hem treballat per a poder donar informaci\u00f3 i formaci\u00f3 sobre la COVID i les maneres de previndre-la<\/strong>, especialment als entorns m\u00e9s vulnerables\u00bb<\/em> ha explicat la regidora, <strong>Marina Mir<\/strong>.<\/p>\n<p>El seu treball consistix a realitzar entrevistes en profunditat, grupals i individuals de manera presencial i telef\u00f2nica per prevenci\u00f3, a 60 ve\u00efnes i ve\u00efns dels barris de L&#8217;Alquerieta d&#8217;Alzira i del Raval d&#8217;Algemes\u00ed. Per a portar a terme la seua tasca tenen en compte diversos par\u00e0metres demogr\u00e0fics, sexe, edat (adolesc\u00e8ncia, mitjana edat i majors de 60 anys) i la proced\u00e8ncia cultural (espanyola, espanyola d&#8217;\u00e8tnia gitana i magrebina).<\/p>\n<p>A partir dels resultats de les entrevistes, es dissenya un <strong>taller de prevenci\u00f3 de la COVID<\/strong> adaptat a les particularitats (basada en evid\u00e8ncies) de cada grup d&#8217;edat i cultural i que incorpora l&#8217;enfocament de g\u00e8nere. El taller est\u00e0 compost per activitats grupals participatives en les quals es treballa informaci\u00f3, percepci\u00f3 de risc i gravetat, norma subjectiva, avantatges i inconvenients de les mesures de prevenci\u00f3, inclosa la vacuna, motivaci\u00f3 en l&#8217;adopci\u00f3 de pr\u00e0ctiques preventives i la negociaci\u00f3 de les mateixes en l&#8217;entorn familiar i social.<\/p>\n<p><strong>El taller s&#8217;oferir\u00e0 el mes de mar\u00e7 <\/strong>als serveis p\u00fablics i entitats per a la inclusi\u00f3 social de tots dos municipis i ser\u00e0 dirigit per les agents de salut de l&#8217;equip investigador. El material did\u00e0ctic dels tallers estar\u00e0 disponible per a la seua utilitzaci\u00f3 per altres agents socials interessats.<\/p>\n<p>Coneixem les pr\u00e0ctiques que hem d&#8217;evitar i les que podem adoptar per a previndre la transmissi\u00f3 del coronavirus. Aix\u00ed i tot, costa incorporar-les de manera sistem\u00e0tica a la nostra vida di\u00e0ria. Con\u00e8ixer les raons per les quals les persones tenim dificultats per a seguir les mesures de prevenci\u00f3 de la COVID establertes per les institucions sanit\u00e0ries \u00e9s clau per a promoure canvis en la nostra manera d&#8217;actuar que ens permeten conviure amb aquest virus sense posar en risc les nostres vides. Sabem que les causes que expliquen la nostra manera de procedir poden ser molt diferents segons l&#8217;edat que tinguem, els mandats de g\u00e8nere que ens impregnen, la classe social a la qual pertanyem o les creences i valors del nostre grup cultural de refer\u00e8ncia, entre altres, entenent el binomi salut &#8211; malaltia com un proc\u00e9s din\u00e0mic i no com un estat est\u00e0tic d&#8217;individu sa i\/o malalt.<\/p>\n<p style=\"text-align: center;\"><img fetchpriority=\"high\" decoding=\"async\" class=\" size-full wp-image-53606\" src=\"https:\/\/alzira.es\/wp-content\/uploads\/2021\/02\/WhatsApp_Image_2021-02-23_at_09.47.21_1.jpeg\" alt=\"WhatsApp Image 2021-02-23 at 09.47.21 1\" width=\"800\" height=\"600\" srcset=\"https:\/\/alzira.es\/wp-content\/uploads\/2021\/02\/WhatsApp_Image_2021-02-23_at_09.47.21_1.jpeg 2048w, https:\/\/alzira.es\/wp-content\/uploads\/2021\/02\/WhatsApp_Image_2021-02-23_at_09.47.21_1-680x510.jpeg 680w, https:\/\/alzira.es\/wp-content\/uploads\/2021\/02\/WhatsApp_Image_2021-02-23_at_09.47.21_1-1430x1072.jpeg 1430w, https:\/\/alzira.es\/wp-content\/uploads\/2021\/02\/WhatsApp_Image_2021-02-23_at_09.47.21_1-768x576.jpeg 768w, https:\/\/alzira.es\/wp-content\/uploads\/2021\/02\/WhatsApp_Image_2021-02-23_at_09.47.21_1-1536x1152.jpeg 1536w\" sizes=\"(max-width: 706px) 89vw, (max-width: 767px) 82vw, 740px\" \/><\/p>\n","protected":false},"excerpt":{"rendered":"<p>L&#8217;Ajuntament d&#8217;Alzira, des de l&#8217;\u00c0rea de Serveis Socials i Inclusi\u00f3 Social, porta endavant el Projecte RIU, projecte de promoci\u00f3 de salut en barris en situaci\u00f3 de fragilitat, impulsat pel Centre de Salut P\u00fablica d&#8217;Alzira, la fundaci\u00f3 d&#8217;investigaci\u00f3 i FISABIO, un estudi d&#8217;investigaci\u00f3 sobre l&#8217;impacte i conseq\u00fc\u00e8ncies de la pand\u00e8mia provocades per la Covid&#8217;19 en poblaci\u00f3 &hellip; <\/p>\n<p class=\"link-more\"><a href=\"https:\/\/alzira.es\/es\/el-centre-de-participacio-ciutadana-aborda-la-covid-19-des-de-l-accio-amb-els-mes-vulnerables-2\/\" class=\"more-link\">Continuar leyendo<span class=\"screen-reader-text\"> \u00abEl Centre de Participaci\u00f3 Ciutadana aborda la COVID-19 des de l&#8217;acci\u00f3 amb els m\u00e9s vulnerables\u00bb<\/span><\/a><\/p>\n","protected":false},"author":29,"featured_media":53606,"comment_status":"","ping_status":"","sticky":false,"template":"","format":"standard","meta":{"_acf_changed":false,"footnotes":""},"categories":[],"tags":[],"class_list":["post-53609","post","type-post","status-publish","format-standard","has-post-thumbnail","hentry"],"acf":[],"_links":{"self":[{"href":"https:\/\/alzira.es\/es\/wp-json\/wp\/v2\/posts\/53609","targetHints":{"allow":["GET"]}}],"collection":[{"href":"https:\/\/alzira.es\/es\/wp-json\/wp\/v2\/posts"}],"about":[{"href":"https:\/\/alzira.es\/es\/wp-json\/wp\/v2\/types\/post"}],"author":[{"embeddable":true,"href":"https:\/\/alzira.es\/es\/wp-json\/wp\/v2\/users\/29"}],"replies":[{"embeddable":true,"href":"https:\/\/alzira.es\/es\/wp-json\/wp\/v2\/comments?post=53609"}],"version-history":[{"count":0,"href":"https:\/\/alzira.es\/es\/wp-json\/wp\/v2\/posts\/53609\/revisions"}],"wp:featuredmedia":[{"embeddable":true,"href":"https:\/\/alzira.es\/es\/wp-json\/wp\/v2\/media\/53606"}],"wp:attachment":[{"href":"https:\/\/alzira.es\/es\/wp-json\/wp\/v2\/media?parent=53609"}],"wp:term":[{"taxonomy":"category","embeddable":true,"href":"https:\/\/alzira.es\/es\/wp-json\/wp\/v2\/categories?post=53609"},{"taxonomy":"post_tag","embeddable":true,"href":"https:\/\/alzira.es\/es\/wp-json\/wp\/v2\/tags?post=53609"}],"curies":[{"name":"wp","href":"https:\/\/api.w.org\/{rel}","templated":true}]}}