{"id":53608,"date":"2021-02-23T11:00:43","date_gmt":"2021-02-23T10:00:43","guid":{"rendered":"https:\/\/alzira.es\/el-centre-de-participacio-ciutadana-aborda-la-covid-19-des-de-l-accio-amb-els-mes-vulnerables\/"},"modified":"2021-02-23T11:00:43","modified_gmt":"2021-02-23T10:00:43","slug":"el-centre-de-participacio-ciutadana-aborda-la-covid-19-des-de-l-accio-amb-els-mes-vulnerables","status":"publish","type":"post","link":"https:\/\/alzira.es\/es\/el-centre-de-participacio-ciutadana-aborda-la-covid-19-des-de-l-accio-amb-els-mes-vulnerables\/","title":{"rendered":"El Centro de Participaci\u00f3n Ciudadana aborda la COVID-19 desde la acci\u00f3n con los m\u00e1s vulnerables"},"content":{"rendered":"<p><strong>El Ayuntamiento de Alzira<\/strong>, desde el \u00e1rea de Servicios Sociales e Inclusi\u00f3n Social, lleva adelante el<strong> Proyecto RIU<\/strong>, proyecto de promoci\u00f3n de salud en barrios en situaci\u00f3n de fragilidad, impulsado por el Centro de Salud P\u00fablica de Alzira, la fundaci\u00f3n de investigaci\u00f3n y FISABIO, un estudio de investigaci\u00f3n sobre el impacto y consecuencias de la pandemia provocadas por la Covid&#8217;19 en poblaci\u00f3n vulnerable en los Ayuntamientos de Alzira y de Algemes\u00ed.<\/p>\n<p>Actualmente el equipo investigador, integrado por 7 vecinas de Alzira y Algemes\u00ed de diferentes procedencias culturales y que han sido formadas para su capacitaci\u00f3n por el personal t\u00e9cnico y Agentes de Salud de Base Comunitaria (ASBC) del proyecto RIU, trabajan en una investigaci\u00f3n-acci\u00f3n participativa.<\/p>\n<p><em>\u00abDesde servicios sociales seguimos apostando por este programa que este a\u00f1o se adapta a la problem\u00e1tica actual. Proyecto RIU puerta desarroll\u00e1ndose en Alzira 10 a\u00f1os y siempre trata de hacer frente a una problem\u00e1tica sanitaria desde el punto de vista de acci\u00f3n comunitaria, <strong>en este caso hemos trabajado para poder dar informaci\u00f3n y formaci\u00f3n sobre la COVID y las maneras de prevenirla<\/strong>, especialmente en los entornos m\u00e1s vulnerables\u00bb<\/em> ha explicado la regidora,<strong> Marina Mir<\/strong>.<\/p>\n<p>Su trabajo consiste a realizar entrevistas en profundidad, grupales e individuales de manera presencial y telef\u00f3nica por prevenci\u00f3n, a 60 vecinas y vecinos de los barrios de la Alquerieta de Alzira y del Rabal de Algemes\u00ed. Para llevar a cabo su tarea tienen en cuenta varios par\u00e1metros demogr\u00e1ficos, sexo, edad (adolescencia, mediana edad y mayores de 60 a\u00f1os) y la procedencia cultural (espa\u00f1ola, espa\u00f1ola de etnia gitana y magreb\u00ed).<\/p>\n<p>A partir de los resultados de las entrevistas, se dise\u00f1a un <strong>taller de prevenci\u00f3n de la COVID<\/strong> adaptado a las particularidades (basada en evidencias) de cada grupo de edad y cultural y que incorpora el enfoque de g\u00e9nero. El taller est\u00e1 compuesto por actividades grupales participativas en las cuales se trabaja informaci\u00f3n, percepci\u00f3n de riesgo y gravedad, norma subjetiva, ventajas e inconvenientes de las medidas de prevenci\u00f3n, incluida la vacuna, motivaci\u00f3n en la adopci\u00f3n de pr\u00e1cticas preventivas y la negociaci\u00f3n de las mismas en el entorno familiar y social.<\/p>\n<p><strong>El taller se ofrecer\u00e1 el mes de marzo<\/strong> a los servicios p\u00fablicos y entidades para la inclusi\u00f3n social de ambos municipios y ser\u00e1 dirigido por las agentes de salud del equipo investigador. El material did\u00e1ctico de los talleres estar\u00e1 disponible para su utilizaci\u00f3n por otros agentes sociales interesados.<\/p>\n<p>Conocemos las pr\u00e1cticas que tenemos que evitar y las que podemos adoptar para prevenir la transmisi\u00f3n del coronavirus. Aun as\u00ed, costa incorporarlas de manera sistem\u00e1tica en nuestra vida diaria. Conocer las razones por las cuales las personas tenemos dificultades para seguir las medidas de prevenci\u00f3n de la COVID establecidas por las instituciones sanitarias es clave para promover cambios en nuestra manera de actuar que nos permiten convivir con este virus sin poner en riesgo nuestras vidas. Sabemos que las causas que explican nuestra manera de proceder pueden ser muy diferentes seg\u00fan la edad que tengamos, los mandatos de g\u00e9nero que nos impregnan, la clase social a la cual pertenecemos o las creencias y valores de nuestro grupo cultural de referencia, entre otras, entendiendo el binomio salud &#8211; enfermedad como un proceso din\u00e1mico y no como un estado est\u00e1tico de individuo sano y\/o enfermo.<\/p>\n<p style=\"text-align: center;\"><img fetchpriority=\"high\" decoding=\"async\" class=\" size-full wp-image-53606\" src=\"https:\/\/alzira.es\/wp-content\/uploads\/2021\/02\/WhatsApp_Image_2021-02-23_at_09.47.21_1.jpeg\" alt=\"WhatsApp Image 2021-02-23 at 09.47.21 1\" width=\"800\" height=\"600\" srcset=\"https:\/\/alzira.es\/wp-content\/uploads\/2021\/02\/WhatsApp_Image_2021-02-23_at_09.47.21_1.jpeg 2048w, https:\/\/alzira.es\/wp-content\/uploads\/2021\/02\/WhatsApp_Image_2021-02-23_at_09.47.21_1-680x510.jpeg 680w, https:\/\/alzira.es\/wp-content\/uploads\/2021\/02\/WhatsApp_Image_2021-02-23_at_09.47.21_1-1430x1072.jpeg 1430w, https:\/\/alzira.es\/wp-content\/uploads\/2021\/02\/WhatsApp_Image_2021-02-23_at_09.47.21_1-768x576.jpeg 768w, https:\/\/alzira.es\/wp-content\/uploads\/2021\/02\/WhatsApp_Image_2021-02-23_at_09.47.21_1-1536x1152.jpeg 1536w\" sizes=\"(max-width: 706px) 89vw, (max-width: 767px) 82vw, 740px\" \/><\/p>\n","protected":false},"excerpt":{"rendered":"<p>El Ayuntamiento de Alzira, desde el \u00e1rea de Servicios Sociales e Inclusi\u00f3n Social, lleva adelante el Proyecto RIU, proyecto de promoci\u00f3n de salud en barrios en situaci\u00f3n de fragilidad, impulsado por el Centro de Salud P\u00fablica de Alzira, la fundaci\u00f3n de investigaci\u00f3n y FISABIO, un estudio de investigaci\u00f3n sobre el impacto y consecuencias de la &hellip; <\/p>\n<p class=\"link-more\"><a href=\"https:\/\/alzira.es\/es\/el-centre-de-participacio-ciutadana-aborda-la-covid-19-des-de-l-accio-amb-els-mes-vulnerables\/\" class=\"more-link\">Continuar leyendo<span class=\"screen-reader-text\"> \u00abEl Centro de Participaci\u00f3n Ciudadana aborda la COVID-19 desde la acci\u00f3n con los m\u00e1s vulnerables\u00bb<\/span><\/a><\/p>\n","protected":false},"author":29,"featured_media":53606,"comment_status":"","ping_status":"","sticky":false,"template":"","format":"standard","meta":{"_acf_changed":false,"footnotes":""},"categories":[4936],"tags":[],"class_list":["post-53608","post","type-post","status-publish","format-standard","has-post-thumbnail","hentry","category-hemeroteca-es"],"acf":[],"_links":{"self":[{"href":"https:\/\/alzira.es\/es\/wp-json\/wp\/v2\/posts\/53608","targetHints":{"allow":["GET"]}}],"collection":[{"href":"https:\/\/alzira.es\/es\/wp-json\/wp\/v2\/posts"}],"about":[{"href":"https:\/\/alzira.es\/es\/wp-json\/wp\/v2\/types\/post"}],"author":[{"embeddable":true,"href":"https:\/\/alzira.es\/es\/wp-json\/wp\/v2\/users\/29"}],"replies":[{"embeddable":true,"href":"https:\/\/alzira.es\/es\/wp-json\/wp\/v2\/comments?post=53608"}],"version-history":[{"count":0,"href":"https:\/\/alzira.es\/es\/wp-json\/wp\/v2\/posts\/53608\/revisions"}],"wp:featuredmedia":[{"embeddable":true,"href":"https:\/\/alzira.es\/es\/wp-json\/wp\/v2\/media\/53606"}],"wp:attachment":[{"href":"https:\/\/alzira.es\/es\/wp-json\/wp\/v2\/media?parent=53608"}],"wp:term":[{"taxonomy":"category","embeddable":true,"href":"https:\/\/alzira.es\/es\/wp-json\/wp\/v2\/categories?post=53608"},{"taxonomy":"post_tag","embeddable":true,"href":"https:\/\/alzira.es\/es\/wp-json\/wp\/v2\/tags?post=53608"}],"curies":[{"name":"wp","href":"https:\/\/api.w.org\/{rel}","templated":true}]}}