{"id":53600,"date":"2021-02-22T15:04:39","date_gmt":"2021-02-22T14:04:39","guid":{"rendered":"https:\/\/alzira.es\/finalitza-la-xiii-setmana-de-l-economia-amb-4600-assistents-2\/"},"modified":"2021-02-22T15:04:39","modified_gmt":"2021-02-22T14:04:39","slug":"finalitza-la-xiii-setmana-de-l-economia-amb-4600-assistents-2","status":"publish","type":"post","link":"https:\/\/alzira.es\/es\/finalitza-la-xiii-setmana-de-l-economia-amb-4600-assistents-2\/","title":{"rendered":"Finalitza la XIII Setmana de l\u2019Economia amb 4600 assistents"},"content":{"rendered":"<h3><em>\u2022 La primera edici\u00f3 online ha suposat r\u00e8cord d&#8217;assist\u00e8ncia i participaci\u00f3 de ponents<\/em><\/h3>\n<p>Finalitza la XIII Setmana de l&#8217;Economia despr\u00e9s de cinc dies de confer\u00e8ncies, taules redones i entrevistes virtuals. Segons les dades facilitades pel departament municipal d&#8217;Idea, responsable de l&#8217;organitzaci\u00f3, <strong>4.600 persones han assistit a estes cites telem\u00e0tiques i m\u00e9s de 50 candidats i candidates han sigut entrevistades per un total de 7 empreses<\/strong>.<\/p>\n<p><strong>Les pon\u00e8ncies m\u00e9s visitades<\/strong>, amb m\u00e9s de 330 visites cadascuna van estar, la del <span style=\"text-decoration: underline;\">dia 15 de febrer<\/span>, <em>\u00abLa import\u00e0ncia de la innovaci\u00f3 i creativitat de les empreses\u00bb<\/em> a c\u00e0rrec de <strong>Carlos Rivadulla<\/strong>, el <span style=\"text-decoration: underline;\">dia 16 de febrer<\/span>, la Taula redona:<em> \u00abLa competitivitat i perdurabilitat de l&#8217;empresa familiar: reflexions i desafiaments\u00bb<\/em> a c\u00e0rrec de<strong> Bernardo Gregori<\/strong>, <strong>Alejandro R\u00edos<\/strong> i moderada <strong>Alejandro Escrib\u00e1<\/strong> i la Taula redona del <span style=\"text-decoration: underline;\">dia 17<\/span> <em>\u00abLa Formaci\u00f3 Professional com a clau per al futur laboral i empresarial\u00bb<\/em> amb <strong>Manuel Gomicia<\/strong>,<strong> Xavier Izquierdo<\/strong>, <strong>Pilar Do\u00f1ate<\/strong>, <strong>Roc\u00edo Bernardo<\/strong>, <strong>Pau Catal\u00e0<\/strong>, <strong>Joaqu\u00edn Barcelona<\/strong>,<strong> Alba Tornero<\/strong> i <strong>Fernando Soler<\/strong>, moderat per <strong>M\u00f2nica Biendicho<\/strong> i <strong>Maribel Navarro<\/strong>.<\/p>\n<p>L&#8217;edici\u00f3 d&#8217;enguany ha estat marcada per la pand\u00e8mia, no sols pel que fa al seu car\u00e0cter telem\u00e0tic, sin\u00f3 tamb\u00e9 pels temes que s&#8217;han tractat, entre els quals es troben el teletreball, la creativitat i la innovaci\u00f3 en les empreses i els reptes i oportunitats de l&#8217;eixida de la crisi econ\u00f2mica actual. Segons ha expressat l&#8217;alcalde de la ciutat, <strong>Diego G\u00f3mez<\/strong>, tota la programaci\u00f3 ha anat en la direcci\u00f3 de crear un nou model de ciutat que done resposta a la situaci\u00f3 actual.<em> \u00abConceptes claus per a esbrinar quina \u00e9s l&#8217;eixida per a la situaci\u00f3 actual. Hem parlat d&#8217;economia social i solid\u00e0ria, formaci\u00f3 professional, agricultura i agroalimentaci\u00f3, canvi clim\u00e0tic, i de la visi\u00f3 de modernitzaci\u00f3 de les nostres empreses. En definitiva ha estat una oportunitat per a trobar noves formes de negoci per a la recuperaci\u00f3, i eines i ajudes possibles. Cal remarcar l&#8217;acte Liderant el canvi, organitzat per l&#8217;Associaci\u00f3 empresarial, que va tancar esta edici\u00f3, i la participaci\u00f3 dels consellers d&#8217;Hisenda i d&#8217;Economia\u00bb<\/em><\/p>\n<p><strong>Diego G\u00f3mez<\/strong> ha expressat el seu agra\u00efment a tots i totes les participants, aix\u00ed com a Idea, que ha organitzat les jornades, i als col\u00b7laboradors: l&#8217;Associaci\u00f3 Empresarial d&#8217;Alzira i Renfe. Al parer de G\u00f3mez, esta Setmana de l&#8217;Economia ha obert noves portes per a pr\u00f2ximes edicions, ja que l&#8217;experi\u00e8ncia en l\u00ednia ajudar\u00e0 a organitzar una setmana amb moltes possibilitats.<\/p>\n<p><span style=\"color: #993300;\"><strong><a href=\"https:\/\/www.facebook.com\/idealzira\/videos\/340278523912318\/\" target=\"_blank\" rel=\"noopener\"><span style=\"color: #993300;\">V\u00eddeo resum<\/span><\/a><\/strong><\/span> <a href=\"https:\/\/fb.watch\/3Pq_1CvlTe\/\"><br \/><\/a><\/p>\n<p><span style=\"text-decoration: underline;\"><strong>Dades de participaci\u00f3<\/strong><\/span><\/p>\n<p><strong>15 de febrer de 2021, 1068 assistents<\/strong><br \/>&#8211; Inauguraci\u00f3 i obertura de la Setmana de l&#8217;Economia.&nbsp;<br \/>&#8211; Confer\u00e8ncia: Tend\u00e8ncies\u00bb.<br \/>&#8211; Confer\u00e8ncia: \u00abLa import\u00e0ncia de la innovaci\u00f3 i creativitat de les empreses\u00bb.<br \/>&#8211; Confer\u00e8ncia: \u00abPresentaci\u00f3 de la C\u00e0tedra d&#8217;Innovaci\u00f3 i Investigaci\u00f3 CLAU-IDEA\u00bb.<br \/>&#8211; Confer\u00e8ncia: \u00abLEAN LOGISTICS: Com implementar-ho en la cadena de subministrament\u00bb.<\/p>\n<p><strong>16 de febrer de 2021, 879 assistents<\/strong><br \/>&#8211; Confer\u00e8ncia: ESPAI TALENT SENIOR \u00abAugmenta la teua competitivitat a cost zero\u00bb<br \/>&#8211; Taula redona: \u00abLa competitivitat i perdurabilitat de l&#8217;empresa familiar: reflexions i desafiaments\u00bb.<br \/>&#8211; \u00abALZIRA: 12 Mesos \u2013 12 empreses\u00bb<br \/>&#8211; Confer\u00e8ncia: \u00abEmprende empoderada\u00bb<br \/>&#8211; Taula redona: \u00abL&#8217;impacte del teletreball en l&#8217;activitat econ\u00f2mica\u00bb.<\/p>\n<p><strong>17 de febrer de 2021, 1008 assistents<\/strong><br \/>&#8211; Taula redona: \u00abLlei de gesti\u00f3 i modernitzaci\u00f3 d&#8217;\u00e0rees industrials de la CV\u00bb<br \/>&#8211; Taula redona: \u00abLa Formaci\u00f3 Professional com a clau per al futur laboral i empresarial\u00bb<br \/>&#8211; Confer\u00e8ncia: \u00abCom enamorar als clients i convertir-los fan\u00bb.<br \/>&#8211; Confer\u00e8ncia: \u00abCom pot ajudar un Ajuntament al Comer\u00e7 local?\u00bb.<br \/>&#8211; Confer\u00e8ncia: \u00abRecuperaci\u00f3 i modernitzaci\u00f3 de l&#8217;economia espanyola\u00bb.<\/p>\n<p><strong>18 de febrer de 2021, 835 assistents<\/strong><br \/>&#8211; Taula redona: \u00abL\u00edmits que ens ajuden a cr\u00e9ixer\u00bb.<br \/>&#8211; Confer\u00e8ncia: \u00abPrioritats dels fons FEDER per a la CV\u00bb.<br \/>&#8211; Confer\u00e8ncia: \u00abCom perdre la por al canvi\u00bb.<br \/>&#8211; Adri\u00e1n Campos. Una vida de carreras.<br \/>&#8211; Taula redona: \u00abSoft skills: compet\u00e8ncies per a L&#8217;ocupabilitat a la Formaci\u00f3 Professional\u00bb<br \/>&#8211; Taula redona: \u00abI ara qu\u00e8?, nous temps per a l&#8217;hostaleria\u00bb.<\/p>\n<p><strong>19 de febrer de 2021, 859 assistents<\/strong><br \/>&#8211; Confer\u00e8ncia: \u00abPresentaci\u00f3 l\u00ednia ajudes d&#8217;economia sostenible i responsabilitat social\u00bb.<br \/>&#8211; Confer\u00e8ncia: L&#8217;economia social: un futur molt present\u00bb.<br \/>&#8211; Confer\u00e8ncia: \u00abVicky Foods i la innovaci\u00f3 com a palanca de creixement\u00bb.<br \/>&#8211; Conclusions i cloenda de la XIII Setmana de l&#8217;economia.<\/p>\n<p><img fetchpriority=\"high\" decoding=\"async\" class=\" size-full wp-image-53597\" style=\"margin-right: auto; margin-left: auto; display: block;\" src=\"https:\/\/alzira.es\/wp-content\/uploads\/2021\/02\/balancepositiu_setmana.economia.jpg\" alt=\"balancepositiu setmana.economia\" width=\"500\" height=\"287\" srcset=\"https:\/\/alzira.es\/wp-content\/uploads\/2021\/02\/balancepositiu_setmana.economia.jpg 1207w, https:\/\/alzira.es\/wp-content\/uploads\/2021\/02\/balancepositiu_setmana.economia-680x391.jpg 680w, https:\/\/alzira.es\/wp-content\/uploads\/2021\/02\/balancepositiu_setmana.economia-768x442.jpg 768w\" sizes=\"(max-width: 500px) 100vw, 500px\" \/><\/p>\n<p>&nbsp;<\/p>\n","protected":false},"excerpt":{"rendered":"<p>\u2022 La primera edici\u00f3 online ha suposat r\u00e8cord d&#8217;assist\u00e8ncia i participaci\u00f3 de ponents Finalitza la XIII Setmana de l&#8217;Economia despr\u00e9s de cinc dies de confer\u00e8ncies, taules redones i entrevistes virtuals. Segons les dades facilitades pel departament municipal d&#8217;Idea, responsable de l&#8217;organitzaci\u00f3, 4.600 persones han assistit a estes cites telem\u00e0tiques i m\u00e9s de 50 candidats i &hellip; <\/p>\n<p class=\"link-more\"><a href=\"https:\/\/alzira.es\/es\/finalitza-la-xiii-setmana-de-l-economia-amb-4600-assistents-2\/\" class=\"more-link\">Continuar leyendo<span class=\"screen-reader-text\"> \u00abFinalitza la XIII Setmana de l\u2019Economia amb 4600 assistents\u00bb<\/span><\/a><\/p>\n","protected":false},"author":29,"featured_media":53597,"comment_status":"","ping_status":"","sticky":false,"template":"","format":"standard","meta":{"_acf_changed":false,"footnotes":""},"categories":[],"tags":[],"class_list":["post-53600","post","type-post","status-publish","format-standard","has-post-thumbnail","hentry"],"acf":[],"_links":{"self":[{"href":"https:\/\/alzira.es\/es\/wp-json\/wp\/v2\/posts\/53600","targetHints":{"allow":["GET"]}}],"collection":[{"href":"https:\/\/alzira.es\/es\/wp-json\/wp\/v2\/posts"}],"about":[{"href":"https:\/\/alzira.es\/es\/wp-json\/wp\/v2\/types\/post"}],"author":[{"embeddable":true,"href":"https:\/\/alzira.es\/es\/wp-json\/wp\/v2\/users\/29"}],"replies":[{"embeddable":true,"href":"https:\/\/alzira.es\/es\/wp-json\/wp\/v2\/comments?post=53600"}],"version-history":[{"count":0,"href":"https:\/\/alzira.es\/es\/wp-json\/wp\/v2\/posts\/53600\/revisions"}],"wp:featuredmedia":[{"embeddable":true,"href":"https:\/\/alzira.es\/es\/wp-json\/wp\/v2\/media\/53597"}],"wp:attachment":[{"href":"https:\/\/alzira.es\/es\/wp-json\/wp\/v2\/media?parent=53600"}],"wp:term":[{"taxonomy":"category","embeddable":true,"href":"https:\/\/alzira.es\/es\/wp-json\/wp\/v2\/categories?post=53600"},{"taxonomy":"post_tag","embeddable":true,"href":"https:\/\/alzira.es\/es\/wp-json\/wp\/v2\/tags?post=53600"}],"curies":[{"name":"wp","href":"https:\/\/api.w.org\/{rel}","templated":true}]}}