{"id":53599,"date":"2021-02-22T15:04:39","date_gmt":"2021-02-22T14:04:39","guid":{"rendered":"https:\/\/alzira.es\/finalitza-la-xiii-setmana-de-l-economia-amb-4600-assistents\/"},"modified":"2021-02-22T15:04:39","modified_gmt":"2021-02-22T14:04:39","slug":"finalitza-la-xiii-setmana-de-l-economia-amb-4600-assistents","status":"publish","type":"post","link":"https:\/\/alzira.es\/es\/finalitza-la-xiii-setmana-de-l-economia-amb-4600-assistents\/","title":{"rendered":"Finaliza la XIII Semana de la Econom\u00eda con 4600 asistentes"},"content":{"rendered":"<h3><em>\u2022 La primera edici\u00f3n en l\u00ednea ha supuesto r\u00e9cord de asistencia y participaci\u00f3n de ponientes<\/em><\/h3>\n<p>Finaliza la XIII Semana de la Econom\u00eda despu\u00e9s de cinco d\u00edas de conferencias, mesas redondas y entrevistas virtuales. Seg\u00fan los datos facilitados por el departamento municipal de Idea, responsable de la organizaci\u00f3n, <strong>4.600 personas han asistido a estas citas telem\u00e1ticas y m\u00e1s de 50 candidatos y candidatas han sido entrevistadas por un total de 7 empresas<\/strong>.<\/p>\n<p><strong>Las ponencias m\u00e1s visitadas<\/strong>, con m\u00e1s de 330 visitas cada una estuvieron, la del <span style=\"text-decoration: underline;\">d\u00eda 15 de febrero<\/span>, <em>\u00abLa importancia de la innovaci\u00f3n y creatividad de las empresas\u00bb<\/em> a cargo de <strong>Carlos Rivadulla<\/strong>, el<span style=\"text-decoration: underline;\"> d\u00eda 16 de febrero<\/span>, la Mesa redonda:<em> \u00abLa competitividad y perdurabilidad de la empresa familiar: reflexiones y desaf\u00edos\u00bb<\/em> a cargo de <strong>Bernardo Gregori<\/strong>, <strong>Alejandro R\u00edos<\/strong> y moderada<strong> Alejandro Escrib\u00e1<\/strong> y la Mesa redonda del <span style=\"text-decoration: underline;\">d\u00eda 17<\/span> <em>\u00abLa Formaci\u00f3n Profesional como clave para el futuro laboral y empresarial\u00bb<\/em> con <strong>Manuel Gomicia<\/strong>, <strong>Xavier Izquierdo<\/strong>,<strong> Pilar Do\u00f1ate<\/strong>,<strong> Roc\u00edo Bernardo<\/strong>,<strong> Pau Catal\u00e0<\/strong>, <strong>Joaqu\u00edn Barcelona<\/strong>, <strong>Alba Tornero<\/strong> i <strong>Fernando Soler<\/strong>, moderado por <strong>M\u00f2nica Biendicho<\/strong> y <strong>Maribel Navarro<\/strong>.<\/p>\n<p>La edici\u00f3n de este a\u00f1o ha sido marcada por la pandemia, no solo en cuanto a su car\u00e1cter telem\u00e1tico, sino tambi\u00e9n por los temas que se han tratado, entre los cuales se encuentran el teletrabajo, la creatividad y la innovaci\u00f3n en las empresas y los retos y oportunidades de la salida de la crisis econ\u00f3mica actual. Seg\u00fan ha expresado el alcalde de la ciudad, <strong>Diego G\u00f3mez<\/strong>, toda la programaci\u00f3n ha ido en la direcci\u00f3n de crear un nuevo modelo de ciudad que doy respuesta a la situaci\u00f3n actual.<em> \u00abConceptos claves para averiguar cu\u00e1l es la salida para la situaci\u00f3n actual. Hemos hablado de econom\u00eda social y solidaria, formaci\u00f3n profesional, agricultura y agroalimentaci\u00f3n, cambio clim\u00e1tico, y de la visi\u00f3n de modernizaci\u00f3n de nuestras empresas. En definitiva ha sido una oportunidad para encontrar nuevas formas de negocio para la recuperaci\u00f3n, y herramientas y ayudas posibles. Hay que remarcar el acto Liderando el cambio, organizado por la Asociaci\u00f3n empresarial, que cerr\u00f3 esta edici\u00f3n, y la participaci\u00f3n de los consejeros de Hacienda y de Econom\u00eda\u00bb.<\/em><\/p>\n<p><strong>Diego G\u00f3mez<\/strong> ha expresado su agradecimiento a todos y todas las participantes, as\u00ed como a Idea, que ha organizado las jornadas, y a los colaboradores: la Asociaci\u00f3n Empresarial de Alzira y Renfe. Al parecer de G\u00f3mez, esta Semana de la Econom\u00eda ha abierto nuevas puertas para pr\u00f3ximas ediciones, puesto que la experiencia en l\u00ednea ayudar\u00e1 a organizar una semana con muchas posibilidades.<\/p>\n<p><span style=\"color: #993300;\"><strong><span style=\"color: #993300;\"><a href=\"https:\/\/www.facebook.com\/idealzira\/videos\/340278523912318\/\" target=\"_blank\" rel=\"noopener\">Video resumen<\/a><\/span><\/strong><\/span><a href=\"https:\/\/fb.watch\/3Pq_1CvlTe\/\"><br \/><\/a><\/p>\n<p><span style=\"text-decoration: underline;\"><strong>Datos de participaci\u00f3n<\/strong><\/span><\/p>\n<p><strong>15 de febrero de 2021, 1068 asistentes<\/strong><br \/>&#8211; Inauguraci\u00f3n y apertura de la Semana de la Econom\u00eda.<br \/>&#8211; Conferencia: Tendencias\u00bb.<br \/>&#8211; Conferencia: \u00abLa importancia de la innovaci\u00f3n y creatividad de las empresas\u00bb.<br \/>&#8211; Conferencia: \u00abPresentaci\u00f3n de la C\u00e1tedra de Innovaci\u00f3n e Investigaci\u00f3n CLAVE-IDEA\u00bb.<br \/>&#8211; Conferencia: \u00abLEAN LOGISTICS: C\u00f3mo implementarlo en la cadena de suministro\u00bb.<\/p>\n<p><strong>16 de febrero de 2021, 879 asistentes<\/strong><br \/>&#8211; Conferencia: ESPACIO TALENTO SENIOR \u00abAumenta tu competitividad a coste cero\u00bb<br \/>&#8211; Mesa redonda: \u00abLa competitividad y perdurabilidad de la empresa familiar: reflexiones y desaf\u00edos\u00bb.<br \/>&#8211; \u00abALZIRA: 12 Meses \u2013 12 empresas\u00bb<br \/>&#8211; Conferencia: \u00abEmprende empoderada\u00bb<br \/>&#8211; Mesa redonda: \u00abEl impacto del teletrabajo en la actividad econ\u00f3mica\u00bb.<\/p>\n<p><strong>17 de febrero de 2021, 1008 asistentes<\/strong><br \/>&#8211; Mesa redonda: \u00abLey de gesti\u00f3n y modernizaci\u00f3n de \u00e1reas industriales de la CV\u00bb<br \/>&#8211; Mesa redonda: \u00abLa Formaci\u00f3n Profesional como clave para el futuro laboral y empresarial\u00bb<br \/>&#8211; Conferencia: \u00abComo enamorar a los clientes y convertirlos fan\u00bb.<br \/>&#8211; Conferencia: \u00abC\u00f3mo puede ayudar un Ayuntamiento al Comercio local?\u00bb.<br \/>&#8211; Conferencia: \u00abRecuperaci\u00f3n y modernizaci\u00f3n de la econom\u00eda espa\u00f1ola\u00bb.<\/p>\n<p><strong>18 de febrero de 2021, 835 asistentes<\/strong><br \/>&#8211; Mesa redonda: \u00abL\u00edmites que nos ayudan a crecer\u00bb.<br \/>&#8211; Conferencia: \u00abPrioridades de los fondos FEDER para la CV\u00bb.<br \/>&#8211; Conferencia: \u00abComo perder el miedo al cambio\u00bb.<br \/>&#8211; Adri\u00e1n Campos. Una vida de carreras.<br \/>&#8211; Mesa redonda: \u00abSoft skills: competencias para La empleabilidad a la Formaci\u00f3n Profesional\u00bb<br \/>&#8211; Mesa redonda: \u00abY ahora qu\u00e9?, nuevos tiempos para la hosteler\u00eda\u00bb.<\/p>\n<p><strong>19 de febrero de 2021, 859 asistentes<\/strong><br \/>&#8211; Conferencia: \u00abPresentaci\u00f3n l\u00ednea ayudas de econom\u00eda sostenible y responsabilidad social\u00bb.<br \/>&#8211; Conferencia: La econom\u00eda social: un futuro muy presente\u00bb.<br \/>&#8211; Conferencia: \u00abVicky Foods y la innovaci\u00f3n como palanca de crecimiento\u00bb.<br \/>&#8211; Conclusiones y conclusi\u00f3n de la XIII Semana de la econom\u00eda.<\/p>\n<p><img fetchpriority=\"high\" decoding=\"async\" class=\" size-full wp-image-53597\" style=\"margin-right: auto; margin-left: auto; display: block;\" src=\"https:\/\/alzira.es\/wp-content\/uploads\/2021\/02\/balancepositiu_setmana.economia.jpg\" alt=\"balancepositiu setmana.economia\" width=\"500\" height=\"287\" srcset=\"https:\/\/alzira.es\/wp-content\/uploads\/2021\/02\/balancepositiu_setmana.economia.jpg 1207w, https:\/\/alzira.es\/wp-content\/uploads\/2021\/02\/balancepositiu_setmana.economia-680x391.jpg 680w, https:\/\/alzira.es\/wp-content\/uploads\/2021\/02\/balancepositiu_setmana.economia-768x442.jpg 768w\" sizes=\"(max-width: 500px) 100vw, 500px\" \/><\/p>\n<p>&nbsp;<\/p>\n","protected":false},"excerpt":{"rendered":"<p>\u2022 La primera edici\u00f3n en l\u00ednea ha supuesto r\u00e9cord de asistencia y participaci\u00f3n de ponientes Finaliza la XIII Semana de la Econom\u00eda despu\u00e9s de cinco d\u00edas de conferencias, mesas redondas y entrevistas virtuales. Seg\u00fan los datos facilitados por el departamento municipal de Idea, responsable de la organizaci\u00f3n, 4.600 personas han asistido a estas citas telem\u00e1ticas &hellip; <\/p>\n<p class=\"link-more\"><a href=\"https:\/\/alzira.es\/es\/finalitza-la-xiii-setmana-de-l-economia-amb-4600-assistents\/\" class=\"more-link\">Continuar leyendo<span class=\"screen-reader-text\"> \u00abFinaliza la XIII Semana de la Econom\u00eda con 4600 asistentes\u00bb<\/span><\/a><\/p>\n","protected":false},"author":29,"featured_media":53597,"comment_status":"","ping_status":"","sticky":false,"template":"","format":"standard","meta":{"_acf_changed":false,"footnotes":""},"categories":[4936],"tags":[],"class_list":["post-53599","post","type-post","status-publish","format-standard","has-post-thumbnail","hentry","category-hemeroteca-es"],"acf":[],"_links":{"self":[{"href":"https:\/\/alzira.es\/es\/wp-json\/wp\/v2\/posts\/53599","targetHints":{"allow":["GET"]}}],"collection":[{"href":"https:\/\/alzira.es\/es\/wp-json\/wp\/v2\/posts"}],"about":[{"href":"https:\/\/alzira.es\/es\/wp-json\/wp\/v2\/types\/post"}],"author":[{"embeddable":true,"href":"https:\/\/alzira.es\/es\/wp-json\/wp\/v2\/users\/29"}],"replies":[{"embeddable":true,"href":"https:\/\/alzira.es\/es\/wp-json\/wp\/v2\/comments?post=53599"}],"version-history":[{"count":0,"href":"https:\/\/alzira.es\/es\/wp-json\/wp\/v2\/posts\/53599\/revisions"}],"wp:featuredmedia":[{"embeddable":true,"href":"https:\/\/alzira.es\/es\/wp-json\/wp\/v2\/media\/53597"}],"wp:attachment":[{"href":"https:\/\/alzira.es\/es\/wp-json\/wp\/v2\/media?parent=53599"}],"wp:term":[{"taxonomy":"category","embeddable":true,"href":"https:\/\/alzira.es\/es\/wp-json\/wp\/v2\/categories?post=53599"},{"taxonomy":"post_tag","embeddable":true,"href":"https:\/\/alzira.es\/es\/wp-json\/wp\/v2\/tags?post=53599"}],"curies":[{"name":"wp","href":"https:\/\/api.w.org\/{rel}","templated":true}]}}