{"id":53596,"date":"2021-02-19T12:59:08","date_gmt":"2021-02-19T11:59:08","guid":{"rendered":"https:\/\/alzira.es\/l-ajuntament-d-alzira-no-es-mossega-la-llengua-2\/"},"modified":"2021-02-19T12:59:08","modified_gmt":"2021-02-19T11:59:08","slug":"l-ajuntament-d-alzira-no-es-mossega-la-llengua-2","status":"publish","type":"post","link":"https:\/\/alzira.es\/es\/l-ajuntament-d-alzira-no-es-mossega-la-llengua-2\/","title":{"rendered":"L\u2019Ajuntament d\u2019Alzira no es mossega la llengua"},"content":{"rendered":"<p><strong>Commemorem el Dia Internacional de la Llengua Materna<\/strong><\/p>\n<p>La Regidoria de Cultura, a trav\u00e9s del <strong>SERVAL<\/strong> (Servei Alzireny de Promoci\u00f3 i \u00das del Valenci\u00e0) i la Regidoria d&#8217;Educaci\u00f3 i Inf\u00e0ncia amb motiu de la commemoraci\u00f3 del 21 de febrer, Dia internacional de la Llengua Materna,<em> han preparat la campanya<\/em><strong> Jo, en valenci\u00e0!<\/strong> dirigida a tota la ciutadania, especialment als xiquets i xiquetes i joves, perqu\u00e8 utilitzen, valoren i estimen la nostra llengua.<\/p>\n<p><em>\u00abTots els alzirenys i les alzirenyes ens hem de comprometre a potenciar-la i fer-la servir sempre i en totes les nostres relacions personals, socials, laborals&#8230; perqu\u00e8 esta \u00e9s la millor manera d&#8217;evitar que es perda. Des de l&#8217;Ajuntament apostem per esta l\u00ednea d&#8217;actuaci\u00f3 i manifestem la nostra ferma aposta per a contribuir a la defensa, conservaci\u00f3 i \u00fas de la llengua\u00bb<\/em> ha explicat el regidor de Cultura,<strong> Alfred Aranda<\/strong>.<\/p>\n<p>Amb el proc\u00e9s de globalitzaci\u00f3, les lleng\u00fces amb menor nombre d&#8217;usuaris es veuen engolides per unes altres lleng\u00fces m\u00e9s fortes amb les quals coexistixen. El valenci\u00e0 n&#8217;\u00e9s una i hem de fer el possible perqu\u00e8 es mantinga la seua pres\u00e8ncia en tots els \u00e0mbits. La <strong>UNESCO<\/strong> va signar un comprom\u00eds internacional per promoure el pluriling\u00fcisme i la diversitat idiom\u00e0tica i evitar aix\u00ed la desaparici\u00f3 de lleng\u00fces al m\u00f3n.<\/p>\n<p>Per tal d&#8217;arribar a l&#8217;estudiantat, els <strong>25 centres educatius d&#8217;Alzira han rebut un cartell<\/strong> de la campanya<strong> Jo, en valenci\u00e0.<\/strong> 21 de febrer. Dia de la Llengua materna. <strong>I<\/strong> tamb\u00e9 <strong>4000 adhesius<\/strong> amb modismes molt arrelats a la nostra ciutat, com s\u00f3n:<em><span style=\"color: #1e90ff;\"><strong> Eres d&#8217;Alzira i plores?<\/strong><\/span>, <strong><span style=\"color: #ff9900;\">Jo no em mossegue la llengua<\/span><\/strong>,<strong><span style=\"color: #99cc00;\"> Xe quin comboi<\/span><\/strong>. <span style=\"color: #ba55d3;\"><strong>Estic desfici\u00f3s<\/strong><\/span>.<span style=\"color: #1e90ff;\"><strong> Quina coentor!<\/strong><\/span>, <span style=\"color: #ff1493;\"><strong>Quin poc trellat!<\/strong><\/span>, <strong><span style=\"color: #ffd700;\">Nyas, coca!<\/span><\/strong>, <strong><span style=\"color: #99cc00;\">Ja est\u00e0 b\u00e9 de fer-li l&#8217;esqueta<\/span><\/strong>.<span style=\"color: #9400d3;\"><strong> Mal empastre hi ha ac\u00ed! <\/strong><\/span><span style=\"color: #ff1493;\"><strong>A ning\u00fa que li passe!<\/strong><\/span>,<strong><span style=\"color: #ffd700;\"> Mante, qu\u00e8 vols?<\/span><\/strong>,<strong><span style=\"color: #ff9900;\"> D\u00f3na&#8217;t aire!<\/span><\/strong>, <strong><span style=\"color: #ff1493;\">S\u00ed que estem bons!<\/span><\/strong>,<strong><span style=\"color: #99cc00;\"> M\u00e9s clar, aigua!<\/span><\/strong>, <strong><span style=\"color: #9932cc;\">Pensat i fet<\/span><\/strong>, <strong><span style=\"color: #1e90ff;\">Jo no tinc p\u00e8ls en la llengua<\/span><\/strong>, <strong><span style=\"color: #ff9900;\">Si en vols m\u00e9s<\/span><\/strong>,<strong><span style=\"color: #99cc00;\"> para el cab\u00e0s<\/span><\/strong>&#8230;<\/em><\/p>\n<p>Per una altra part, el <strong>dilluns 22 de febrer<\/strong>, de 12 a 13h,<strong> Alzira R\u00e0dio<\/strong> emetr\u00e0 un programa especial sobre el <strong>Dia de la Llengua Materna<\/strong>. Hi participaran: <strong>Pura Santacreu<\/strong>; <strong>catedr\u00e0tica de valenci\u00e0<\/strong>, que parlar\u00e0 sobre els modismes valencians, els regidors <strong>Maria Calvo<\/strong> i <strong>Alfred Aranda<\/strong>, i tamb\u00e9 els alumnes guanyadors del IV Concurs de redacci\u00f3 en valenci\u00e0 2020. <em>Qu\u00e8 t&#8217;agradaria somiar?<\/em> llegiran els seus relats.<\/p>\n<p>El regidor de Cultura, <strong>Alfred Aranda<\/strong>, ha agra\u00eft al professorat la seua col\u00b7laboraci\u00f3 en esta campanya de defensa de l&#8217;\u00fas de la llengua materna i s&#8217;ha mostrat molt satisfet perqu\u00e8 alguns centres ja s&#8217;han animat a treballar amb l&#8217;alumnat expressions valencianes i genu\u00efnes a partir d&#8217;esta iniciativa del Serval, <em>\u00abentre tots i totes farem cr\u00e9ixer aquesta llista que t\u00e9 corda per a llarg\u00bb.<\/em><\/p>\n<p><strong>Els valencians hem d&#8217;assumir que el futur de la nostra llengua est\u00e0 a les nostres mans.<\/strong> Mai, ning\u00fa de nosaltres, ha de mossegar-se la llengua i evitar parlar valenci\u00e0. Confiem, estimem i protegim la nostra llengua i evitem l&#8217;empobriment cultural que suposaria la seua desaparici\u00f3.<\/p>\n<p><img fetchpriority=\"high\" decoding=\"async\" class=\" size-full wp-image-53593\" style=\"margin-right: auto; margin-left: auto; display: block;\" src=\"https:\/\/alzira.es\/wp-content\/uploads\/2021\/02\/campanya_jo_en_valencia_2.jpeg\" alt=\"campanya jo en valenci\u00e0 2\" width=\"1000\" height=\"705\" srcset=\"https:\/\/alzira.es\/wp-content\/uploads\/2021\/02\/campanya_jo_en_valencia_2.jpeg 1024w, https:\/\/alzira.es\/wp-content\/uploads\/2021\/02\/campanya_jo_en_valencia_2-680x479.jpeg 680w, https:\/\/alzira.es\/wp-content\/uploads\/2021\/02\/campanya_jo_en_valencia_2-768x542.jpeg 768w\" sizes=\"(max-width: 706px) 89vw, (max-width: 767px) 82vw, 740px\" \/><\/p>\n<p>&nbsp;<\/p>\n","protected":false},"excerpt":{"rendered":"<p>Commemorem el Dia Internacional de la Llengua Materna La Regidoria de Cultura, a trav\u00e9s del SERVAL (Servei Alzireny de Promoci\u00f3 i \u00das del Valenci\u00e0) i la Regidoria d&#8217;Educaci\u00f3 i Inf\u00e0ncia amb motiu de la commemoraci\u00f3 del 21 de febrer, Dia internacional de la Llengua Materna, han preparat la campanya Jo, en valenci\u00e0! dirigida a tota &hellip; <\/p>\n<p class=\"link-more\"><a href=\"https:\/\/alzira.es\/es\/l-ajuntament-d-alzira-no-es-mossega-la-llengua-2\/\" class=\"more-link\">Continuar leyendo<span class=\"screen-reader-text\"> \u00abL\u2019Ajuntament d\u2019Alzira no es mossega la llengua\u00bb<\/span><\/a><\/p>\n","protected":false},"author":36,"featured_media":53593,"comment_status":"","ping_status":"","sticky":false,"template":"","format":"standard","meta":{"_acf_changed":false,"footnotes":""},"categories":[],"tags":[],"class_list":["post-53596","post","type-post","status-publish","format-standard","has-post-thumbnail","hentry"],"acf":[],"_links":{"self":[{"href":"https:\/\/alzira.es\/es\/wp-json\/wp\/v2\/posts\/53596","targetHints":{"allow":["GET"]}}],"collection":[{"href":"https:\/\/alzira.es\/es\/wp-json\/wp\/v2\/posts"}],"about":[{"href":"https:\/\/alzira.es\/es\/wp-json\/wp\/v2\/types\/post"}],"author":[{"embeddable":true,"href":"https:\/\/alzira.es\/es\/wp-json\/wp\/v2\/users\/36"}],"replies":[{"embeddable":true,"href":"https:\/\/alzira.es\/es\/wp-json\/wp\/v2\/comments?post=53596"}],"version-history":[{"count":0,"href":"https:\/\/alzira.es\/es\/wp-json\/wp\/v2\/posts\/53596\/revisions"}],"wp:featuredmedia":[{"embeddable":true,"href":"https:\/\/alzira.es\/es\/wp-json\/wp\/v2\/media\/53593"}],"wp:attachment":[{"href":"https:\/\/alzira.es\/es\/wp-json\/wp\/v2\/media?parent=53596"}],"wp:term":[{"taxonomy":"category","embeddable":true,"href":"https:\/\/alzira.es\/es\/wp-json\/wp\/v2\/categories?post=53596"},{"taxonomy":"post_tag","embeddable":true,"href":"https:\/\/alzira.es\/es\/wp-json\/wp\/v2\/tags?post=53596"}],"curies":[{"name":"wp","href":"https:\/\/api.w.org\/{rel}","templated":true}]}}