{"id":53595,"date":"2021-02-19T12:59:08","date_gmt":"2021-02-19T11:59:08","guid":{"rendered":"https:\/\/alzira.es\/l-ajuntament-d-alzira-no-es-mossega-la-llengua\/"},"modified":"2021-02-19T12:59:08","modified_gmt":"2021-02-19T11:59:08","slug":"l-ajuntament-d-alzira-no-es-mossega-la-llengua","status":"publish","type":"post","link":"https:\/\/alzira.es\/es\/l-ajuntament-d-alzira-no-es-mossega-la-llengua\/","title":{"rendered":"El Ayuntamiento de Alzira no se muerde la lengua"},"content":{"rendered":"<p><strong>Conmemoramos el D\u00eda Internacional de la Lengua Materna<\/strong><\/p>\n<p>La Concejal\u00eda de Cultura, a trav\u00e9s del <strong>SERVAL<\/strong> (Servicio Alcire\u00f1o de Promoci\u00f3n y Uso del Valenciano) y la Concejal\u00eda de Educaci\u00f3n e Infancia <strong>con motivo de la conmemoraci\u00f3n del 21 de febrero<\/strong>,<strong> D\u00eda internacional de la Lengua Materna<\/strong>, han preparado la campa\u00f1a&nbsp;<strong>Jo, en valenci\u00e0!<\/strong> dirigida a toda la ciudadan\u00eda, especialmente a los ni\u00f1os y ni\u00f1as y j\u00f3venes, porque utilizan, valoran y estiman nuestra lengua.<\/p>\n<p><em>\u00abTodos los alcire\u00f1os y las alcire\u00f1as nos tenemos que comprometer a potenciarla y usarla siempre y en todas nuestras relaciones personales, sociales, laborales&#8230; porque esta es la mejor manera de evitar que se pierda. Desde el Ayuntamiento apostamos por esta l\u00ednea de actuaci\u00f3n y manifestamos nuestra firme apuesta para contribuir a la defensa, conservaci\u00f3n y uso de la lengua\u00bb<\/em> ha explicado el regidor de Cultura, <strong>Alfred Aranda<\/strong>.<\/p>\n<p>Con el proceso de globalizaci\u00f3n, las lenguas con menor n\u00famero de usuarios se ven tragadas por otras lenguas m\u00e1s fuertes con las cuales coexisten. El valenciano es una y tenemos que hacer el posible porque se mantenga su presencia en todos los \u00e1mbitos. La <strong>UNESCO<\/strong> firm\u00f3 un compromiso internacional para promover el pluriling\u00fcismo y la diversidad idiom\u00e1tica y evitar as\u00ed la desaparici\u00f3n de lenguas en el mundo.<\/p>\n<p>Para llegar al estudiantado, los <strong>25 centros educativos de Alzira han recibido un cartel<\/strong> de la campa\u00f1a <strong>Jo, en valenci\u00e0!<\/strong>. 21 de febrero. D\u00eda de la Lengua materna. <strong>Y<\/strong> tambi\u00e9n <strong>4000 pegatinas<\/strong> con modismos muy arraigados en nuestra ciudad, como son:<em> <span style=\"color: #1e90ff;\"><strong>Eres d&#8217;Alzira i plores?<\/strong><\/span>, <strong><span style=\"color: #ff9900;\">Jo no em mossegue la llengua<\/span><\/strong>,<strong><span style=\"color: #99cc00;\"> Xe quin comboi<\/span><\/strong>.<strong><span style=\"color: #9400d3;\"> Estic desfici\u00f3s<\/span><\/strong>. <strong><span style=\"color: #1e90ff;\">Quina coentor!<\/span><\/strong>, <span style=\"color: #ff1493;\"><strong>Quin poc trellat!<\/strong><\/span>,<strong><span style=\"color: #ffd700;\"> Nyas, coca!<\/span><\/strong>, <span style=\"color: #99cc00;\"><strong>Ja est\u00e0 b\u00e9 de fer-li l&#8217;esqueta<\/strong><\/span>. <strong><span style=\"color: #9400d3;\">Mal empastre hi ha ac\u00ed!<\/span><span style=\"color: #ff1493;\"> A ning\u00fa que li passe!<\/span><\/strong>,<strong><span style=\"color: #ffd700;\"> Mante, qu\u00e8 vols?<\/span><\/strong>, <span style=\"color: #ff9900;\"><strong>D\u00f3na&#8217;t aire!<\/strong><\/span>, <strong><span style=\"color: #ff1493;\">S\u00ed que estem bons!<\/span><\/strong>, <span style=\"color: #99cc00;\"><strong>M\u00e9s clar, aigua!<\/strong><\/span>, <strong><span style=\"color: #9400d3;\">Pensat i fet<\/span><\/strong>, <span style=\"color: #1e90ff;\"><strong>Jo no tinc p\u00e8ls en la llengua<\/strong><\/span>,<span style=\"color: #ff9900;\"><strong> Si en vols m\u00e9s<\/strong><\/span>, <strong><span style=\"color: #99cc00;\">para el cab\u00e0s<\/span><\/strong>&#8230;<\/em><\/p>\n<p>Por otra parte, el <strong>lunes 22 de febrero<\/strong>, de 12 a 13h, <strong>Alzira Radio<\/strong> emitir\u00e1 un programa especial sobre el <strong>D\u00eda de la Lengua Materna<\/strong>. participar\u00e1n: <strong>Pura Santacreu<\/strong>; catedr\u00e1tica de valenciano, que hablar\u00e1 sobre los modismos valencianos, los regidores <strong>Maria Calvo<\/strong> i <strong>Alfred Aranda<\/strong>, y tambi\u00e9n los alumnos ganadores del IV Concurso de redacci\u00f3n en valenciano 2020.&nbsp;<em>Qu\u00e8 t&#8217;agradaria somiar?<\/em> leer\u00e1n sus relatos.<\/p>\n<p>El regidor de Cultura, <strong>Alfred Aranda<\/strong>, ha agradecido al profesorado su colaboraci\u00f3n en esta campa\u00f1a de defensa del uso de la lengua materna y se ha mostrado muy satisfecho porque algunos centros ya se han animado a trabajar con el alumnado expresiones valencianas y genuinas a partir de esta iniciativa del Serval,<em> \u00abentre todos y todas haremos crecer esta lista que tiene cuerda para largo\u00bb.<\/em><\/p>\n<p><strong>Los valencianos tenemos que asumir que el futuro de nuestra lengua est\u00e1 en nuestras manos.<\/strong> Nunca, nadie de nosotros, tiene que morderse la lengua y evitar hablar valenciano. Confiamos, estimamos y protegemos nuestra lengua y evitamos el empobrecimiento cultural que supondr\u00eda su desaparici\u00f3n.<\/p>\n<p><img fetchpriority=\"high\" decoding=\"async\" class=\" size-full wp-image-53593\" style=\"margin-right: auto; margin-left: auto; display: block;\" src=\"https:\/\/alzira.es\/wp-content\/uploads\/2021\/02\/campanya_jo_en_valencia_2.jpeg\" alt=\"campanya jo en valenci\u00e0 2\" width=\"1000\" height=\"706\" srcset=\"https:\/\/alzira.es\/wp-content\/uploads\/2021\/02\/campanya_jo_en_valencia_2.jpeg 1024w, https:\/\/alzira.es\/wp-content\/uploads\/2021\/02\/campanya_jo_en_valencia_2-680x479.jpeg 680w, https:\/\/alzira.es\/wp-content\/uploads\/2021\/02\/campanya_jo_en_valencia_2-768x542.jpeg 768w\" sizes=\"(max-width: 706px) 89vw, (max-width: 767px) 82vw, 740px\" \/><\/p>\n<p>&nbsp;<\/p>\n","protected":false},"excerpt":{"rendered":"<p>Conmemoramos el D\u00eda Internacional de la Lengua Materna La Concejal\u00eda de Cultura, a trav\u00e9s del SERVAL (Servicio Alcire\u00f1o de Promoci\u00f3n y Uso del Valenciano) y la Concejal\u00eda de Educaci\u00f3n e Infancia con motivo de la conmemoraci\u00f3n del 21 de febrero, D\u00eda internacional de la Lengua Materna, han preparado la campa\u00f1a&nbsp;Jo, en valenci\u00e0! dirigida a toda &hellip; <\/p>\n<p class=\"link-more\"><a href=\"https:\/\/alzira.es\/es\/l-ajuntament-d-alzira-no-es-mossega-la-llengua\/\" class=\"more-link\">Continuar leyendo<span class=\"screen-reader-text\"> \u00abEl Ayuntamiento de Alzira no se muerde la lengua\u00bb<\/span><\/a><\/p>\n","protected":false},"author":36,"featured_media":53593,"comment_status":"","ping_status":"","sticky":false,"template":"","format":"standard","meta":{"_acf_changed":false,"footnotes":""},"categories":[4936],"tags":[],"class_list":["post-53595","post","type-post","status-publish","format-standard","has-post-thumbnail","hentry","category-hemeroteca-es"],"acf":[],"_links":{"self":[{"href":"https:\/\/alzira.es\/es\/wp-json\/wp\/v2\/posts\/53595","targetHints":{"allow":["GET"]}}],"collection":[{"href":"https:\/\/alzira.es\/es\/wp-json\/wp\/v2\/posts"}],"about":[{"href":"https:\/\/alzira.es\/es\/wp-json\/wp\/v2\/types\/post"}],"author":[{"embeddable":true,"href":"https:\/\/alzira.es\/es\/wp-json\/wp\/v2\/users\/36"}],"replies":[{"embeddable":true,"href":"https:\/\/alzira.es\/es\/wp-json\/wp\/v2\/comments?post=53595"}],"version-history":[{"count":0,"href":"https:\/\/alzira.es\/es\/wp-json\/wp\/v2\/posts\/53595\/revisions"}],"wp:featuredmedia":[{"embeddable":true,"href":"https:\/\/alzira.es\/es\/wp-json\/wp\/v2\/media\/53593"}],"wp:attachment":[{"href":"https:\/\/alzira.es\/es\/wp-json\/wp\/v2\/media?parent=53595"}],"wp:term":[{"taxonomy":"category","embeddable":true,"href":"https:\/\/alzira.es\/es\/wp-json\/wp\/v2\/categories?post=53595"},{"taxonomy":"post_tag","embeddable":true,"href":"https:\/\/alzira.es\/es\/wp-json\/wp\/v2\/tags?post=53595"}],"curies":[{"name":"wp","href":"https:\/\/api.w.org\/{rel}","templated":true}]}}