{"id":53592,"date":"2021-02-19T12:52:37","date_gmt":"2021-02-19T11:52:37","guid":{"rendered":"https:\/\/alzira.es\/les-informadores-civiques-enceten-en-les-ur-banitzacions-la-campanya-de-poda-i-residus-vegetals-2\/"},"modified":"2021-02-19T12:52:37","modified_gmt":"2021-02-19T11:52:37","slug":"les-informadores-civiques-enceten-en-les-ur-banitzacions-la-campanya-de-poda-i-residus-vegetals-2","status":"publish","type":"post","link":"https:\/\/alzira.es\/es\/les-informadores-civiques-enceten-en-les-ur-banitzacions-la-campanya-de-poda-i-residus-vegetals-2\/","title":{"rendered":"Les informadores c\u00edviques enceten en les urbanitzacions la campanya de poda i residus vegetals"},"content":{"rendered":"<p><strong>L&#8217;Ajuntament d&#8217;Alzira<\/strong>, des de la Regidoria de Serveis Urbans, <strong>continua amb les campanyes d&#8217;informaci\u00f3 <\/strong>a la ciutadania per mitj\u00e0 de les informadores c\u00edviques.<\/p>\n<p>La campanya est\u00e0 centrada en assabentar als propietaris de xalets o parcel\u00b7les de les urbanitzacions del Respirall, Valletes de Bru i Sant Bernat de la necessitat de procedir correctament en les restes de poda i residus vegetals.<\/p>\n<p>Estem a un mes de que s&#8217;inicie la primavera, l&#8217;\u00e8poca en la que s&#8217;activen els arbres i plantes per la qual cosa els ve\u00efns procuren que la vegetaci\u00f3 llu\u00efsca tota la seua bellesa, esporgant i aclarint les branques.<\/p>\n<p><em>\u00abDes de la Regidoria de Serveis Urbans oferim un servici gratu\u00eft que inclou l&#8217;arreplega de la poda i dels residus vegetals, <strong>per a fer \u00fas del servici<\/strong> cal adre\u00e7ar-se al tel\u00e8fon <strong>96 241 74 54<\/strong> o al correu <strong><a href=\"mailto:avisosalzira@fovasa.com\" target=\"_blank\" rel=\"noopener\">avisosalzira@fovasa.com<\/a><\/strong>\u00bb<\/em>, ha recordat <strong>Fernando Pascual<\/strong>, regidor de l&#8217;\u00e0rea, qui a m\u00e9s incidix en la necessitat d&#8217;utilitzar este servici en benefici de la col\u00b7lectivitat que residix de manera habitual o espor\u00e0dica estes zones de la nostra ciutat.<\/p>\n<p>Les informadores c\u00edviques repartixen fullets amb les instruccions a seguir per a complir la normativa de l&#8217;arreplega de les restes de poda i residus vegetals. <em>\u00abQualsevol dubte al voltant d&#8217;este servici es pot consultar estos dies a les informadores c\u00edviques encarregades de difondre els beneficis d&#8217;este servici que pot ser utilitzat per a qualsevol alzireny que el necessite\u00bb<\/em>, ha matisat el regidor.<\/p>\n<p>La col\u00b7laboraci\u00f3 de totes i tots \u00e9s essencial per a que les campanyes d&#8217;informaci\u00f3 impulsades des de l&#8217;Ajuntament tinguen una important repercussi\u00f3, ja que en definitiva el que es perseguix \u00e9s marcar unes pautes de conviv\u00e8ncia.<\/p>\n<p><img fetchpriority=\"high\" decoding=\"async\" class=\" size-full wp-image-53589\" style=\"margin-right: auto; margin-left: auto; display: block;\" src=\"https:\/\/alzira.es\/wp-content\/uploads\/2021\/02\/podes_2.jpeg\" alt=\"podes 2\" width=\"1000\" height=\"450\" srcset=\"https:\/\/alzira.es\/wp-content\/uploads\/2021\/02\/podes_2.jpeg 1600w, https:\/\/alzira.es\/wp-content\/uploads\/2021\/02\/podes_2-680x306.jpeg 680w, https:\/\/alzira.es\/wp-content\/uploads\/2021\/02\/podes_2-1430x644.jpeg 1430w, https:\/\/alzira.es\/wp-content\/uploads\/2021\/02\/podes_2-768x346.jpeg 768w, https:\/\/alzira.es\/wp-content\/uploads\/2021\/02\/podes_2-1536x691.jpeg 1536w\" sizes=\"(max-width: 706px) 89vw, (max-width: 767px) 82vw, 740px\" \/><\/p>\n<p>&nbsp;<\/p>\n","protected":false},"excerpt":{"rendered":"<p>L&#8217;Ajuntament d&#8217;Alzira, des de la Regidoria de Serveis Urbans, continua amb les campanyes d&#8217;informaci\u00f3 a la ciutadania per mitj\u00e0 de les informadores c\u00edviques. La campanya est\u00e0 centrada en assabentar als propietaris de xalets o parcel\u00b7les de les urbanitzacions del Respirall, Valletes de Bru i Sant Bernat de la necessitat de procedir correctament en les restes &hellip; <\/p>\n<p class=\"link-more\"><a href=\"https:\/\/alzira.es\/es\/les-informadores-civiques-enceten-en-les-ur-banitzacions-la-campanya-de-poda-i-residus-vegetals-2\/\" class=\"more-link\">Continuar leyendo<span class=\"screen-reader-text\"> \u00abLes informadores c\u00edviques enceten en les urbanitzacions la campanya de poda i residus vegetals\u00bb<\/span><\/a><\/p>\n","protected":false},"author":36,"featured_media":53589,"comment_status":"","ping_status":"","sticky":false,"template":"","format":"standard","meta":{"_acf_changed":false,"footnotes":""},"categories":[],"tags":[],"class_list":["post-53592","post","type-post","status-publish","format-standard","has-post-thumbnail","hentry"],"acf":[],"_links":{"self":[{"href":"https:\/\/alzira.es\/es\/wp-json\/wp\/v2\/posts\/53592","targetHints":{"allow":["GET"]}}],"collection":[{"href":"https:\/\/alzira.es\/es\/wp-json\/wp\/v2\/posts"}],"about":[{"href":"https:\/\/alzira.es\/es\/wp-json\/wp\/v2\/types\/post"}],"author":[{"embeddable":true,"href":"https:\/\/alzira.es\/es\/wp-json\/wp\/v2\/users\/36"}],"replies":[{"embeddable":true,"href":"https:\/\/alzira.es\/es\/wp-json\/wp\/v2\/comments?post=53592"}],"version-history":[{"count":0,"href":"https:\/\/alzira.es\/es\/wp-json\/wp\/v2\/posts\/53592\/revisions"}],"wp:featuredmedia":[{"embeddable":true,"href":"https:\/\/alzira.es\/es\/wp-json\/wp\/v2\/media\/53589"}],"wp:attachment":[{"href":"https:\/\/alzira.es\/es\/wp-json\/wp\/v2\/media?parent=53592"}],"wp:term":[{"taxonomy":"category","embeddable":true,"href":"https:\/\/alzira.es\/es\/wp-json\/wp\/v2\/categories?post=53592"},{"taxonomy":"post_tag","embeddable":true,"href":"https:\/\/alzira.es\/es\/wp-json\/wp\/v2\/tags?post=53592"}],"curies":[{"name":"wp","href":"https:\/\/api.w.org\/{rel}","templated":true}]}}