{"id":53591,"date":"2021-02-19T12:52:37","date_gmt":"2021-02-19T11:52:37","guid":{"rendered":"https:\/\/alzira.es\/les-informadores-civiques-enceten-en-les-ur-banitzacions-la-campanya-de-poda-i-residus-vegetals\/"},"modified":"2021-02-19T12:52:37","modified_gmt":"2021-02-19T11:52:37","slug":"les-informadores-civiques-enceten-en-les-ur-banitzacions-la-campanya-de-poda-i-residus-vegetals","status":"publish","type":"post","link":"https:\/\/alzira.es\/es\/les-informadores-civiques-enceten-en-les-ur-banitzacions-la-campanya-de-poda-i-residus-vegetals\/","title":{"rendered":"Las informadoras c\u00edvicas comienzan en las urbanizaciones la campa\u00f1a de poda y residuos vegetales"},"content":{"rendered":"<p><strong>El Ayuntamiento de Alzira<\/strong>, desde la Concejal\u00eda de Servicios Urbanos, <strong>contin\u00faa con las campa\u00f1as de informaci\u00f3n<\/strong> a la ciudadan\u00eda por medio de las informadoras c\u00edvicas.<br \/>La campa\u00f1a est\u00e1 centrada en enterar a los propietarios de chal\u00e9s o parcelas de las urbanizaciones del Respiradero, Valletes de Bru y San Bernat de la necesidad de proceder correctamente en los restos de poda y residuos vegetales.<\/p>\n<p>Estamos en un mes de que se inicie la primavera, la \u00e9poca en la que se activan los \u00e1rboles y plantas por lo cual los vecinos procuran que la vegetaci\u00f3n luzca toda su belleza, espulgando y aclarando las ramas.<\/p>\n<p><em>\u00abDesde la Concejal\u00eda de Servicios Urbanos ofrecemos un servicio gratuito que incluye la recogida de la poda y de los residuos vegetales, <strong>para hacer uso del servicio<\/strong> hay que dirigirse al tel\u00e9fono <strong>96 241 74 54<\/strong> o al correo <strong><a href=\"mailto:avisosalzira@fovasa.com\" target=\"_blank\" rel=\"noopener\">avisosalzira@fovasa.com<\/a><\/strong>\u00bb<\/em>, ha recordado<strong> Fernando Pascual<\/strong>, regidor del \u00e1rea, quien adem\u00e1s incide en la necesidad de utilizar este servicio en beneficio de la colectividad que reside de manera habitual o espor\u00e1dica estas zonas de nuestra ciudad.<\/p>\n<p>Las informadoras c\u00edvicas reparten folletos con las instrucciones a seguir para cumplir la normativa de la recogida de los restos de poda y residuos vegetales.<em> \u00abCualquier duda alrededor de este servicio se puede consultar estos d\u00edas a las informadoras c\u00edvicas encargadas de difundir los beneficios de este servicio que puede ser utilizado para cualquier alcire\u00f1o que lo necesite\u00bb<\/em>, ha matizado el regidor.<\/p>\n<p>La colaboraci\u00f3n de todas y todos es esencial para que las campa\u00f1as de informaci\u00f3n impulsadas desde el Ayuntamiento tengan una importante repercusi\u00f3n, puesto que en definitiva lo que se persigue es marcar unas pautas de convivencia.<\/p>\n<p><img fetchpriority=\"high\" decoding=\"async\" class=\" size-full wp-image-53589\" style=\"margin-right: auto; margin-left: auto; display: block;\" src=\"https:\/\/alzira.es\/wp-content\/uploads\/2021\/02\/podes_2.jpeg\" alt=\"podes 2\" width=\"1000\" height=\"450\" srcset=\"https:\/\/alzira.es\/wp-content\/uploads\/2021\/02\/podes_2.jpeg 1600w, https:\/\/alzira.es\/wp-content\/uploads\/2021\/02\/podes_2-680x306.jpeg 680w, https:\/\/alzira.es\/wp-content\/uploads\/2021\/02\/podes_2-1430x644.jpeg 1430w, https:\/\/alzira.es\/wp-content\/uploads\/2021\/02\/podes_2-768x346.jpeg 768w, https:\/\/alzira.es\/wp-content\/uploads\/2021\/02\/podes_2-1536x691.jpeg 1536w\" sizes=\"(max-width: 706px) 89vw, (max-width: 767px) 82vw, 740px\" \/><\/p>\n<p>&nbsp;<\/p>\n","protected":false},"excerpt":{"rendered":"<p>El Ayuntamiento de Alzira, desde la Concejal\u00eda de Servicios Urbanos, contin\u00faa con las campa\u00f1as de informaci\u00f3n a la ciudadan\u00eda por medio de las informadoras c\u00edvicas.La campa\u00f1a est\u00e1 centrada en enterar a los propietarios de chal\u00e9s o parcelas de las urbanizaciones del Respiradero, Valletes de Bru y San Bernat de la necesidad de proceder correctamente en &hellip; <\/p>\n<p class=\"link-more\"><a href=\"https:\/\/alzira.es\/es\/les-informadores-civiques-enceten-en-les-ur-banitzacions-la-campanya-de-poda-i-residus-vegetals\/\" class=\"more-link\">Continuar leyendo<span class=\"screen-reader-text\"> \u00abLas informadoras c\u00edvicas comienzan en las urbanizaciones la campa\u00f1a de poda y residuos vegetales\u00bb<\/span><\/a><\/p>\n","protected":false},"author":36,"featured_media":53589,"comment_status":"","ping_status":"","sticky":false,"template":"","format":"standard","meta":{"_acf_changed":false,"footnotes":""},"categories":[4936],"tags":[],"class_list":["post-53591","post","type-post","status-publish","format-standard","has-post-thumbnail","hentry","category-hemeroteca-es"],"acf":[],"_links":{"self":[{"href":"https:\/\/alzira.es\/es\/wp-json\/wp\/v2\/posts\/53591","targetHints":{"allow":["GET"]}}],"collection":[{"href":"https:\/\/alzira.es\/es\/wp-json\/wp\/v2\/posts"}],"about":[{"href":"https:\/\/alzira.es\/es\/wp-json\/wp\/v2\/types\/post"}],"author":[{"embeddable":true,"href":"https:\/\/alzira.es\/es\/wp-json\/wp\/v2\/users\/36"}],"replies":[{"embeddable":true,"href":"https:\/\/alzira.es\/es\/wp-json\/wp\/v2\/comments?post=53591"}],"version-history":[{"count":0,"href":"https:\/\/alzira.es\/es\/wp-json\/wp\/v2\/posts\/53591\/revisions"}],"wp:featuredmedia":[{"embeddable":true,"href":"https:\/\/alzira.es\/es\/wp-json\/wp\/v2\/media\/53589"}],"wp:attachment":[{"href":"https:\/\/alzira.es\/es\/wp-json\/wp\/v2\/media?parent=53591"}],"wp:term":[{"taxonomy":"category","embeddable":true,"href":"https:\/\/alzira.es\/es\/wp-json\/wp\/v2\/categories?post=53591"},{"taxonomy":"post_tag","embeddable":true,"href":"https:\/\/alzira.es\/es\/wp-json\/wp\/v2\/tags?post=53591"}],"curies":[{"name":"wp","href":"https:\/\/api.w.org\/{rel}","templated":true}]}}