{"id":53587,"date":"2021-02-19T09:09:46","date_gmt":"2021-02-19T08:09:46","guid":{"rendered":"https:\/\/alzira.es\/dos-veines-cedeixen-a-l-ajuntament-una-parcel-la-situada-al-pla-de-la-murta\/"},"modified":"2021-02-19T09:09:46","modified_gmt":"2021-02-19T08:09:46","slug":"dos-veines-cedeixen-a-l-ajuntament-una-parcel-la-situada-al-pla-de-la-murta","status":"publish","type":"post","link":"https:\/\/alzira.es\/es\/dos-veines-cedeixen-a-l-ajuntament-una-parcel-la-situada-al-pla-de-la-murta\/","title":{"rendered":"Dos vecinas ceden al Ayuntamiento una parcela situada en el Pla de la Murta"},"content":{"rendered":"<p><strong>Dos vecinas de Alzira han cedido al Ayuntamiento una parcela<\/strong> de su propiedad en la zona conocida como el <em>\u00abRinc\u00f3n de Pachorra\u00bb<\/em> situada <strong>dentro del Plan de la Murta<\/strong>, <strong>que formar\u00e1 parte de los espacios que se integran en el patrimonio natural municipales de la Murta-Casella<\/strong> gestionados por el Ayuntamiento.<\/p>\n<p>Se trata de una parcela monta\u00f1osa de car\u00e1cter forestal con <strong>una superficie de 3.793 m\u00b2<\/strong> poblada de pinos, algarrobos y matorrales bajos.<\/p>\n<p>La obtenci\u00f3n de la titularidad municipal de esta parcela es fundamental para poder tener la posibilidad de obtener financiaci\u00f3n p\u00fablica en las actuaciones de gesti\u00f3n forestal.<\/p>\n<p>El regidor del \u00e1rea de Medio Ambiente, <strong>Pep Carreres<\/strong> ha agradecido la donaci\u00f3n a las hermanas <strong>Maria Julia<\/strong> i <strong>Rosa Maria B.F.<\/strong> y ha se\u00f1alado que<em> \u00abesta parcela beneficia sin duda la seguridad de toda la ciudadan\u00eda, puesto que la situaci\u00f3n de este suelo forestal resulta estrat\u00e9gica dentro de la franja perimetral de autoprotecci\u00f3n ante los incendios forestales de la urbanizaci\u00f3n del Respirall\u00bb.<\/em><\/p>\n<p>La donaci\u00f3n se tramit\u00f3 v\u00eda expediente presentado el pasado mes de junio y julio de 2020 y ha sido ratificada por la Junta de Gobierno, seg\u00fan los procedimientos y normativas legales vigentes esta misma semana.<\/p>\n<p><img fetchpriority=\"high\" decoding=\"async\" class=\" size-full wp-image-53585\" style=\"margin-right: auto; margin-left: auto; display: block;\" src=\"https:\/\/alzira.es\/wp-content\/uploads\/2021\/02\/donacio_pachorra.jpg\" alt=\"donaci\u00f3 pachorra\" width=\"1000\" height=\"451\" \/><\/p>\n<p>&nbsp;<\/p>\n","protected":false},"excerpt":{"rendered":"<p>Dos vecinas de Alzira han cedido al Ayuntamiento una parcela de su propiedad en la zona conocida como el \u00abRinc\u00f3n de Pachorra\u00bb situada dentro del Plan de la Murta, que formar\u00e1 parte de los espacios que se integran en el patrimonio natural municipales de la Murta-Casella gestionados por el Ayuntamiento. Se trata de una parcela &hellip; <\/p>\n<p class=\"link-more\"><a href=\"https:\/\/alzira.es\/es\/dos-veines-cedeixen-a-l-ajuntament-una-parcel-la-situada-al-pla-de-la-murta\/\" class=\"more-link\">Continuar leyendo<span class=\"screen-reader-text\"> \u00abDos vecinas ceden al Ayuntamiento una parcela situada en el Pla de la Murta\u00bb<\/span><\/a><\/p>\n","protected":false},"author":36,"featured_media":53585,"comment_status":"","ping_status":"","sticky":false,"template":"","format":"standard","meta":{"_acf_changed":false,"footnotes":""},"categories":[4936],"tags":[],"class_list":["post-53587","post","type-post","status-publish","format-standard","has-post-thumbnail","hentry","category-hemeroteca-es"],"acf":[],"_links":{"self":[{"href":"https:\/\/alzira.es\/es\/wp-json\/wp\/v2\/posts\/53587","targetHints":{"allow":["GET"]}}],"collection":[{"href":"https:\/\/alzira.es\/es\/wp-json\/wp\/v2\/posts"}],"about":[{"href":"https:\/\/alzira.es\/es\/wp-json\/wp\/v2\/types\/post"}],"author":[{"embeddable":true,"href":"https:\/\/alzira.es\/es\/wp-json\/wp\/v2\/users\/36"}],"replies":[{"embeddable":true,"href":"https:\/\/alzira.es\/es\/wp-json\/wp\/v2\/comments?post=53587"}],"version-history":[{"count":0,"href":"https:\/\/alzira.es\/es\/wp-json\/wp\/v2\/posts\/53587\/revisions"}],"wp:featuredmedia":[{"embeddable":true,"href":"https:\/\/alzira.es\/es\/wp-json\/wp\/v2\/media\/53585"}],"wp:attachment":[{"href":"https:\/\/alzira.es\/es\/wp-json\/wp\/v2\/media?parent=53587"}],"wp:term":[{"taxonomy":"category","embeddable":true,"href":"https:\/\/alzira.es\/es\/wp-json\/wp\/v2\/categories?post=53587"},{"taxonomy":"post_tag","embeddable":true,"href":"https:\/\/alzira.es\/es\/wp-json\/wp\/v2\/tags?post=53587"}],"curies":[{"name":"wp","href":"https:\/\/api.w.org\/{rel}","templated":true}]}}