{"id":53584,"date":"2021-02-18T14:18:08","date_gmt":"2021-02-18T13:18:08","guid":{"rendered":"https:\/\/alzira.es\/l-empresa-alzirenya-amcor-fa-una-donacio-a-norte-perdido-i-novaterra-2\/"},"modified":"2021-02-18T14:18:08","modified_gmt":"2021-02-18T13:18:08","slug":"l-empresa-alzirenya-amcor-fa-una-donacio-a-norte-perdido-i-novaterra-2","status":"publish","type":"post","link":"https:\/\/alzira.es\/es\/l-empresa-alzirenya-amcor-fa-una-donacio-a-norte-perdido-i-novaterra-2\/","title":{"rendered":"L\u2019empresa alzirenya AMCOR fa una donaci\u00f3 a Norte Perdido i Novaterra"},"content":{"rendered":"<p style=\"text-align: left;\">Este mat\u00ed ha tingut lloc la donaci\u00f3 de l&#8217;empresa <strong>AMCOR<\/strong> d&#8217;Alzira a les entitats locals <strong>NORTE PERDIDO<\/strong> i<strong> LA FUNDACI\u00d3 NOVATERRA<\/strong>, ambd\u00f3s treballen conjuntament amb l&#8217;\u00e0rea de Serveis Socials i Innovaci\u00f3 Social de l&#8217;Ajuntament d&#8217;Alzira. La donaci\u00f3, que s&#8217;ha portat a terme al sal\u00f3 d&#8217;actes del Centre de Participaci\u00f3 ciutadana on <strong>l&#8217;Ajuntament ha cedit<\/strong> <strong>el seu espai de treball a la Fundaci\u00f3, ha suposat el lliurament de 2000 euros a cadascuna i 800 mascaretes per a cada entitat<\/strong>.<\/p>\n<p><em>\u00abCal agrair a les empreses alzirenyes, en este cas a AMCOR, el gest que tenen amb estes entitats locals que fan un treball important per a millorar les condicions i la qualitat de vida dels sectors m\u00e9s vulnerables\u00bb<\/em> ha explicat l&#8217;alcalde.<\/p>\n<p>L&#8217;alcalde d&#8217;Alzira <strong>Diego G\u00f3mez<\/strong> i la regidora de Serveis Socials <strong>Marina Mir<\/strong>, han assistit a l&#8217;acte que ha estat presidit per part de l&#8217;empresa AMCOR, pel seu director General, <strong>Anton Gonz\u00e1lez<\/strong> i el cap de RRHH, <strong>Miguel \u00c1ngel Herv\u00e1s<\/strong> i ha comptat amb l&#8217;assist\u00e8ncia del gerent de Novaterra, <strong>Emili Altur<\/strong>. Per la seua banda l&#8217;ONG El Norte Perdido, rebr\u00e0 el seu donatiu els pr\u00f2xims dies a les depend\u00e8ncies de l&#8217;empresa.<\/p>\n<p><strong>AMCOR<\/strong> s&#8217;ha oferit a col\u00b7laborar amb la corporaci\u00f3 local dins del seu programa de responsabilitat social corporativa, en el qual al llarg de l&#8217;any fan col\u00b7laboracions d&#8217;acci\u00f3 social al teixit associatiu local de manera puntual. En este cas, es materialitza esta intervenci\u00f3 amb la donaci\u00f3 de productes i diners en met\u00e0l\u00b7lic per tal de cobrir necessitats b\u00e0siques amb la poblaci\u00f3 vulnerable que puguen atendre les entitats locals seleccionades.<strong> La primera de les donacions dins d&#8217;este programa<\/strong>, <strong>va estar a benefici de C\u00e1ritas i Creu Roja<\/strong>.<\/p>\n<p><em>\u00abDins la l\u00ednia d&#8217;acci\u00f3 comunit\u00e0ria de l&#8217;\u00c0rea de Serveis Socials e Innovaci\u00f3 Social apostem per este tipo d&#8217;iniciatives, especialment en estos moments tan excepcionals i adversos per al conjunt de la societat\u00bb<\/em> ha explicat la regidora <strong>Marina Mir<\/strong>.<\/p>\n<p>La<strong> fundaci\u00f3 Novaterra<\/strong>, ha mostrat tamb\u00e9 el seu agra\u00efment i el seu gerent, <strong>Emili Altur<\/strong> ha destacat que<em> \u00abl&#8217;import \u00edntegre d&#8217;aquesta donaci\u00f3 anir\u00e0 destinat a la realitzaci\u00f3 d&#8217;itineraris d&#8217;inserci\u00f3 soci laboral personalitzats per a persones de la Ribera. El que suposar\u00e0 el primer pas per a aconseguir una ocupaci\u00f3 que els permeta viure amb dignitat, una cosa fonamental en els temps tan dif\u00edcils als quals ens enfrontem actualment, on la pand\u00e8mia ha agreujat encara m\u00e9s la situaci\u00f3 en la qual es troben molt\u00edssimes persones\u00bb.<\/em><\/p>\n<p><img fetchpriority=\"high\" decoding=\"async\" class=\" size-full wp-image-53581\" style=\"margin-right: auto; margin-left: auto; display: block;\" src=\"https:\/\/alzira.es\/wp-content\/uploads\/2021\/02\/donacio_amcor_5.jpeg\" alt=\"donacio amcor 5\" width=\"1000\" height=\"641\" srcset=\"https:\/\/alzira.es\/wp-content\/uploads\/2021\/02\/donacio_amcor_5.jpeg 1600w, https:\/\/alzira.es\/wp-content\/uploads\/2021\/02\/donacio_amcor_5-680x436.jpeg 680w, https:\/\/alzira.es\/wp-content\/uploads\/2021\/02\/donacio_amcor_5-1430x917.jpeg 1430w, https:\/\/alzira.es\/wp-content\/uploads\/2021\/02\/donacio_amcor_5-768x492.jpeg 768w, https:\/\/alzira.es\/wp-content\/uploads\/2021\/02\/donacio_amcor_5-1536x985.jpeg 1536w\" sizes=\"(max-width: 706px) 89vw, (max-width: 767px) 82vw, 740px\" \/><\/p>\n<p style=\"text-align: center;\">&nbsp;<\/p>\n","protected":false},"excerpt":{"rendered":"<p>Este mat\u00ed ha tingut lloc la donaci\u00f3 de l&#8217;empresa AMCOR d&#8217;Alzira a les entitats locals NORTE PERDIDO i LA FUNDACI\u00d3 NOVATERRA, ambd\u00f3s treballen conjuntament amb l&#8217;\u00e0rea de Serveis Socials i Innovaci\u00f3 Social de l&#8217;Ajuntament d&#8217;Alzira. La donaci\u00f3, que s&#8217;ha portat a terme al sal\u00f3 d&#8217;actes del Centre de Participaci\u00f3 ciutadana on l&#8217;Ajuntament ha cedit el &hellip; <\/p>\n<p class=\"link-more\"><a href=\"https:\/\/alzira.es\/es\/l-empresa-alzirenya-amcor-fa-una-donacio-a-norte-perdido-i-novaterra-2\/\" class=\"more-link\">Continuar leyendo<span class=\"screen-reader-text\"> \u00abL\u2019empresa alzirenya AMCOR fa una donaci\u00f3 a Norte Perdido i Novaterra\u00bb<\/span><\/a><\/p>\n","protected":false},"author":36,"featured_media":53581,"comment_status":"","ping_status":"","sticky":false,"template":"","format":"standard","meta":{"_acf_changed":false,"footnotes":""},"categories":[],"tags":[],"class_list":["post-53584","post","type-post","status-publish","format-standard","has-post-thumbnail","hentry"],"acf":[],"_links":{"self":[{"href":"https:\/\/alzira.es\/es\/wp-json\/wp\/v2\/posts\/53584","targetHints":{"allow":["GET"]}}],"collection":[{"href":"https:\/\/alzira.es\/es\/wp-json\/wp\/v2\/posts"}],"about":[{"href":"https:\/\/alzira.es\/es\/wp-json\/wp\/v2\/types\/post"}],"author":[{"embeddable":true,"href":"https:\/\/alzira.es\/es\/wp-json\/wp\/v2\/users\/36"}],"replies":[{"embeddable":true,"href":"https:\/\/alzira.es\/es\/wp-json\/wp\/v2\/comments?post=53584"}],"version-history":[{"count":0,"href":"https:\/\/alzira.es\/es\/wp-json\/wp\/v2\/posts\/53584\/revisions"}],"wp:featuredmedia":[{"embeddable":true,"href":"https:\/\/alzira.es\/es\/wp-json\/wp\/v2\/media\/53581"}],"wp:attachment":[{"href":"https:\/\/alzira.es\/es\/wp-json\/wp\/v2\/media?parent=53584"}],"wp:term":[{"taxonomy":"category","embeddable":true,"href":"https:\/\/alzira.es\/es\/wp-json\/wp\/v2\/categories?post=53584"},{"taxonomy":"post_tag","embeddable":true,"href":"https:\/\/alzira.es\/es\/wp-json\/wp\/v2\/tags?post=53584"}],"curies":[{"name":"wp","href":"https:\/\/api.w.org\/{rel}","templated":true}]}}