{"id":53583,"date":"2021-02-18T14:18:08","date_gmt":"2021-02-18T13:18:08","guid":{"rendered":"https:\/\/alzira.es\/l-empresa-alzirenya-amcor-fa-una-donacio-a-norte-perdido-i-novaterra\/"},"modified":"2021-02-18T14:18:08","modified_gmt":"2021-02-18T13:18:08","slug":"l-empresa-alzirenya-amcor-fa-una-donacio-a-norte-perdido-i-novaterra","status":"publish","type":"post","link":"https:\/\/alzira.es\/es\/l-empresa-alzirenya-amcor-fa-una-donacio-a-norte-perdido-i-novaterra\/","title":{"rendered":"La empresa alcire\u00f1a AMCOR hace una donaci\u00f3n a Norte Perdido y Novaterra"},"content":{"rendered":"<p style=\"text-align: left;\">Esta ma\u00f1ana ha tenido lugar la donaci\u00f3n de la empresa <strong>AMCOR<\/strong> de Alzira a las entidades locales <strong>NORTE PERDIDO<\/strong> y <strong>LA FUNDACI\u00d3N NOVATERRA<\/strong>, ambos trabajan conjuntamente con el \u00e1rea de Servicios Sociales e Innovaci\u00f3n Social del Ayuntamiento de Alzira. La donaci\u00f3n, que se ha llevado a cabo en el sal\u00f3n de actos del Centro de Participaci\u00f3n ciudadana donde <strong>el Ayuntamiento ha cedido su espacio de trabajo a la Fundaci\u00f3n, ha supuesto la entrega de 2000 euros a cada una y 800 mascarillas para cada entidad<\/strong>.<\/p>\n<p style=\"text-align: left;\"><em>\u00abHay que agradecer a las empresas alcire\u00f1as, en este caso a AMCOR, el gesto que tienen con estas entidades locales que hacen un trabajo importante para mejorar las condiciones y la calidad de vida de los sectores m\u00e1s vulnerables\u00bb<\/em> ha explicado el alcalde.<\/p>\n<p>El alcalde de Alzira <strong>Diego G\u00f3mez<\/strong> y la regidora de Servicios Sociales <strong>Marina Mir<\/strong>, han asistido al acto que ha sido presidido por parte de la empresa AMCOR, por su director General, <strong>Anton Gonz\u00e1lez<\/strong> y el jefe de RRHH, <strong>Miguel \u00c1ngel Herv\u00e1s<\/strong> y ha contado con la asistencia del gerente de Novaterra, <strong>Emili Altur<\/strong>. Por su parte el ONG Lo Norte Perdido, recibir\u00e1 su donativo los pr\u00f3ximos d\u00edas a las dependencias de la empresa.<\/p>\n<p><strong>AMCOR<\/strong> se ha ofrecido a colaborar con la corporaci\u00f3n local dentro de su programa de responsabilidad social corporativa, en el cual a lo largo del a\u00f1o hacen colaboraciones de acci\u00f3n social al tejido asociativo local de manera puntual. En este caso, se materializa esta intervenci\u00f3n con la donaci\u00f3n de productos y dinero en met\u00e1lico para cubrir necesidades b\u00e1sicas con la poblaci\u00f3n vulnerable que puedan atender las entidades locales seleccionadas. <strong>La primera de las donaciones dentro de este programa, estuvo a beneficio de C\u00e1ritas y Cruz Roja<\/strong>.<\/p>\n<p><em>\u00abDentro de la l\u00ednea de acci\u00f3n comunitaria del \u00e1rea de Servicios Sociales e Innovaci\u00f3n Social apostamos por este *tipo de iniciativas, especialmente en estos momentos tan excepcionales y adversos para el conjunto de la sociedad\u00bb<\/em> ha explicado la regidora<strong> Marina Mir<\/strong>.<\/p>\n<p>La <strong>fundaci\u00f3n Novaterra<\/strong>, ha mostrado tambi\u00e9n su agradecimiento y su gerente, <strong>Emili Altur<\/strong> ha destacado que<em> \u00abel importe \u00edntegro de esta donaci\u00f3n ir\u00e1 destinado a la realizaci\u00f3n de itinerarios de inserci\u00f3n socio laboral personalizados para personas de la Ribera. El que supondr\u00e1 el primer paso para conseguir una ocupaci\u00f3n que los permita vivir con dignidad, una cosa fundamental en los tiempos tan dif\u00edciles a los cuales nos enfrentamos actualmente, donde la pandemia ha agraviado todav\u00eda m\u00e1s la situaci\u00f3n en la cual se encuentran much\u00edsimas personas\u00bb.<\/em><\/p>\n<p><img fetchpriority=\"high\" decoding=\"async\" class=\" size-full wp-image-53581\" style=\"margin-right: auto; margin-left: auto; display: block;\" src=\"https:\/\/alzira.es\/wp-content\/uploads\/2021\/02\/donacio_amcor_5.jpeg\" alt=\"donacio amcor 5\" width=\"500\" height=\"321\" srcset=\"https:\/\/alzira.es\/wp-content\/uploads\/2021\/02\/donacio_amcor_5.jpeg 1600w, https:\/\/alzira.es\/wp-content\/uploads\/2021\/02\/donacio_amcor_5-680x436.jpeg 680w, https:\/\/alzira.es\/wp-content\/uploads\/2021\/02\/donacio_amcor_5-1430x917.jpeg 1430w, https:\/\/alzira.es\/wp-content\/uploads\/2021\/02\/donacio_amcor_5-768x492.jpeg 768w, https:\/\/alzira.es\/wp-content\/uploads\/2021\/02\/donacio_amcor_5-1536x985.jpeg 1536w\" sizes=\"(max-width: 500px) 100vw, 500px\" \/><\/p>\n<p style=\"text-align: center;\">&nbsp;<\/p>\n","protected":false},"excerpt":{"rendered":"<p>Esta ma\u00f1ana ha tenido lugar la donaci\u00f3n de la empresa AMCOR de Alzira a las entidades locales NORTE PERDIDO y LA FUNDACI\u00d3N NOVATERRA, ambos trabajan conjuntamente con el \u00e1rea de Servicios Sociales e Innovaci\u00f3n Social del Ayuntamiento de Alzira. La donaci\u00f3n, que se ha llevado a cabo en el sal\u00f3n de actos del Centro de &hellip; <\/p>\n<p class=\"link-more\"><a href=\"https:\/\/alzira.es\/es\/l-empresa-alzirenya-amcor-fa-una-donacio-a-norte-perdido-i-novaterra\/\" class=\"more-link\">Continuar leyendo<span class=\"screen-reader-text\"> \u00abLa empresa alcire\u00f1a AMCOR hace una donaci\u00f3n a Norte Perdido y Novaterra\u00bb<\/span><\/a><\/p>\n","protected":false},"author":36,"featured_media":53581,"comment_status":"","ping_status":"","sticky":false,"template":"","format":"standard","meta":{"_acf_changed":false,"footnotes":""},"categories":[4936],"tags":[],"class_list":["post-53583","post","type-post","status-publish","format-standard","has-post-thumbnail","hentry","category-hemeroteca-es"],"acf":[],"_links":{"self":[{"href":"https:\/\/alzira.es\/es\/wp-json\/wp\/v2\/posts\/53583","targetHints":{"allow":["GET"]}}],"collection":[{"href":"https:\/\/alzira.es\/es\/wp-json\/wp\/v2\/posts"}],"about":[{"href":"https:\/\/alzira.es\/es\/wp-json\/wp\/v2\/types\/post"}],"author":[{"embeddable":true,"href":"https:\/\/alzira.es\/es\/wp-json\/wp\/v2\/users\/36"}],"replies":[{"embeddable":true,"href":"https:\/\/alzira.es\/es\/wp-json\/wp\/v2\/comments?post=53583"}],"version-history":[{"count":0,"href":"https:\/\/alzira.es\/es\/wp-json\/wp\/v2\/posts\/53583\/revisions"}],"wp:featuredmedia":[{"embeddable":true,"href":"https:\/\/alzira.es\/es\/wp-json\/wp\/v2\/media\/53581"}],"wp:attachment":[{"href":"https:\/\/alzira.es\/es\/wp-json\/wp\/v2\/media?parent=53583"}],"wp:term":[{"taxonomy":"category","embeddable":true,"href":"https:\/\/alzira.es\/es\/wp-json\/wp\/v2\/categories?post=53583"},{"taxonomy":"post_tag","embeddable":true,"href":"https:\/\/alzira.es\/es\/wp-json\/wp\/v2\/tags?post=53583"}],"curies":[{"name":"wp","href":"https:\/\/api.w.org\/{rel}","templated":true}]}}