{"id":53580,"date":"2021-02-18T13:32:15","date_gmt":"2021-02-18T12:32:15","guid":{"rendered":"https:\/\/alzira.es\/gomez-a-este-ritme-ens-queda-una-setmana-per-a-arribar-a-nivells-optims-de-contagi-2\/"},"modified":"2021-02-18T13:32:15","modified_gmt":"2021-02-18T12:32:15","slug":"gomez-a-este-ritme-ens-queda-una-setmana-per-a-arribar-a-nivells-optims-de-contagi-2","status":"publish","type":"post","link":"https:\/\/alzira.es\/es\/gomez-a-este-ritme-ens-queda-una-setmana-per-a-arribar-a-nivells-optims-de-contagi-2\/","title":{"rendered":"G\u00f3mez: \u201cA este ritme, ens queda una setmana per a arribar a nivells \u00f2ptims de contagi\u201d"},"content":{"rendered":"<p><strong>Actualitzaci\u00f3 de dades COVID<\/strong><\/p>\n<p>La Reuni\u00f3 de cada dijous amb els representants dels diferents municipis que integren el Departament de Salut de la Ribera, s&#8217;ha celebrat este mat\u00ed amb una clara milloria de les xifres aportades per Sanitat. En els \u00faltims 7 dies, en Alzira <strong>hem passat de 608 casos per cada 100.000 habitants a 251 casos<\/strong>. En total tenim 115 casos actius (278 a data 11 de febrer), en els \u00faltims tres dies 7 casos nous.<\/p>\n<p><em>\u00abS\u00f3n xifres molt positives, les mesures estan produint els seus efectes. A este ritme, ens queda una setmana per a arribar a nivells \u00f2ptims de contagi segons els par\u00e0metres estipulats per la OMS. Cal continuar amb l&#8217;esfor\u00e7 que estem fent, reduint les nostres relacions socials, per a poder arribar a una incid\u00e8ncia de menys de 100 casos per cada 100.000 habitants\u00bb<\/em>, ha explicat l&#8217;alcalde de la ciutat, <strong>Diego G\u00f3mez<\/strong>.<\/p>\n<p>Com cada dijous, han assistit la regidora de Sanitat de l&#8217;Ajuntament d&#8217;Alzira, <strong>Gemma Al\u00f3s<\/strong>, i l&#8217;alcalde, <strong>Diego G\u00f3mez<\/strong>, que s&#8217;han mostrat optimistes amb l&#8217;evoluci\u00f3 de les \u00faltimes setmanes. <em>\u00abCal agrair a la tota poblaci\u00f3 l&#8217;esfor\u00e7 pel compliment de les mesures. Estem aconseguint doblar esta corba entre tots i totes. Tamb\u00e9 vull agrair la tasca que es porta a terme des del Departament de Salut pel seu esfor\u00e7 de coordinaci\u00f3 en l&#8217;\u00e0mbit de tindre&#8217;ns informats i de treballar per la salut de tots els riberencs i riberenques\u00bb<\/em>. Des de l&#8217;Ajuntament es continuar\u00e0 fent tot el possible per a aconseguir que la incid\u00e8ncia es redu\u00efsca i garantir la seguretat de la nostra ciutadania.<\/p>\n<p>Per la seua banda la regidora de Sanitat, <strong>Gemma Al\u00f3s<\/strong>, ha informat que el protocol de vacunaci\u00f3 avan\u00e7a a mont bon ritme,<em> \u00abJa estan vacunant-se els majors de 90 anys i grans dependents als qui es vacuna des de casa i es prepara per a les pr\u00f2ximes setmanes la del professorat\u00bb<\/em><br \/>D&#8217;altra banda, pel que fa a l&#8217;\u00e0mbit educatiu, han abaixat notablement els contagis, <em>\u00abLes aules s\u00f3n un reflex de la nostra societat. La transmissi\u00f3 a nivell educatiu \u00e9s ara molt baixa i volem felicitar a les comunitats educatives que han realitzat molt bon treball per la seguretat del seu alumnat i han demostrat que l&#8217;escola es segura\u00bb<\/em> ha explicat la regidora de Sanitat.<\/p>\n<p>L&#8217;Ajuntament continua amb les mesures actives amb la finalitat de protegir la salut dels alzirenys i alzirenyes, i aix\u00ed ho far\u00e0 fins al pr\u00f2xim 1 de mar\u00e7, moment en qu\u00e8 les revisar\u00e0, igual que la Generalitat, que informar\u00e0 pr\u00f2ximament sobre la continu\u00eftat o canvi en l&#8217;\u00e0mbit auton\u00f2mic.<\/p>\n<p><strong>Mesures fins el 1 de mar\u00e7<\/strong><br \/>\u2022 Grups que no superen les dos persones, llevat que es tracte de convivents.<br \/>\u2022 En domicilis i espais privats, nom\u00e9s reunions familiars i socials del mateix nucli o grup de conviv\u00e8ncia.<br \/>\u2022 S&#8217;exceptuen, la crian\u00e7a i les cures, les reunions de persones amb vincle matrimonial o de parella que viuen en domicilis diferents, o de les persones que viuen soles, amb altra \u00fanica unitat de conviv\u00e8ncia.&nbsp;<br \/>\u2022 No estan incloses en les limitacions les activitats laborals, les institucionals, les de transport i les dels centres docents.<br \/>\u2022 Confinament perimetral de la Comunitat Valenciana.<br \/>\u2022 Addicionalment, des de les 15.00 hores del divendres fins a les 06.00 hores del dilluns, i des de les 15.00 hores de la vesprada dels dies festius fins a les 15.00 de l&#8217;endem\u00e0 al festiu, queda limitada l&#8217;entrada i eixida a municipis de m\u00e9s de 50.000 habitants: Val\u00e8ncia, Alacant, Elx, Castell\u00f3 de la Plana, Torrevieja, Torrent, Orihuela, Gandia, Paterna, Benidorm, Sagunt, Alcoi, Sant Vicent del Raspeig, Elda-Petrer, i Vila-real.<\/p>\n<p><img fetchpriority=\"high\" decoding=\"async\" class=\" size-full wp-image-53577\" style=\"margin-right: auto; margin-left: auto; display: block;\" src=\"https:\/\/alzira.es\/wp-content\/uploads\/2021\/02\/incidencia-cavid-alzira-quadrat.jpg\" alt=\"incidencia-cavid-alzira-quadrat\" width=\"500\" height=\"500\" srcset=\"https:\/\/alzira.es\/wp-content\/uploads\/2021\/02\/incidencia-cavid-alzira-quadrat.jpg 1201w, https:\/\/alzira.es\/wp-content\/uploads\/2021\/02\/incidencia-cavid-alzira-quadrat-680x679.jpg 680w, https:\/\/alzira.es\/wp-content\/uploads\/2021\/02\/incidencia-cavid-alzira-quadrat-1073x1072.jpg 1073w, https:\/\/alzira.es\/wp-content\/uploads\/2021\/02\/incidencia-cavid-alzira-quadrat-350x350.jpg 350w, https:\/\/alzira.es\/wp-content\/uploads\/2021\/02\/incidencia-cavid-alzira-quadrat-768x767.jpg 768w, https:\/\/alzira.es\/wp-content\/uploads\/2021\/02\/incidencia-cavid-alzira-quadrat-300x300.jpg 300w, https:\/\/alzira.es\/wp-content\/uploads\/2021\/02\/incidencia-cavid-alzira-quadrat-100x100.jpg 100w\" sizes=\"(max-width: 500px) 100vw, 500px\" \/><\/p>\n<p>&nbsp;<\/p>\n<p>&nbsp;<\/p>\n<p>&nbsp;<\/p>\n","protected":false},"excerpt":{"rendered":"<p>Actualitzaci\u00f3 de dades COVID La Reuni\u00f3 de cada dijous amb els representants dels diferents municipis que integren el Departament de Salut de la Ribera, s&#8217;ha celebrat este mat\u00ed amb una clara milloria de les xifres aportades per Sanitat. En els \u00faltims 7 dies, en Alzira hem passat de 608 casos per cada 100.000 habitants a &hellip; <\/p>\n<p class=\"link-more\"><a href=\"https:\/\/alzira.es\/es\/gomez-a-este-ritme-ens-queda-una-setmana-per-a-arribar-a-nivells-optims-de-contagi-2\/\" class=\"more-link\">Continuar leyendo<span class=\"screen-reader-text\"> \u00abG\u00f3mez: \u201cA este ritme, ens queda una setmana per a arribar a nivells \u00f2ptims de contagi\u201d\u00bb<\/span><\/a><\/p>\n","protected":false},"author":36,"featured_media":53577,"comment_status":"","ping_status":"","sticky":false,"template":"","format":"standard","meta":{"_acf_changed":false,"footnotes":""},"categories":[],"tags":[],"class_list":["post-53580","post","type-post","status-publish","format-standard","has-post-thumbnail","hentry"],"acf":[],"_links":{"self":[{"href":"https:\/\/alzira.es\/es\/wp-json\/wp\/v2\/posts\/53580","targetHints":{"allow":["GET"]}}],"collection":[{"href":"https:\/\/alzira.es\/es\/wp-json\/wp\/v2\/posts"}],"about":[{"href":"https:\/\/alzira.es\/es\/wp-json\/wp\/v2\/types\/post"}],"author":[{"embeddable":true,"href":"https:\/\/alzira.es\/es\/wp-json\/wp\/v2\/users\/36"}],"replies":[{"embeddable":true,"href":"https:\/\/alzira.es\/es\/wp-json\/wp\/v2\/comments?post=53580"}],"version-history":[{"count":0,"href":"https:\/\/alzira.es\/es\/wp-json\/wp\/v2\/posts\/53580\/revisions"}],"wp:featuredmedia":[{"embeddable":true,"href":"https:\/\/alzira.es\/es\/wp-json\/wp\/v2\/media\/53577"}],"wp:attachment":[{"href":"https:\/\/alzira.es\/es\/wp-json\/wp\/v2\/media?parent=53580"}],"wp:term":[{"taxonomy":"category","embeddable":true,"href":"https:\/\/alzira.es\/es\/wp-json\/wp\/v2\/categories?post=53580"},{"taxonomy":"post_tag","embeddable":true,"href":"https:\/\/alzira.es\/es\/wp-json\/wp\/v2\/tags?post=53580"}],"curies":[{"name":"wp","href":"https:\/\/api.w.org\/{rel}","templated":true}]}}