{"id":53579,"date":"2021-02-18T13:32:15","date_gmt":"2021-02-18T12:32:15","guid":{"rendered":"https:\/\/alzira.es\/gomez-a-este-ritme-ens-queda-una-setmana-per-a-arribar-a-nivells-optims-de-contagi\/"},"modified":"2021-02-18T13:32:15","modified_gmt":"2021-02-18T12:32:15","slug":"gomez-a-este-ritme-ens-queda-una-setmana-per-a-arribar-a-nivells-optims-de-contagi","status":"publish","type":"post","link":"https:\/\/alzira.es\/es\/gomez-a-este-ritme-ens-queda-una-setmana-per-a-arribar-a-nivells-optims-de-contagi\/","title":{"rendered":"G\u00f3mez: \u201cA este ritmo, nos queda una semana para llegar a niveles \u00f3ptimos de contagio\u201d"},"content":{"rendered":"<p><strong>Actualizaci\u00f3n de datos COVID<\/strong><\/p>\n<p>La Reuni\u00f3n de cada jueves con los representantes de los diferentes municipios que integran el Departamento de Salud de la Ribera, se ha celebrado esta ma\u00f1ana con una clara mejor\u00eda de las cifras aportadas por Sanidad. En los \u00faltimos 7 d\u00edas, en Alzira <strong>hemos pasado de 608 casos por cada 100.000 habitantes a 251 casos.<\/strong> En total tenemos 115 casos activos (278 a fecha 11 de febrero), en los \u00faltimos tres d\u00edas 7 casos nuevos.<\/p>\n<p><em>\u00abSon cifras muy positivas, las medidas est\u00e1n produciendo sus efectos. A este ritmo, nos queda una semana para llegar a niveles \u00f3ptimos de contagio seg\u00fan los par\u00e1metros estipulados por la OMS. Hay que continuar con el esfuerzo que estamos haciendo, reduciendo nuestras relaciones sociales, para poder llegar a una incidencia de menos de 100 casos por cada 100.000 habitantes\u00bb<\/em>, ha explicado el alcalde de la ciudad, <strong>Diego G\u00f3mez<\/strong>.<\/p>\n<p>Como cada jueves, han asistido la regidora de Sanidad del Ayuntamiento de Alzira,<strong> Gemma Al\u00f3s<\/strong>, y el alcalde,<strong> Diego G\u00f3mez<\/strong>, que se han mostrado optimistas con la evoluci\u00f3n de las \u00faltimas semanas.<em> \u00abHay que agradecer a toda poblaci\u00f3n el esfuerzo por el cumplimiento de las medidas. Estamos consiguiendo doblar esta curva entre todos y todas. Tambi\u00e9n quiero agradecer la tarea que se lleva a cabo desde el Departamento de Salud por su esfuerzo de coordinaci\u00f3n en el \u00e1mbito de tenernos informados y de trabajar por la salud de todos los ribere\u00f1os y ribere\u00f1as\u00bb<\/em>. Desde el Ayuntamiento se continuar\u00e1 haciendo todo lo posible para conseguir que la incidencia se reduzca y garantizar la seguridad de nuestra ciudadan\u00eda.<\/p>\n<p>Por su parte la regidora de Sanidad,<strong> Gemma Al\u00f3s<\/strong>, ha informado que el protocolo de vacunaci\u00f3n avanza a muy buen ritmo, <em>\u00abYa est\u00e1n vacun\u00e1ndose los mayores de 90 a\u00f1os y grandes dependientes a quienes se vacuna desde casa y se prepara para las pr\u00f3ximas semanas la del profesorado\u00bb<\/em><br \/>Por otro lado, en cuanto al \u00e1mbito educativo, han bajado notablemente los contagios, <em>\u00abLas aulas son un reflejo de nuestra sociedad. La transmisi\u00f3n a nivel educativo es ahora muy baja y queremos felicitar a las comunidades educativas que han realizado muy buen trabajo por la seguridad de su alumnado y han demostrado que la escuela es segura\u00bb<\/em> ha explicado la regidora de Sanidad.<\/p>\n<p>El Ayuntamiento contin\u00faa con las medidas activas con el fin de proteger la salud de los alcire\u00f1os y alcire\u00f1as, y as\u00ed lo har\u00e1 hasta el pr\u00f3ximo 1 de marzo, momento en que las revisar\u00e1, igual que la Generalitat, que informar\u00e1 pr\u00f3ximamente sobre la continuidad o cambio en el \u00e1mbito auton\u00f3mico.<\/p>\n<p><strong>Medidas hasta el 1 de marzo<\/strong><br \/>\u2022 Grupos que no superan las dos personas, salvo que se trate de convivientes<br \/>\u2022 En domicilios y espacios privados, solo reuniones familiares y sociales del mismo n\u00facleo o grupo de convivencia.<br \/>\u2022 Se except\u00faan, la crianza y las curas, las reuniones de personas con v\u00ednculo matrimonial o de pareja que viven en domicilios diferentes, o de las personas que viven solas, con otra \u00fanica unidad de convivencia .<br \/>\u2022 No est\u00e1n incluidas en las limitaciones las actividades laborales, las institucionales, las de transporte y las de los centros docentes.<br \/>\u2022 Confinamiento perimetral de la Comunidad Valenciana.<br \/>\u2022 Adicionalmente, desde las 15.00 horas del viernes hasta las 06.00 horas del lunes, y desde las 15.00 horas de la tarde de los d\u00edas festivos hasta las 15.00 del d\u00eda siguiente al festivo, queda limitada la entrada y salida a municipios de m\u00e1s de 50.000 habitantes: Val\u00e8ncia, Alicante, Elche, Castell\u00f3 de la Plana, Torrevieja, Torrent, Orihuela, Gandia, Paterna, Benidorm, Sagunto, Alcoy, San Vicente del Raspeig, Elda-Petrer, y Vila-real.<\/p>\n<p><img fetchpriority=\"high\" decoding=\"async\" class=\" size-full wp-image-53577\" style=\"margin-right: auto; margin-left: auto; display: block;\" src=\"https:\/\/alzira.es\/wp-content\/uploads\/2021\/02\/incidencia-cavid-alzira-quadrat.jpg\" alt=\"incidencia-cavid-alzira-quadrat\" width=\"500\" height=\"500\" srcset=\"https:\/\/alzira.es\/wp-content\/uploads\/2021\/02\/incidencia-cavid-alzira-quadrat.jpg 1201w, https:\/\/alzira.es\/wp-content\/uploads\/2021\/02\/incidencia-cavid-alzira-quadrat-680x679.jpg 680w, https:\/\/alzira.es\/wp-content\/uploads\/2021\/02\/incidencia-cavid-alzira-quadrat-1073x1072.jpg 1073w, https:\/\/alzira.es\/wp-content\/uploads\/2021\/02\/incidencia-cavid-alzira-quadrat-350x350.jpg 350w, https:\/\/alzira.es\/wp-content\/uploads\/2021\/02\/incidencia-cavid-alzira-quadrat-768x767.jpg 768w, https:\/\/alzira.es\/wp-content\/uploads\/2021\/02\/incidencia-cavid-alzira-quadrat-300x300.jpg 300w, https:\/\/alzira.es\/wp-content\/uploads\/2021\/02\/incidencia-cavid-alzira-quadrat-100x100.jpg 100w\" sizes=\"(max-width: 500px) 100vw, 500px\" \/><\/p>\n<p>&nbsp;<\/p>\n<p>&nbsp;<\/p>\n<p>&nbsp;<\/p>\n","protected":false},"excerpt":{"rendered":"<p>Actualizaci\u00f3n de datos COVID La Reuni\u00f3n de cada jueves con los representantes de los diferentes municipios que integran el Departamento de Salud de la Ribera, se ha celebrado esta ma\u00f1ana con una clara mejor\u00eda de las cifras aportadas por Sanidad. En los \u00faltimos 7 d\u00edas, en Alzira hemos pasado de 608 casos por cada 100.000 &hellip; <\/p>\n<p class=\"link-more\"><a href=\"https:\/\/alzira.es\/es\/gomez-a-este-ritme-ens-queda-una-setmana-per-a-arribar-a-nivells-optims-de-contagi\/\" class=\"more-link\">Continuar leyendo<span class=\"screen-reader-text\"> \u00abG\u00f3mez: \u201cA este ritmo, nos queda una semana para llegar a niveles \u00f3ptimos de contagio\u201d\u00bb<\/span><\/a><\/p>\n","protected":false},"author":36,"featured_media":53577,"comment_status":"","ping_status":"","sticky":false,"template":"","format":"standard","meta":{"_acf_changed":false,"footnotes":""},"categories":[4936],"tags":[],"class_list":["post-53579","post","type-post","status-publish","format-standard","has-post-thumbnail","hentry","category-hemeroteca-es"],"acf":[],"_links":{"self":[{"href":"https:\/\/alzira.es\/es\/wp-json\/wp\/v2\/posts\/53579","targetHints":{"allow":["GET"]}}],"collection":[{"href":"https:\/\/alzira.es\/es\/wp-json\/wp\/v2\/posts"}],"about":[{"href":"https:\/\/alzira.es\/es\/wp-json\/wp\/v2\/types\/post"}],"author":[{"embeddable":true,"href":"https:\/\/alzira.es\/es\/wp-json\/wp\/v2\/users\/36"}],"replies":[{"embeddable":true,"href":"https:\/\/alzira.es\/es\/wp-json\/wp\/v2\/comments?post=53579"}],"version-history":[{"count":0,"href":"https:\/\/alzira.es\/es\/wp-json\/wp\/v2\/posts\/53579\/revisions"}],"wp:featuredmedia":[{"embeddable":true,"href":"https:\/\/alzira.es\/es\/wp-json\/wp\/v2\/media\/53577"}],"wp:attachment":[{"href":"https:\/\/alzira.es\/es\/wp-json\/wp\/v2\/media?parent=53579"}],"wp:term":[{"taxonomy":"category","embeddable":true,"href":"https:\/\/alzira.es\/es\/wp-json\/wp\/v2\/categories?post=53579"},{"taxonomy":"post_tag","embeddable":true,"href":"https:\/\/alzira.es\/es\/wp-json\/wp\/v2\/tags?post=53579"}],"curies":[{"name":"wp","href":"https:\/\/api.w.org\/{rel}","templated":true}]}}