{"id":53576,"date":"2021-02-18T11:49:08","date_gmt":"2021-02-18T10:49:08","guid":{"rendered":"https:\/\/alzira.es\/l-ajuntament-instal-la-comportes-al-pont-de-ferro-per-tal-de-evitar-l-entrada-d-aiguees-del-riu-al-clavegueram-2\/"},"modified":"2021-02-18T11:49:08","modified_gmt":"2021-02-18T10:49:08","slug":"l-ajuntament-instal-la-comportes-al-pont-de-ferro-per-tal-de-evitar-l-entrada-d-aiguees-del-riu-al-clavegueram-2","status":"publish","type":"post","link":"https:\/\/alzira.es\/es\/l-ajuntament-instal-la-comportes-al-pont-de-ferro-per-tal-de-evitar-l-entrada-d-aiguees-del-riu-al-clavegueram-2\/","title":{"rendered":"L\u2019Ajuntament instal\u00b7la comportes al Pont de Ferro per tal de evitar l\u2019entrada d\u2019aig\u00fces del riu al clavegueram"},"content":{"rendered":"<p><strong>L&#8217;Ajuntament aprova el projecte per a la instal\u00b7laci\u00f3 d&#8217;una comporta autom\u00e0tica al Pont de Ferro<\/strong>, que t\u00e9 com a finalitat evitar que l&#8217;aigua del riu X\u00faquer entre a la xarxa municipal de clavegueram quan es dona una pujada del nivell cabal.<\/p>\n<p>Des de la regidoria de Serveis P\u00fablics s&#8217;ha estudiat i valorat favorablement la instal\u00b7laci\u00f3 que portar\u00e0 a terme Aguas de Valencia al punt d&#8217;aliviament localitzat a l&#8217;al\u00e7ada de les comportes del Pont de Ferro.<\/p>\n<p><em>\u00abContinuem estudiant totes les propostes que puguen millorar les condicions de la nostra ciutat per a que les nostres infraestructures responguen de manera favorable davant d&#8217;una situaci\u00f3 de possible inundabilitat\u00bb<\/em> ha explicat <strong>Fernando Pascual<\/strong>, regidor de Serveis P\u00fablics.<\/p>\n<p>Amb este projecte es presenta una soluci\u00f3 t\u00e8cnicament correcta i econ\u00f2micament viable, que permetr\u00e0 reduir la possibilitat que es repetisquen episodis anteriors que van suposar que la zona del Parc d&#8217;Ar\u00e0bia Saudita es plenara d&#8217;aigua provinent del riu mitjan\u00e7ant la xarxa.<\/p>\n<p>Per a poder portar a terme esta actuaci\u00f3 ha estat necess\u00e0ria l&#8217;autoritzaci\u00f3 de la Confederaci\u00f3 Hidrogr\u00e0fica del X\u00faquer, que ja ha donat el seu vist i plau.<\/p>\n<p><strong>La valoraci\u00f3 del projecte \u00e9s de 64.802.61 \u20ac<\/strong> (IVA excl\u00f2s), i estar\u00e0 a c\u00e0rrec de Aguas de Valencia, SA, qui presenta la proposta t\u00e8cnica per a esta instal\u00b7laci\u00f3 que permetr\u00e0 millorar les condicions de treball del clavegueram municipal que quedaran automatitzades pel propi mecanisme de la comporta amb un sistema de v\u00e0lvula anti retorn.<\/p>\n<p style=\"text-align: center;\"><img fetchpriority=\"high\" decoding=\"async\" class=\" size-full wp-image-53573\" src=\"https:\/\/alzira.es\/wp-content\/uploads\/2021\/02\/comportes.jpeg\" alt=\"comportes\" width=\"800\" height=\"449\" srcset=\"https:\/\/alzira.es\/wp-content\/uploads\/2021\/02\/comportes.jpeg 1600w, https:\/\/alzira.es\/wp-content\/uploads\/2021\/02\/comportes-680x382.jpeg 680w, https:\/\/alzira.es\/wp-content\/uploads\/2021\/02\/comportes-1430x803.jpeg 1430w, https:\/\/alzira.es\/wp-content\/uploads\/2021\/02\/comportes-768x431.jpeg 768w, https:\/\/alzira.es\/wp-content\/uploads\/2021\/02\/comportes-1536x862.jpeg 1536w\" sizes=\"(max-width: 706px) 89vw, (max-width: 767px) 82vw, 740px\" \/><\/p>\n","protected":false},"excerpt":{"rendered":"<p>L&#8217;Ajuntament aprova el projecte per a la instal\u00b7laci\u00f3 d&#8217;una comporta autom\u00e0tica al Pont de Ferro, que t\u00e9 com a finalitat evitar que l&#8217;aigua del riu X\u00faquer entre a la xarxa municipal de clavegueram quan es dona una pujada del nivell cabal. Des de la regidoria de Serveis P\u00fablics s&#8217;ha estudiat i valorat favorablement la instal\u00b7laci\u00f3 &hellip; <\/p>\n<p class=\"link-more\"><a href=\"https:\/\/alzira.es\/es\/l-ajuntament-instal-la-comportes-al-pont-de-ferro-per-tal-de-evitar-l-entrada-d-aiguees-del-riu-al-clavegueram-2\/\" class=\"more-link\">Continuar leyendo<span class=\"screen-reader-text\"> \u00abL\u2019Ajuntament instal\u00b7la comportes al Pont de Ferro per tal de evitar l\u2019entrada d\u2019aig\u00fces del riu al clavegueram\u00bb<\/span><\/a><\/p>\n","protected":false},"author":36,"featured_media":53573,"comment_status":"","ping_status":"","sticky":false,"template":"","format":"standard","meta":{"_acf_changed":false,"footnotes":""},"categories":[],"tags":[],"class_list":["post-53576","post","type-post","status-publish","format-standard","has-post-thumbnail","hentry"],"acf":[],"_links":{"self":[{"href":"https:\/\/alzira.es\/es\/wp-json\/wp\/v2\/posts\/53576","targetHints":{"allow":["GET"]}}],"collection":[{"href":"https:\/\/alzira.es\/es\/wp-json\/wp\/v2\/posts"}],"about":[{"href":"https:\/\/alzira.es\/es\/wp-json\/wp\/v2\/types\/post"}],"author":[{"embeddable":true,"href":"https:\/\/alzira.es\/es\/wp-json\/wp\/v2\/users\/36"}],"replies":[{"embeddable":true,"href":"https:\/\/alzira.es\/es\/wp-json\/wp\/v2\/comments?post=53576"}],"version-history":[{"count":0,"href":"https:\/\/alzira.es\/es\/wp-json\/wp\/v2\/posts\/53576\/revisions"}],"wp:featuredmedia":[{"embeddable":true,"href":"https:\/\/alzira.es\/es\/wp-json\/wp\/v2\/media\/53573"}],"wp:attachment":[{"href":"https:\/\/alzira.es\/es\/wp-json\/wp\/v2\/media?parent=53576"}],"wp:term":[{"taxonomy":"category","embeddable":true,"href":"https:\/\/alzira.es\/es\/wp-json\/wp\/v2\/categories?post=53576"},{"taxonomy":"post_tag","embeddable":true,"href":"https:\/\/alzira.es\/es\/wp-json\/wp\/v2\/tags?post=53576"}],"curies":[{"name":"wp","href":"https:\/\/api.w.org\/{rel}","templated":true}]}}