{"id":53572,"date":"2021-02-18T10:07:35","date_gmt":"2021-02-18T09:07:35","guid":{"rendered":"https:\/\/alzira.es\/dia-internacional-de-la-sindrome-d-asperger-2\/"},"modified":"2021-02-18T10:07:35","modified_gmt":"2021-02-18T09:07:35","slug":"dia-internacional-de-la-sindrome-d-asperger-2","status":"publish","type":"post","link":"https:\/\/alzira.es\/es\/dia-internacional-de-la-sindrome-d-asperger-2\/","title":{"rendered":"Dia Internacional de la S\u00edndrome d\u2019Asperger"},"content":{"rendered":"<p><strong>Hui, 18 de febrer \u00e9s el Dia Internacional de la S\u00edndrome d&#8217;Asperger<\/strong><\/p>\n<p>Des de <strong>l&#8217;Ajuntament d&#8217;Alzira<\/strong>, amb l&#8217;objectiu d&#8217;aconseguir una societat m\u00e9s inclusiva, <strong>volem contribuir a la celebraci\u00f3 i a la reivindicaci\u00f3<\/strong> del Dia Internacional de la S\u00edndrome d&#8217;Asperger per a visibilitzar al col\u00b7lectiu de persones que el pateixen, hui enquadrat en l&#8217;espectre autista, perqu\u00e8 tinguen les mateixes oportunitats per a desenvolupar-se com a persones, a ser respectats i en definitiva a ser compresos i integrats, a aportar a la societat i somiar amb poder ser raonablement feli\u00e7os.<\/p>\n<p>Per tal de mostrar suport, des de L&#8217;ajuntament s&#8217;han enc\u00e9s els llums de les fonts de la pla\u00e7a Major i la del Regne, que lluiran de color blau, per a commemorar este dia.<\/p>\n<p>La regidoria de Serveis Urbans, des de fa tres anys impulsa que es mostre el suport institucional a les diferents fites, adaptant el color de les llums de les nostres fonts en cada data significativa.<img fetchpriority=\"high\" decoding=\"async\" class=\" size-full wp-image-53567\" style=\"margin-right: auto; margin-left: auto; display: block;\" src=\"https:\/\/alzira.es\/wp-content\/uploads\/2021\/02\/151705253_3713541495392662_5545722004812652738_n.jpg\" alt=\"151705253 3713541495392662 5545722004812652738 n\" width=\"500\" height=\"574\" \/><img decoding=\"async\" class=\"size-full wp-image-53569 lazyload\" style=\"--smush-placeholder-width: 500px; --smush-placeholder-aspect-ratio: 500\/375;margin-right: auto; margin-left: auto; display: block;\" data-src=\"https:\/\/alzira.es\/wp-content\/uploads\/2021\/02\/151818297_1150833468683963_7737922297252427794_o.jpg\" alt=\"151818297 1150833468683963 7737922297252427794 o\" width=\"500\" height=\"375\" data-srcset=\"https:\/\/alzira.es\/wp-content\/uploads\/2021\/02\/151818297_1150833468683963_7737922297252427794_o.jpg 1600w, https:\/\/alzira.es\/wp-content\/uploads\/2021\/02\/151818297_1150833468683963_7737922297252427794_o-680x510.jpg 680w, https:\/\/alzira.es\/wp-content\/uploads\/2021\/02\/151818297_1150833468683963_7737922297252427794_o-1430x1072.jpg 1430w, https:\/\/alzira.es\/wp-content\/uploads\/2021\/02\/151818297_1150833468683963_7737922297252427794_o-768x576.jpg 768w, https:\/\/alzira.es\/wp-content\/uploads\/2021\/02\/151818297_1150833468683963_7737922297252427794_o-1536x1152.jpg 1536w\" data-sizes=\"(max-width: 500px) 100vw, 500px\" src=\"data:image\/svg+xml;base64,PHN2ZyB3aWR0aD0iMSIgaGVpZ2h0PSIxIiB4bWxucz0iaHR0cDovL3d3dy53My5vcmcvMjAwMC9zdmciPjwvc3ZnPg==\" \/><\/p>\n<p>&nbsp;<\/p>\n<p style=\"text-align: center;\">&nbsp;<\/p>\n","protected":false},"excerpt":{"rendered":"<p>Hui, 18 de febrer \u00e9s el Dia Internacional de la S\u00edndrome d&#8217;Asperger Des de l&#8217;Ajuntament d&#8217;Alzira, amb l&#8217;objectiu d&#8217;aconseguir una societat m\u00e9s inclusiva, volem contribuir a la celebraci\u00f3 i a la reivindicaci\u00f3 del Dia Internacional de la S\u00edndrome d&#8217;Asperger per a visibilitzar al col\u00b7lectiu de persones que el pateixen, hui enquadrat en l&#8217;espectre autista, perqu\u00e8 &hellip; <\/p>\n<p class=\"link-more\"><a href=\"https:\/\/alzira.es\/es\/dia-internacional-de-la-sindrome-d-asperger-2\/\" class=\"more-link\">Continuar leyendo<span class=\"screen-reader-text\"> \u00abDia Internacional de la S\u00edndrome d\u2019Asperger\u00bb<\/span><\/a><\/p>\n","protected":false},"author":36,"featured_media":53567,"comment_status":"","ping_status":"","sticky":false,"template":"","format":"standard","meta":{"_acf_changed":false,"footnotes":""},"categories":[],"tags":[],"class_list":["post-53572","post","type-post","status-publish","format-standard","has-post-thumbnail","hentry"],"acf":[],"_links":{"self":[{"href":"https:\/\/alzira.es\/es\/wp-json\/wp\/v2\/posts\/53572","targetHints":{"allow":["GET"]}}],"collection":[{"href":"https:\/\/alzira.es\/es\/wp-json\/wp\/v2\/posts"}],"about":[{"href":"https:\/\/alzira.es\/es\/wp-json\/wp\/v2\/types\/post"}],"author":[{"embeddable":true,"href":"https:\/\/alzira.es\/es\/wp-json\/wp\/v2\/users\/36"}],"replies":[{"embeddable":true,"href":"https:\/\/alzira.es\/es\/wp-json\/wp\/v2\/comments?post=53572"}],"version-history":[{"count":0,"href":"https:\/\/alzira.es\/es\/wp-json\/wp\/v2\/posts\/53572\/revisions"}],"wp:featuredmedia":[{"embeddable":true,"href":"https:\/\/alzira.es\/es\/wp-json\/wp\/v2\/media\/53567"}],"wp:attachment":[{"href":"https:\/\/alzira.es\/es\/wp-json\/wp\/v2\/media?parent=53572"}],"wp:term":[{"taxonomy":"category","embeddable":true,"href":"https:\/\/alzira.es\/es\/wp-json\/wp\/v2\/categories?post=53572"},{"taxonomy":"post_tag","embeddable":true,"href":"https:\/\/alzira.es\/es\/wp-json\/wp\/v2\/tags?post=53572"}],"curies":[{"name":"wp","href":"https:\/\/api.w.org\/{rel}","templated":true}]}}