{"id":53571,"date":"2021-02-18T10:07:35","date_gmt":"2021-02-18T09:07:35","guid":{"rendered":"https:\/\/alzira.es\/dia-internacional-de-la-sindrome-d-asperger\/"},"modified":"2021-02-18T10:07:35","modified_gmt":"2021-02-18T09:07:35","slug":"dia-internacional-de-la-sindrome-d-asperger","status":"publish","type":"post","link":"https:\/\/alzira.es\/es\/dia-internacional-de-la-sindrome-d-asperger\/","title":{"rendered":"D\u00eda Internacional del S\u00edndrome de Asperger"},"content":{"rendered":"<p><strong>Hoy, 18 de febrero es el D\u00eda Internacional del S\u00edndrome de Asperger<\/strong><\/p>\n<p>Desde <strong>el Ayuntamiento de Alzira<\/strong>, con el objetivo de conseguir una sociedad m\u00e1s inclusiva, <strong>queremos contribuir a la celebraci\u00f3n y a la reivindicaci\u00f3n<\/strong> <strong>del D\u00eda Internacional del S\u00edndrome de Asperger<\/strong> para visibilizar al colectivo de personas que lo sufren, hoy encuadrado en el espectro autista, porque tengan las mismas oportunidades para desarrollarse como personas, a ser respetados y en definitiva a ser comprendidos e integrados, a aportar a la sociedad y so\u00f1ar con poder ser razonablemente felices.<\/p>\n<p>Para mostrar apoyo, desde El ayuntamiento se han encendido las luces de las fuentes de la plaza Mayor y la del Reino, que lucir\u00e1n de color azul, para conmemorar este d\u00eda.<\/p>\n<p>La concejal\u00eda de Servicios Urbanos, desde hace tres a\u00f1os impulsa que se muestre el apoyo institucional a los diferentes hitos, adaptando el color de las luces de nuestras fuentes en cada fecha significativa.<br \/><img fetchpriority=\"high\" decoding=\"async\" class=\" size-full wp-image-53567\" style=\"margin-right: auto; margin-left: auto; display: block;\" src=\"https:\/\/alzira.es\/wp-content\/uploads\/2021\/02\/151705253_3713541495392662_5545722004812652738_n.jpg\" alt=\"151705253 3713541495392662 5545722004812652738 n\" width=\"500\" height=\"574\" \/><img decoding=\"async\" class=\"size-full wp-image-53569 lazyload\" style=\"--smush-placeholder-width: 500px; --smush-placeholder-aspect-ratio: 500\/375;margin-right: auto; margin-left: auto; display: block;\" data-src=\"https:\/\/alzira.es\/wp-content\/uploads\/2021\/02\/151818297_1150833468683963_7737922297252427794_o.jpg\" alt=\"151818297 1150833468683963 7737922297252427794 o\" width=\"500\" height=\"375\" data-srcset=\"https:\/\/alzira.es\/wp-content\/uploads\/2021\/02\/151818297_1150833468683963_7737922297252427794_o.jpg 1600w, https:\/\/alzira.es\/wp-content\/uploads\/2021\/02\/151818297_1150833468683963_7737922297252427794_o-680x510.jpg 680w, https:\/\/alzira.es\/wp-content\/uploads\/2021\/02\/151818297_1150833468683963_7737922297252427794_o-1430x1072.jpg 1430w, https:\/\/alzira.es\/wp-content\/uploads\/2021\/02\/151818297_1150833468683963_7737922297252427794_o-768x576.jpg 768w, https:\/\/alzira.es\/wp-content\/uploads\/2021\/02\/151818297_1150833468683963_7737922297252427794_o-1536x1152.jpg 1536w\" data-sizes=\"(max-width: 500px) 100vw, 500px\" src=\"data:image\/svg+xml;base64,PHN2ZyB3aWR0aD0iMSIgaGVpZ2h0PSIxIiB4bWxucz0iaHR0cDovL3d3dy53My5vcmcvMjAwMC9zdmciPjwvc3ZnPg==\" \/><\/p>\n<p>&nbsp;<\/p>\n<p style=\"text-align: center;\">&nbsp;<\/p>\n","protected":false},"excerpt":{"rendered":"<p>Hoy, 18 de febrero es el D\u00eda Internacional del S\u00edndrome de Asperger Desde el Ayuntamiento de Alzira, con el objetivo de conseguir una sociedad m\u00e1s inclusiva, queremos contribuir a la celebraci\u00f3n y a la reivindicaci\u00f3n del D\u00eda Internacional del S\u00edndrome de Asperger para visibilizar al colectivo de personas que lo sufren, hoy encuadrado en el &hellip; <\/p>\n<p class=\"link-more\"><a href=\"https:\/\/alzira.es\/es\/dia-internacional-de-la-sindrome-d-asperger\/\" class=\"more-link\">Continuar leyendo<span class=\"screen-reader-text\"> \u00abD\u00eda Internacional del S\u00edndrome de Asperger\u00bb<\/span><\/a><\/p>\n","protected":false},"author":36,"featured_media":53567,"comment_status":"","ping_status":"","sticky":false,"template":"","format":"standard","meta":{"_acf_changed":false,"footnotes":""},"categories":[4936],"tags":[],"class_list":["post-53571","post","type-post","status-publish","format-standard","has-post-thumbnail","hentry","category-hemeroteca-es"],"acf":[],"_links":{"self":[{"href":"https:\/\/alzira.es\/es\/wp-json\/wp\/v2\/posts\/53571","targetHints":{"allow":["GET"]}}],"collection":[{"href":"https:\/\/alzira.es\/es\/wp-json\/wp\/v2\/posts"}],"about":[{"href":"https:\/\/alzira.es\/es\/wp-json\/wp\/v2\/types\/post"}],"author":[{"embeddable":true,"href":"https:\/\/alzira.es\/es\/wp-json\/wp\/v2\/users\/36"}],"replies":[{"embeddable":true,"href":"https:\/\/alzira.es\/es\/wp-json\/wp\/v2\/comments?post=53571"}],"version-history":[{"count":0,"href":"https:\/\/alzira.es\/es\/wp-json\/wp\/v2\/posts\/53571\/revisions"}],"wp:featuredmedia":[{"embeddable":true,"href":"https:\/\/alzira.es\/es\/wp-json\/wp\/v2\/media\/53567"}],"wp:attachment":[{"href":"https:\/\/alzira.es\/es\/wp-json\/wp\/v2\/media?parent=53571"}],"wp:term":[{"taxonomy":"category","embeddable":true,"href":"https:\/\/alzira.es\/es\/wp-json\/wp\/v2\/categories?post=53571"},{"taxonomy":"post_tag","embeddable":true,"href":"https:\/\/alzira.es\/es\/wp-json\/wp\/v2\/tags?post=53571"}],"curies":[{"name":"wp","href":"https:\/\/api.w.org\/{rel}","templated":true}]}}