{"id":53566,"date":"2021-02-17T14:24:23","date_gmt":"2021-02-17T13:24:23","guid":{"rendered":"https:\/\/alzira.es\/l-ajuntament-d-alzira-aporta-250-000-euros-mes-al-pla-d-ocupacio-social-2\/"},"modified":"2021-02-17T14:24:23","modified_gmt":"2021-02-17T13:24:23","slug":"l-ajuntament-d-alzira-aporta-250-000-euros-mes-al-pla-d-ocupacio-social-2","status":"publish","type":"post","link":"https:\/\/alzira.es\/es\/l-ajuntament-d-alzira-aporta-250-000-euros-mes-al-pla-d-ocupacio-social-2\/","title":{"rendered":"L\u2019Ajuntament d\u2019Alzira aporta 250.000 euros m\u00e9s al Pla d\u2019Ocupaci\u00f3 Social"},"content":{"rendered":"<p>La Junta de Govern ratificava ahir la modificaci\u00f3 de cr\u00e8dit de 255.276,35 euros provinents de diverses partides per tal d&#8217;incorporar-los al <strong>Pla d&#8217;Ocupaci\u00f3 Social Municipal COVID-19<\/strong>, que es va posar en marxa l&#8217;estiu de 2020. L&#8217;objectiu d&#8217;esta iniciativa \u00e9s facilitar l&#8217;acc\u00e9s al mercat de treball als desocupats que s&#8217;han vist afectats per la situaci\u00f3 sanit\u00e0ria derivada de la Covid 19.<\/p>\n<p>Amb esta nova etapa del Pla,<strong> s&#8217;incorporaran un total de 23 persones<\/strong> entre qualificats i no qualificats per a un per\u00edode de 3 mesos, prorrogables 3 mesos mes. Fonamentalment els llocs de treball que s&#8217;han de cobrir es corresponen amb la neteja, desinfecci\u00f3, control d&#8217;accessos i mesures de seguretat establertes amb motiu de la COVID 19.<\/p>\n<p>En total, l&#8217;Ajuntament d&#8217;Alzira haur\u00e0 ocupat amb estes iniciatives des del passat mes d&#8217;agost, 59 persones, amb un pressupost de m\u00e9s de 750.000 euros per a la contractaci\u00f3 de persones que es troben desocupades a causa de la situaci\u00f3 sanit\u00e0ria actual i tindre un perfil professional que es trobe entre els perfils demandats per l&#8217;Ajuntament. A m\u00e9s, cal estar empadronat a Alzira almenys els 3 anys anteriors a la presentaci\u00f3 de la sol\u00b7licitud i ser major de 16 anys.<\/p>\n<p>El passat mes d&#8217;agost s&#8217;encetava el Pla d&#8217;Ocupaci\u00f3 social destinat a persones no qualificades amb el qual es van incorporar a l&#8217;Ajuntament 20 persones per a tasques de recepci\u00f3, administraci\u00f3, manteniment, neteja i desinfecci\u00f3 al qual es van destinar 250.000 euros.<\/p>\n<p>En el mes de setembre, s&#8217;incorporaven 16 nous treballadors qualificats amb un pressupost de 250.000 euros m\u00e9s per a cobrir llocs de categoria d&#8217;oficial, Formaci\u00f3 Professional 1 i 2 i titulacions de grau per a donar suport a les \u00e0rees d&#8217;esports, Comunicaci\u00f3, Prevenci\u00f3 de Riscos Laborals o IDEA entre altres.<\/p>\n<p><em>\u00abVolem donar continu\u00eftat a esta iniciativa amb la qual l&#8217;Ajuntament compta amb el treball els nostres ve\u00efns i ve\u00efnes per tal d&#8217;adaptar-se a les noves necessitats municipals en estos moments complicats i d&#8217;incertesa. \u00c9s la nostra responsabilitat que ning\u00fa es quede arrere, per aix\u00f2 seguim treballant i<strong> hem destinat ja m\u00e9s de 750.000 euros a estos Plans d&#8217;Ocupaci\u00f3 Social<\/strong>. El nostre repte \u00e9s respondre a les necessitats de la nostra poblaci\u00f3, i al mateix temps refor\u00e7ar els diferents departaments de l&#8217;Ajuntament\u00bb<\/em>, assegura el regidor d&#8217;Economia i Hisenda, <strong>Albert Furi\u00f3<\/strong><\/p>\n<p style=\"text-align: center;\"><img fetchpriority=\"high\" decoding=\"async\" class=\" size-full wp-image-53563\" src=\"https:\/\/alzira.es\/wp-content\/uploads\/2021\/02\/17_02_2021_Pla_ocupacio.jpeg\" alt=\"17 02 2021 Pla ocupaci\u00f3\" width=\"1400\" height=\"514\" srcset=\"https:\/\/alzira.es\/wp-content\/uploads\/2021\/02\/17_02_2021_Pla_ocupacio.jpeg 1600w, https:\/\/alzira.es\/wp-content\/uploads\/2021\/02\/17_02_2021_Pla_ocupacio-680x249.jpeg 680w, https:\/\/alzira.es\/wp-content\/uploads\/2021\/02\/17_02_2021_Pla_ocupacio-1430x525.jpeg 1430w, https:\/\/alzira.es\/wp-content\/uploads\/2021\/02\/17_02_2021_Pla_ocupacio-768x282.jpeg 768w, https:\/\/alzira.es\/wp-content\/uploads\/2021\/02\/17_02_2021_Pla_ocupacio-1536x564.jpeg 1536w\" sizes=\"(max-width: 706px) 89vw, (max-width: 767px) 82vw, 740px\" \/><\/p>\n<p>&nbsp;<\/p>\n","protected":false},"excerpt":{"rendered":"<p>La Junta de Govern ratificava ahir la modificaci\u00f3 de cr\u00e8dit de 255.276,35 euros provinents de diverses partides per tal d&#8217;incorporar-los al Pla d&#8217;Ocupaci\u00f3 Social Municipal COVID-19, que es va posar en marxa l&#8217;estiu de 2020. L&#8217;objectiu d&#8217;esta iniciativa \u00e9s facilitar l&#8217;acc\u00e9s al mercat de treball als desocupats que s&#8217;han vist afectats per la situaci\u00f3 sanit\u00e0ria &hellip; <\/p>\n<p class=\"link-more\"><a href=\"https:\/\/alzira.es\/es\/l-ajuntament-d-alzira-aporta-250-000-euros-mes-al-pla-d-ocupacio-social-2\/\" class=\"more-link\">Continuar leyendo<span class=\"screen-reader-text\"> \u00abL\u2019Ajuntament d\u2019Alzira aporta 250.000 euros m\u00e9s al Pla d\u2019Ocupaci\u00f3 Social\u00bb<\/span><\/a><\/p>\n","protected":false},"author":29,"featured_media":53563,"comment_status":"","ping_status":"","sticky":false,"template":"","format":"standard","meta":{"_acf_changed":false,"footnotes":""},"categories":[],"tags":[],"class_list":["post-53566","post","type-post","status-publish","format-standard","has-post-thumbnail","hentry"],"acf":[],"_links":{"self":[{"href":"https:\/\/alzira.es\/es\/wp-json\/wp\/v2\/posts\/53566","targetHints":{"allow":["GET"]}}],"collection":[{"href":"https:\/\/alzira.es\/es\/wp-json\/wp\/v2\/posts"}],"about":[{"href":"https:\/\/alzira.es\/es\/wp-json\/wp\/v2\/types\/post"}],"author":[{"embeddable":true,"href":"https:\/\/alzira.es\/es\/wp-json\/wp\/v2\/users\/29"}],"replies":[{"embeddable":true,"href":"https:\/\/alzira.es\/es\/wp-json\/wp\/v2\/comments?post=53566"}],"version-history":[{"count":0,"href":"https:\/\/alzira.es\/es\/wp-json\/wp\/v2\/posts\/53566\/revisions"}],"wp:featuredmedia":[{"embeddable":true,"href":"https:\/\/alzira.es\/es\/wp-json\/wp\/v2\/media\/53563"}],"wp:attachment":[{"href":"https:\/\/alzira.es\/es\/wp-json\/wp\/v2\/media?parent=53566"}],"wp:term":[{"taxonomy":"category","embeddable":true,"href":"https:\/\/alzira.es\/es\/wp-json\/wp\/v2\/categories?post=53566"},{"taxonomy":"post_tag","embeddable":true,"href":"https:\/\/alzira.es\/es\/wp-json\/wp\/v2\/tags?post=53566"}],"curies":[{"name":"wp","href":"https:\/\/api.w.org\/{rel}","templated":true}]}}