{"id":53565,"date":"2021-02-17T14:24:23","date_gmt":"2021-02-17T13:24:23","guid":{"rendered":"https:\/\/alzira.es\/l-ajuntament-d-alzira-aporta-250-000-euros-mes-al-pla-d-ocupacio-social\/"},"modified":"2021-02-17T14:24:23","modified_gmt":"2021-02-17T13:24:23","slug":"l-ajuntament-d-alzira-aporta-250-000-euros-mes-al-pla-d-ocupacio-social","status":"publish","type":"post","link":"https:\/\/alzira.es\/es\/l-ajuntament-d-alzira-aporta-250-000-euros-mes-al-pla-d-ocupacio-social\/","title":{"rendered":"El Ayuntamiento de Alzira aporta 250.000 euros m\u00e1s en el Plan de Ocupaci\u00f3n Social"},"content":{"rendered":"<p>La Junta de Gobierno ratificaba ayer la modificaci\u00f3n de cr\u00e9dito de 255.276,35 euros provenientes de varias partidas para incorporarlos en el <strong>Plan de Ocupaci\u00f3n Social Municipal COVID-19<\/strong>, que se puso en marcha el verano de 2020. El objetivo de esta iniciativa es facilitar el acceso al mercado de trabajo a los parados que se han visto afectados por la situaci\u00f3n sanitaria derivada de la Covid 19.<\/p>\n<p>Con esta nueva etapa del Plan, se incorporar\u00e1n un total de 23 personas entre cualificados y no calificados para un periodo de 3 meses, prorrogables 3 meses m\u00e1s. Fundamentalmente los puestos de trabajo que se tienen que cubrir se corresponden con la limpieza, desinfecci\u00f3n, control de accesos y medidas de seguridad establecidas con motivo de la COVID 19.<\/p>\n<p>En total, el Ayuntamiento de Alzira habr\u00e1 ocupado con estas iniciativas desde el pasado mes de agosto, 59 personas, con un presupuesto de m\u00e1s de 750.000 euros para la contrataci\u00f3n de personas que se encuentran desocupadas a causa de la situaci\u00f3n sanitaria actual y tener un perfil profesional que se encuentre entre los perfiles demandados por el Ayuntamiento. Adem\u00e1s, hay que estar empadronado en Alzira al menos los 3 a\u00f1os anteriores a la presentaci\u00f3n de la solicitud y ser mayor de 16 a\u00f1os.<\/p>\n<p>El pasado mes de agosto se comenzaba el Plan de Ocupaci\u00f3n social destinado a personas no cualificadas con el cual se incorporaron en el Ayuntamiento 20 personas para tareas de recepci\u00f3n, administraci\u00f3n, mantenimiento, limpieza y desinfecci\u00f3n al cual se destinaron 250.000 euros.<\/p>\n<p>En el mes de septiembre, se incorporaban 16 nuevos trabajadores calificados con un presupuesto de 250.000 euros m\u00e1s para cubrir lugares de categor\u00eda de oficial, Formaci\u00f3n Profesional 1 y 2 y titulaciones de grado para apoyar en las \u00e1reas de deportes, Comunicaci\u00f3n, Prevenci\u00f3n de Riesgos Laborales o IDEA entre otras.<\/p>\n<p><em>\u00abQueremos dar continuidad a esta iniciativa con la cual el Ayuntamiento cuenta con el trabajo de nuestros vecinos y vecinas para adaptarse a las nuevas necesidades municipales en estos momentos complicados y de incertidumbre. Es nuestra responsabilidad que nadie se quede atr\u00e1s, por eso seguimos trabajando y <strong>hemos destinado ya m\u00e1s de 750.000 euros en estos Planes de Ocupaci\u00f3n Social<\/strong>. Nuestro reto es responder a las necesidades de nuestra poblaci\u00f3n, y al mismo tiempo reforzar los diferentes departamentos del Ayuntamiento\u00bb<\/em>, asegura el regidor de Econom\u00eda y Hacienda, <strong>Albert Furi\u00f3<\/strong>.<\/p>\n<p style=\"text-align: center;\"><img fetchpriority=\"high\" decoding=\"async\" class=\" size-full wp-image-53563\" src=\"https:\/\/alzira.es\/wp-content\/uploads\/2021\/02\/17_02_2021_Pla_ocupacio.jpeg\" alt=\"17 02 2021 Pla ocupaci\u00f3\" width=\"1400\" height=\"514\" srcset=\"https:\/\/alzira.es\/wp-content\/uploads\/2021\/02\/17_02_2021_Pla_ocupacio.jpeg 1600w, https:\/\/alzira.es\/wp-content\/uploads\/2021\/02\/17_02_2021_Pla_ocupacio-680x249.jpeg 680w, https:\/\/alzira.es\/wp-content\/uploads\/2021\/02\/17_02_2021_Pla_ocupacio-1430x525.jpeg 1430w, https:\/\/alzira.es\/wp-content\/uploads\/2021\/02\/17_02_2021_Pla_ocupacio-768x282.jpeg 768w, https:\/\/alzira.es\/wp-content\/uploads\/2021\/02\/17_02_2021_Pla_ocupacio-1536x564.jpeg 1536w\" sizes=\"(max-width: 706px) 89vw, (max-width: 767px) 82vw, 740px\" \/><\/p>\n<p>&nbsp;<\/p>\n","protected":false},"excerpt":{"rendered":"<p>La Junta de Gobierno ratificaba ayer la modificaci\u00f3n de cr\u00e9dito de 255.276,35 euros provenientes de varias partidas para incorporarlos en el Plan de Ocupaci\u00f3n Social Municipal COVID-19, que se puso en marcha el verano de 2020. El objetivo de esta iniciativa es facilitar el acceso al mercado de trabajo a los parados que se han &hellip; <\/p>\n<p class=\"link-more\"><a href=\"https:\/\/alzira.es\/es\/l-ajuntament-d-alzira-aporta-250-000-euros-mes-al-pla-d-ocupacio-social\/\" class=\"more-link\">Continuar leyendo<span class=\"screen-reader-text\"> \u00abEl Ayuntamiento de Alzira aporta 250.000 euros m\u00e1s en el Plan de Ocupaci\u00f3n Social\u00bb<\/span><\/a><\/p>\n","protected":false},"author":29,"featured_media":53563,"comment_status":"","ping_status":"","sticky":false,"template":"","format":"standard","meta":{"_acf_changed":false,"footnotes":""},"categories":[4936],"tags":[],"class_list":["post-53565","post","type-post","status-publish","format-standard","has-post-thumbnail","hentry","category-hemeroteca-es"],"acf":[],"_links":{"self":[{"href":"https:\/\/alzira.es\/es\/wp-json\/wp\/v2\/posts\/53565","targetHints":{"allow":["GET"]}}],"collection":[{"href":"https:\/\/alzira.es\/es\/wp-json\/wp\/v2\/posts"}],"about":[{"href":"https:\/\/alzira.es\/es\/wp-json\/wp\/v2\/types\/post"}],"author":[{"embeddable":true,"href":"https:\/\/alzira.es\/es\/wp-json\/wp\/v2\/users\/29"}],"replies":[{"embeddable":true,"href":"https:\/\/alzira.es\/es\/wp-json\/wp\/v2\/comments?post=53565"}],"version-history":[{"count":0,"href":"https:\/\/alzira.es\/es\/wp-json\/wp\/v2\/posts\/53565\/revisions"}],"wp:featuredmedia":[{"embeddable":true,"href":"https:\/\/alzira.es\/es\/wp-json\/wp\/v2\/media\/53563"}],"wp:attachment":[{"href":"https:\/\/alzira.es\/es\/wp-json\/wp\/v2\/media?parent=53565"}],"wp:term":[{"taxonomy":"category","embeddable":true,"href":"https:\/\/alzira.es\/es\/wp-json\/wp\/v2\/categories?post=53565"},{"taxonomy":"post_tag","embeddable":true,"href":"https:\/\/alzira.es\/es\/wp-json\/wp\/v2\/tags?post=53565"}],"curies":[{"name":"wp","href":"https:\/\/api.w.org\/{rel}","templated":true}]}}