{"id":53562,"date":"2021-02-15T15:35:18","date_gmt":"2021-02-15T14:35:18","guid":{"rendered":"https:\/\/alzira.es\/comenca-la-xiii-setmana-de-l-economia-d-alzira-la-primera-en-linia-amb-ponents-d-alt-nivell-2\/"},"modified":"2021-02-15T15:35:18","modified_gmt":"2021-02-15T14:35:18","slug":"comenca-la-xiii-setmana-de-l-economia-d-alzira-la-primera-en-linia-amb-ponents-d-alt-nivell-2","status":"publish","type":"post","link":"https:\/\/alzira.es\/es\/comenca-la-xiii-setmana-de-l-economia-d-alzira-la-primera-en-linia-amb-ponents-d-alt-nivell-2\/","title":{"rendered":"Comen\u00e7a la XIII Setmana de l\u2019Economia d\u2019Alzira, la primera en l\u00ednia, amb ponents d\u2019alt nivell"},"content":{"rendered":"<h3><em>\u2022 \u00abAssumim esta edici\u00f3 com un repte per a poder crear un espai de reflexi\u00f3 i eixida d&#8217;esta situaci\u00f3\u00bb <\/em><strong>G\u00f3mez<\/strong><br \/><em>\u2022 \u00abEls fons europeus permetran ajudar-nos a sostenir el nostre teixit productiu per tal que cap empresa viable es quede enrere\u00bb <\/em>ha explicat el conseller<strong> Soler<\/strong><\/h3>\n<p>Este mat\u00ed s&#8217;ha celebrat l&#8217;acte telem\u00e0tic d&#8217;obertura d&#8217;estes jornades amb la participaci\u00f3 de l&#8217;alcalde de la ciutat,<strong> Diego G\u00f3mez<\/strong>, el president de l&#8217;Associaci\u00f3 Empresarial d&#8217;Alzira, <strong>Ra\u00fcl Tudela<\/strong>, i el conseller d&#8217;Hisenda i Model Econ\u00f2mic, <strong>Vicent Soler<\/strong>.<\/p>\n<p>En la seua intervenci\u00f3, <strong>G\u00f3mez<\/strong> ha volgut agrair la col\u00b7laboraci\u00f3 de tots i totes les ponents, aix\u00ed com del departament d&#8217;Idea i de l&#8217;Associaci\u00f3 Empresarial. <em>\u00abAssumim esta edici\u00f3 com un repte per a poder crear un espai de reflexi\u00f3 que ens aporte una manera de pensar en col\u00b7lectivitat, per a poder eixir d&#8217;esta situaci\u00f3 el m\u00e9s prompte possible\u00bb<\/em>. A m\u00e9s, ha fet un xicotet resum de tot el que tindrem durant esta edici\u00f3 de la Setmana de l&#8217;Economia, que oferix un ampli i complet programa amb referents nacionals i internacionals.<\/p>\n<p>Per la seua banda, el conseller, <strong>Vicent Soler<\/strong>, ha valorat de manera molt positiva que s&#8217;estiga celebrant este esdeveniment, tot i que siga de manera virtual, per tal d&#8217;abordar la situaci\u00f3 en la qual es troba el teixit productiu de tota la Comunitat. Al seu parer, la Setmana de l&#8217;Economia \u00e9s una oportunitat per a afrontar els reptes i preparar una eixida de la crisi en les millors condicions possibles. A m\u00e9s, el conseller ha explicat, <em>\u00abEls fons europeus React i Recovery Plan permetran refor\u00e7ar la nostra resposta amb m\u00e9s diners i ajudar-nos a sostenir el nostre teixit productiu per tal que cap empresa viable quede enrere com a conseq\u00fc\u00e8ncia de la Covid. Estem davant una situaci\u00f3 excepcional que ens demana a les institucions fer costat al nostre teixit productiu. Perqu\u00e8 recuperar l&#8217;economia \u00e9s recuperar el futur dels valencians i valencianes. La crisi econ\u00f2mica ens demana reacci\u00f3 a l&#8217;hora de resistir i preparar-nos per a la recuperaci\u00f3. Empreses i treballadors han patit els efectes de forma intensa i necessiten el nostre suport\u00bb<\/em>. A m\u00e9s el conseller ha explicat que els fons de la Uni\u00f3 Europea s\u00f3n una oportunitat per a la recuperaci\u00f3 que des del govern auton\u00f2mic s&#8217;han posat en marxa.<\/p>\n<p>Per la seua banda, el president de l&#8217;Associaci\u00f3 Empresarial, <strong>Ra\u00fcl Tudela<\/strong> ha explicat que el tradicional sopar anual on es lliuren els guardons als empresaris, enguany no se celebrar\u00e0 donada la situaci\u00f3. Divendres per la vesprada tindr\u00e0 lloc un acte de cloenda on podrem con\u00e8ixer la visi\u00f3 i escoltar les propostes de 10 premiats en edicions anteriors. Tudela ha explicat que <em>\u00abL&#8217;empresariat ha necessitat fer canvis important\u00edssims per tal d&#8217;adaptar-se a les noves circumst\u00e0ncies La col\u00b7laboraci\u00f3 publico-privada \u00e9s una eina per a poder eixir com m\u00e9s prompte millor\u00bb<\/em><\/p>\n<p>A este encontre virtual d&#8217;obertura, han seguit les confer\u00e8ncies de <strong>Silvia Leal<\/strong> i de <strong>Carlos Rivadulla<\/strong>. Esta vesprada, a les 17:00, continua la programaci\u00f3 amb <strong>Bernat Pascual<\/strong>, que presentar\u00e0 la C\u00e0tedra d&#8217;Innovaci\u00f3 i Investigaci\u00f3 CLAU-IDEA, i, a les 18:30 hores, amb <strong>Gabino Diego Diaz<\/strong>, fundador i CEO de F\u00f2rum de Log\u00edstica. Dem\u00e0 ser\u00e0 el torn d&#8217;una de les novetats d&#8217;esta edici\u00f3, l&#8217;espai <em>\u00abTalent Senior\u00bb<\/em>, on intervindr\u00e0 <strong>Eduardo Dom\u00e9nech<\/strong>, que va ser director industrial en Avidesa durant 36 anys i director general en L\u00e0cties Garcia Baquero durant 9 anys. A continuaci\u00f3, tindr\u00e0 lloc la primera taula redona de la setmana, esta vegada sobre competitivitat i perdurabilitat de l&#8217;empresa familiar i, a les 12:30 hores, empreses seleccionades en el programa <em>\u00abAlzira: 12 mesos, 12 empreses\u00bb<\/em> presentaran el seus models de negoci.<\/p>\n<p>Pel moment ja s&#8217;han inscrit vora 5000 persones en les 25 intervencions i 14 taules redones. Un total de 64 ponents participaran al llarg de la setmana Per a inscriure&#8217;s a estes jornades, s&#8217;ha de realitzar la inscripci\u00f3 gratu\u00efta al web d&#8217;Idea per a obtindre l&#8217;enlla\u00e7 d&#8217;acc\u00e9s a la sessi\u00f3 virtual per Zoom.<\/p>\n<p><img fetchpriority=\"high\" decoding=\"async\" class=\" size-full wp-image-53559\" style=\"margin-right: auto; margin-left: auto; display: block;\" src=\"https:\/\/alzira.es\/wp-content\/uploads\/2021\/02\/obertura_alcalde_2.jpeg\" alt=\"obertura alcalde 2\" width=\"1000\" height=\"750\" srcset=\"https:\/\/alzira.es\/wp-content\/uploads\/2021\/02\/obertura_alcalde_2.jpeg 1024w, https:\/\/alzira.es\/wp-content\/uploads\/2021\/02\/obertura_alcalde_2-680x510.jpeg 680w, https:\/\/alzira.es\/wp-content\/uploads\/2021\/02\/obertura_alcalde_2-768x576.jpeg 768w\" sizes=\"(max-width: 706px) 89vw, (max-width: 767px) 82vw, 740px\" \/><\/p>\n<p>&nbsp;<\/p>\n","protected":false},"excerpt":{"rendered":"<p>\u2022 \u00abAssumim esta edici\u00f3 com un repte per a poder crear un espai de reflexi\u00f3 i eixida d&#8217;esta situaci\u00f3\u00bb G\u00f3mez\u2022 \u00abEls fons europeus permetran ajudar-nos a sostenir el nostre teixit productiu per tal que cap empresa viable es quede enrere\u00bb ha explicat el conseller Soler Este mat\u00ed s&#8217;ha celebrat l&#8217;acte telem\u00e0tic d&#8217;obertura d&#8217;estes jornades amb &hellip; <\/p>\n<p class=\"link-more\"><a href=\"https:\/\/alzira.es\/es\/comenca-la-xiii-setmana-de-l-economia-d-alzira-la-primera-en-linia-amb-ponents-d-alt-nivell-2\/\" class=\"more-link\">Continuar leyendo<span class=\"screen-reader-text\"> \u00abComen\u00e7a la XIII Setmana de l\u2019Economia d\u2019Alzira, la primera en l\u00ednia, amb ponents d\u2019alt nivell\u00bb<\/span><\/a><\/p>\n","protected":false},"author":36,"featured_media":53559,"comment_status":"","ping_status":"","sticky":false,"template":"","format":"standard","meta":{"_acf_changed":false,"footnotes":""},"categories":[],"tags":[],"class_list":["post-53562","post","type-post","status-publish","format-standard","has-post-thumbnail","hentry"],"acf":[],"_links":{"self":[{"href":"https:\/\/alzira.es\/es\/wp-json\/wp\/v2\/posts\/53562","targetHints":{"allow":["GET"]}}],"collection":[{"href":"https:\/\/alzira.es\/es\/wp-json\/wp\/v2\/posts"}],"about":[{"href":"https:\/\/alzira.es\/es\/wp-json\/wp\/v2\/types\/post"}],"author":[{"embeddable":true,"href":"https:\/\/alzira.es\/es\/wp-json\/wp\/v2\/users\/36"}],"replies":[{"embeddable":true,"href":"https:\/\/alzira.es\/es\/wp-json\/wp\/v2\/comments?post=53562"}],"version-history":[{"count":0,"href":"https:\/\/alzira.es\/es\/wp-json\/wp\/v2\/posts\/53562\/revisions"}],"wp:featuredmedia":[{"embeddable":true,"href":"https:\/\/alzira.es\/es\/wp-json\/wp\/v2\/media\/53559"}],"wp:attachment":[{"href":"https:\/\/alzira.es\/es\/wp-json\/wp\/v2\/media?parent=53562"}],"wp:term":[{"taxonomy":"category","embeddable":true,"href":"https:\/\/alzira.es\/es\/wp-json\/wp\/v2\/categories?post=53562"},{"taxonomy":"post_tag","embeddable":true,"href":"https:\/\/alzira.es\/es\/wp-json\/wp\/v2\/tags?post=53562"}],"curies":[{"name":"wp","href":"https:\/\/api.w.org\/{rel}","templated":true}]}}