{"id":53561,"date":"2021-02-15T15:35:18","date_gmt":"2021-02-15T14:35:18","guid":{"rendered":"https:\/\/alzira.es\/comenca-la-xiii-setmana-de-l-economia-d-alzira-la-primera-en-linia-amb-ponents-d-alt-nivell\/"},"modified":"2021-02-15T15:35:18","modified_gmt":"2021-02-15T14:35:18","slug":"comenca-la-xiii-setmana-de-l-economia-d-alzira-la-primera-en-linia-amb-ponents-d-alt-nivell","status":"publish","type":"post","link":"https:\/\/alzira.es\/es\/comenca-la-xiii-setmana-de-l-economia-d-alzira-la-primera-en-linia-amb-ponents-d-alt-nivell\/","title":{"rendered":"Empieza la XIII Semana de la Econom\u00eda de Alzira, la primera en l\u00ednea, con ponientes de alto nivel"},"content":{"rendered":"<h3><em>\u2022 \u00abAsumimos esta edici\u00f3n como un reto para poder crear un espacio de reflexi\u00f3n y salida de esta situaci\u00f3n\u00bb <\/em><strong>G\u00f3mez<\/strong><br \/><em>\u2022 \u00abLos fondos europeos permitir\u00e1n ayudarnos a sostener nuestro tejido productivo para que ninguna empresa viable se quede atr\u00e1s\u00bb <\/em>ha explicado el consejero <strong>Soler<\/strong><\/h3>\n<p>Esta ma\u00f1ana se ha celebrado el acto telem\u00e1tico de apertura de estas jornadas con la participaci\u00f3n del alcalde de la ciudad, <strong>Diego G\u00f3mez<\/strong>, el presidente de la Asociaci\u00f3n Empresarial de Alzira, <strong>Ra\u00fcl Tudela<\/strong>, y el consejero de Hacienda y Modelo Econ\u00f3mico, <strong>Vicent Soler<\/strong>.<\/p>\n<p>En su intervenci\u00f3n, <strong>G\u00f3mez<\/strong> ha querido agradecer la colaboraci\u00f3n de todos y todas las ponentes, as\u00ed como del departamento de Idea y de la Asociaci\u00f3n Empresarial. <em>\u00abAsumimos esta edici\u00f3n como un reto para poder crear un espacio de reflexi\u00f3n que nos aporte una manera de pensar en colectividad, para poder salir de esta situaci\u00f3n lo m\u00e1s pronto posible\u00bb<\/em>. Adem\u00e1s, ha hecho un peque\u00f1o resumen de todo lo que tendremos durante esta edici\u00f3n de la Semana de la Econom\u00eda, que ofrece un amplio y completo programa con referentes nacionales e internacionales.<\/p>\n<p>Por su parte, el consejero, <strong>Vicent Soler<\/strong>, ha valorado de manera muy positiva que se est\u00e9 celebrando este acontecimiento, a pesar de que sea de manera virtual, para abordar la situaci\u00f3n en la cual se encuentra el tejido productivo de toda la Comunidad. A su parecer, la Semana de la Econom\u00eda es una oportunidad para afrontar los retos y preparar una salida de la crisis en las mejores condiciones posibles. Adem\u00e1s, el consejero ha explicado, <em>\u00abLos fondos europeos React y Recovery Plan permitir\u00e1n reforzar nuestra respuesta con m\u00e1s dinero y ayudarnos a sostener nuestro tejido productivo para que ninguna empresa viable quede atr\u00e1s como consecuencia de la Covid. Estamos ante una situaci\u00f3n excepcional que nos pide a las instituciones apoyar a nuestro tejido productivo. Porque recuperar la econom\u00eda es recuperar el futuro de los valencianos y valencianas. La crisis econ\u00f3mica nos pide reacci\u00f3n en la hora de resistir y prepararnos para la recuperaci\u00f3n. Empresas y trabajadores han sufrido los efectos de forma intensa y necesitan nuestro apoyo\u00bb.<\/em> Adem\u00e1s el consejero ha explicado que los fondos de la Uni\u00f3n Europea son una oportunidad para la recuperaci\u00f3n que desde el gobierno auton\u00f3mico se han puesto en marcha.<\/p>\n<p>Por su parte, el presidente de la Asociaci\u00f3n Empresarial, <strong>Ra\u00fcl Tudela<\/strong> ha explicado que la tradicional cena anual donde se libran los galardones a los empresarios, este a\u00f1o no se celebrar\u00e1 dada la situaci\u00f3n. Viernes por la tarde tendr\u00e1 lugar un acto de conclusi\u00f3n donde podremos conocer la visi\u00f3n y escuchar las propuestas de 10 premiados en ediciones anteriores. <strong>Tudela<\/strong> ha explicado que<em> \u00abEl empresariado ha necesitado hacer cambios important\u00edsimos para adaptarse a las nuevas circunstancias La colaboraci\u00f3n publico-privada es una herramienta para poder salir cuanto antes mejor\u00bb.<\/em><\/p>\n<p>A este encuentro virtual de apertura, han seguido las conferencias de <strong>Silvia Leal<\/strong> y de <strong>Carlos Rivadulla<\/strong>. Esta tarde, a las 17:00, contin\u00faa la programaci\u00f3n con <strong>Bernat Pascual<\/strong>, que presentar\u00e1 la C\u00e1tedra de Innovaci\u00f3n e Investigaci\u00f3n CLAVE-IDEA, y, a las 18:30 horas, con <strong>Gabino Diego Diaz<\/strong>, fundador y CEO de Foro de Log\u00edstica. Ma\u00f1ana ser\u00e1 el turno de una de las novedades de esta edici\u00f3n, el espacio <em>\u00abTalento Senior\u00bb<\/em>, donde intervendr\u00e1 <strong>Eduardo Dom\u00e9nech<\/strong>, que fue director industrial en Avidesa durante 36 a\u00f1os y director general en L\u00e1cteas Garcia Baquero durante 9 a\u00f1os. A continuaci\u00f3n, tendr\u00e1 lugar la primera mesa redonda de la semana, esta vez sobre competitividad y perdurabilidad de la empresa familiar y, a las 12:30 horas, empresas seleccionadas en el programa <em>\u00abAlzira: 12 meses, 12 empresas\u00bb<\/em> presentar\u00e1n sus modelos de negocio.<\/p>\n<p>Por el momento ya se han inscrito cerca 5000 personas en las 25 intervenciones y 14 mesas redondas. Un total de 64 ponentes participar\u00e1n a lo largo de la semana para inscribirse en estas jornadas, se tiene que realizar la inscripci\u00f3n gratuita en el web de Idea para obtener el enlace de acceso a la sesi\u00f3n virtual por Zoom.<\/p>\n<p><img fetchpriority=\"high\" decoding=\"async\" class=\" size-full wp-image-53559\" style=\"margin-right: auto; margin-left: auto; display: block;\" src=\"https:\/\/alzira.es\/wp-content\/uploads\/2021\/02\/obertura_alcalde_2.jpeg\" alt=\"obertura alcalde 2\" width=\"1000\" height=\"750\" srcset=\"https:\/\/alzira.es\/wp-content\/uploads\/2021\/02\/obertura_alcalde_2.jpeg 1024w, https:\/\/alzira.es\/wp-content\/uploads\/2021\/02\/obertura_alcalde_2-680x510.jpeg 680w, https:\/\/alzira.es\/wp-content\/uploads\/2021\/02\/obertura_alcalde_2-768x576.jpeg 768w\" sizes=\"(max-width: 706px) 89vw, (max-width: 767px) 82vw, 740px\" \/><\/p>\n<p>&nbsp;<\/p>\n","protected":false},"excerpt":{"rendered":"<p>\u2022 \u00abAsumimos esta edici\u00f3n como un reto para poder crear un espacio de reflexi\u00f3n y salida de esta situaci\u00f3n\u00bb G\u00f3mez\u2022 \u00abLos fondos europeos permitir\u00e1n ayudarnos a sostener nuestro tejido productivo para que ninguna empresa viable se quede atr\u00e1s\u00bb ha explicado el consejero Soler Esta ma\u00f1ana se ha celebrado el acto telem\u00e1tico de apertura de estas &hellip; <\/p>\n<p class=\"link-more\"><a href=\"https:\/\/alzira.es\/es\/comenca-la-xiii-setmana-de-l-economia-d-alzira-la-primera-en-linia-amb-ponents-d-alt-nivell\/\" class=\"more-link\">Continuar leyendo<span class=\"screen-reader-text\"> \u00abEmpieza la XIII Semana de la Econom\u00eda de Alzira, la primera en l\u00ednea, con ponientes de alto nivel\u00bb<\/span><\/a><\/p>\n","protected":false},"author":36,"featured_media":53559,"comment_status":"","ping_status":"","sticky":false,"template":"","format":"standard","meta":{"_acf_changed":false,"footnotes":""},"categories":[4936],"tags":[],"class_list":["post-53561","post","type-post","status-publish","format-standard","has-post-thumbnail","hentry","category-hemeroteca-es"],"acf":[],"_links":{"self":[{"href":"https:\/\/alzira.es\/es\/wp-json\/wp\/v2\/posts\/53561","targetHints":{"allow":["GET"]}}],"collection":[{"href":"https:\/\/alzira.es\/es\/wp-json\/wp\/v2\/posts"}],"about":[{"href":"https:\/\/alzira.es\/es\/wp-json\/wp\/v2\/types\/post"}],"author":[{"embeddable":true,"href":"https:\/\/alzira.es\/es\/wp-json\/wp\/v2\/users\/36"}],"replies":[{"embeddable":true,"href":"https:\/\/alzira.es\/es\/wp-json\/wp\/v2\/comments?post=53561"}],"version-history":[{"count":0,"href":"https:\/\/alzira.es\/es\/wp-json\/wp\/v2\/posts\/53561\/revisions"}],"wp:featuredmedia":[{"embeddable":true,"href":"https:\/\/alzira.es\/es\/wp-json\/wp\/v2\/media\/53559"}],"wp:attachment":[{"href":"https:\/\/alzira.es\/es\/wp-json\/wp\/v2\/media?parent=53561"}],"wp:term":[{"taxonomy":"category","embeddable":true,"href":"https:\/\/alzira.es\/es\/wp-json\/wp\/v2\/categories?post=53561"},{"taxonomy":"post_tag","embeddable":true,"href":"https:\/\/alzira.es\/es\/wp-json\/wp\/v2\/tags?post=53561"}],"curies":[{"name":"wp","href":"https:\/\/api.w.org\/{rel}","templated":true}]}}