{"id":53558,"date":"2021-02-15T13:52:46","date_gmt":"2021-02-15T12:52:46","guid":{"rendered":"https:\/\/alzira.es\/alzira-posa-en-us-la-pista-habilitada-per-a-aterratge-d-emergencia-este-cap-de-setmana-2\/"},"modified":"2021-02-15T13:52:46","modified_gmt":"2021-02-15T12:52:46","slug":"alzira-posa-en-us-la-pista-habilitada-per-a-aterratge-d-emergencia-este-cap-de-setmana-2","status":"publish","type":"post","link":"https:\/\/alzira.es\/es\/alzira-posa-en-us-la-pista-habilitada-per-a-aterratge-d-emergencia-este-cap-de-setmana-2\/","title":{"rendered":"Alzira posa en \u00fas la pista habilitada per a aterratge d\u2019emerg\u00e8ncia este cap de setmana"},"content":{"rendered":"<h3><em>\u2022 Rescat d&#8217;una dona a l&#8217;Ouet<\/em><\/h3>\n<p>Diumenge va haver de posar en \u00fas la pista habilitada en la zona de Tulell per a facilitar l&#8217;aterratge d&#8217;helic\u00f2pters en casos d&#8217;emerg\u00e8ncia. Es tracta d&#8217;un espai ampli, asfaltat per a facilitar les maniobres, on els cossos d&#8217;emerg\u00e8ncia tenen un acc\u00e9s m\u00e9s \u00e0gil.<\/p>\n<p><strong>El Consorci Provincial de Bombers va haver d&#8217;acudir al rescat d&#8217;una dona que se sentia indisposta al paratge de la Casella d&#8217;Alzira<\/strong>. La dona va ser rescatada via a\u00e8ria des de l&#8217;Ouet amb un helic\u00f2pter que va aterrar a Tulell. Este \u00e9s el primer aterratge que es du a terme en esta parcel\u00b7la que facilita els rescats per la seua proximitat a l&#8217;Hospital i pel f\u00e0cil acc\u00e9s per a les ambul\u00e0ncies.<\/p>\n<p>L&#8217;av\u00eds es va produir a \u00faltima hora del mat\u00ed del passat diumenge, quan la dona no es trobava en condicions de baixar per si mateixa i va requerir assist\u00e8ncia. En l&#8217;operaci\u00f3 van intervindre el Grup de Rescat en Altura (GERA), un sergent del parc de bombers d&#8217;Alzira i l&#8217;helic\u00f2pter de rescat de la Generalitat Valenciana. Segons ha afirmat la regidora de Seguretat de l&#8217;Ajuntament d&#8217;Alzira,<strong> Sara Gar\u00e9s<\/strong>, este espai d&#8217;emerg\u00e8ncies alleugera molt el desenvolupament dels rescats i facilita que el treball siga m\u00e9s r\u00e0pid.<\/p>\n<p style=\"text-align: center;\">&nbsp;<img fetchpriority=\"high\" decoding=\"async\" class=\" size-full wp-image-53553\" src=\"https:\/\/alzira.es\/wp-content\/uploads\/2021\/02\/Rescat_Ouet_01.jpeg\" alt=\"Rescat Ouet 01\" width=\"862\" height=\"651\" \/>&nbsp;<img decoding=\"async\" class=\"size-full wp-image-53555 lazyload\" style=\"--smush-placeholder-width: 365px; --smush-placeholder-aspect-ratio: 365\/651;text-align: right;\" data-src=\"https:\/\/alzira.es\/wp-content\/uploads\/2021\/02\/Rescat_Ouet_03.jpeg\" alt=\"Rescat Ouet 03\" width=\"365\" height=\"651\" src=\"data:image\/svg+xml;base64,PHN2ZyB3aWR0aD0iMSIgaGVpZ2h0PSIxIiB4bWxucz0iaHR0cDovL3d3dy53My5vcmcvMjAwMC9zdmciPjwvc3ZnPg==\" \/><span style=\"text-align: right;\">&nbsp;<\/span><\/p>\n<p style=\"text-align: center;\">&nbsp;<\/p>\n<p style=\"text-align: justify;\">&nbsp; &nbsp; &nbsp; &nbsp; &nbsp; &nbsp; &nbsp; &nbsp; &nbsp; &nbsp; &nbsp; &nbsp;<\/p>\n","protected":false},"excerpt":{"rendered":"<p>\u2022 Rescat d&#8217;una dona a l&#8217;Ouet Diumenge va haver de posar en \u00fas la pista habilitada en la zona de Tulell per a facilitar l&#8217;aterratge d&#8217;helic\u00f2pters en casos d&#8217;emerg\u00e8ncia. Es tracta d&#8217;un espai ampli, asfaltat per a facilitar les maniobres, on els cossos d&#8217;emerg\u00e8ncia tenen un acc\u00e9s m\u00e9s \u00e0gil. El Consorci Provincial de Bombers va &hellip; <\/p>\n<p class=\"link-more\"><a href=\"https:\/\/alzira.es\/es\/alzira-posa-en-us-la-pista-habilitada-per-a-aterratge-d-emergencia-este-cap-de-setmana-2\/\" class=\"more-link\">Continuar leyendo<span class=\"screen-reader-text\"> \u00abAlzira posa en \u00fas la pista habilitada per a aterratge d\u2019emerg\u00e8ncia este cap de setmana\u00bb<\/span><\/a><\/p>\n","protected":false},"author":29,"featured_media":53553,"comment_status":"","ping_status":"","sticky":false,"template":"","format":"standard","meta":{"_acf_changed":false,"footnotes":""},"categories":[],"tags":[],"class_list":["post-53558","post","type-post","status-publish","format-standard","has-post-thumbnail","hentry"],"acf":[],"_links":{"self":[{"href":"https:\/\/alzira.es\/es\/wp-json\/wp\/v2\/posts\/53558","targetHints":{"allow":["GET"]}}],"collection":[{"href":"https:\/\/alzira.es\/es\/wp-json\/wp\/v2\/posts"}],"about":[{"href":"https:\/\/alzira.es\/es\/wp-json\/wp\/v2\/types\/post"}],"author":[{"embeddable":true,"href":"https:\/\/alzira.es\/es\/wp-json\/wp\/v2\/users\/29"}],"replies":[{"embeddable":true,"href":"https:\/\/alzira.es\/es\/wp-json\/wp\/v2\/comments?post=53558"}],"version-history":[{"count":0,"href":"https:\/\/alzira.es\/es\/wp-json\/wp\/v2\/posts\/53558\/revisions"}],"wp:featuredmedia":[{"embeddable":true,"href":"https:\/\/alzira.es\/es\/wp-json\/wp\/v2\/media\/53553"}],"wp:attachment":[{"href":"https:\/\/alzira.es\/es\/wp-json\/wp\/v2\/media?parent=53558"}],"wp:term":[{"taxonomy":"category","embeddable":true,"href":"https:\/\/alzira.es\/es\/wp-json\/wp\/v2\/categories?post=53558"},{"taxonomy":"post_tag","embeddable":true,"href":"https:\/\/alzira.es\/es\/wp-json\/wp\/v2\/tags?post=53558"}],"curies":[{"name":"wp","href":"https:\/\/api.w.org\/{rel}","templated":true}]}}