{"id":53557,"date":"2021-02-15T13:52:46","date_gmt":"2021-02-15T12:52:46","guid":{"rendered":"https:\/\/alzira.es\/alzira-posa-en-us-la-pista-habilitada-per-a-aterratge-d-emergencia-este-cap-de-setmana\/"},"modified":"2021-02-15T13:52:46","modified_gmt":"2021-02-15T12:52:46","slug":"alzira-posa-en-us-la-pista-habilitada-per-a-aterratge-d-emergencia-este-cap-de-setmana","status":"publish","type":"post","link":"https:\/\/alzira.es\/es\/alzira-posa-en-us-la-pista-habilitada-per-a-aterratge-d-emergencia-este-cap-de-setmana\/","title":{"rendered":"Alzira pone en uso la pista habilitada para aterrizaje de emergencia este fin de semana"},"content":{"rendered":"<h3><em>\u2022 Rescate de una mujer al Ouet<\/em><\/h3>\n<p>Domingo tuvo que poner en uso la pista habilitada en la zona de Tulell para facilitar el aterrizaje de helic\u00f3pteros en casos de emergencia. Se trata de un espacio amplio, asfaltado para facilitar las maniobras, donde los cuerpos de emergencia tienen un acceso m\u00e1s \u00e1gil.<\/p>\n<p><strong>El Consorcio Provincial de Bomberos tuvo que acudir al rescate de una mujer que se sent\u00eda indispuesta en el paraje de la Casella de Alzira<\/strong>. La mujer fue rescatada v\u00eda a\u00e9rea desde el Ouet con un helic\u00f3ptero que aterriz\u00f3 en Tulell. Este es el primer aterrizaje que se lleva a cabo en esta parcel\u00b7la que facilita los rescates por su proximidad en el Hospital y por el f\u00e1cil acceso para las ambulancias.<\/p>\n<p>El aviso se produjo a \u00faltima hora de la ma\u00f1ana del pasado domingo, cuando la mujer no se encontraba en condiciones de bajar por s\u00ed misma y requiri\u00f3 asistencia. En la operaci\u00f3n intervinieron el Grupo de Rescate en Altura (GERA), un sargento del parque de bomberos de Alzira y el helic\u00f3ptero de rescate de la Generalitat Valenciana. Seg\u00fan ha afirmado la regidora de Seguridad del Ayuntamiento de Alzira, <strong>Sara Gar\u00e9s<\/strong>, este espacio de emergencias aligera mucho el desarrollo de los rescates y facilita que el trabajo sea m\u00e1s r\u00e1pido.<\/p>\n<p style=\"text-align: center;\">&nbsp;<img fetchpriority=\"high\" decoding=\"async\" class=\" size-full wp-image-53553\" src=\"https:\/\/alzira.es\/wp-content\/uploads\/2021\/02\/Rescat_Ouet_01.jpeg\" alt=\"Rescat Ouet 01\" width=\"862\" height=\"651\" \/>&nbsp;<img decoding=\"async\" class=\"size-full wp-image-53555 lazyload\" style=\"--smush-placeholder-width: 365px; --smush-placeholder-aspect-ratio: 365\/651;text-align: right;\" data-src=\"https:\/\/alzira.es\/wp-content\/uploads\/2021\/02\/Rescat_Ouet_03.jpeg\" alt=\"Rescat Ouet 03\" width=\"365\" height=\"651\" src=\"data:image\/svg+xml;base64,PHN2ZyB3aWR0aD0iMSIgaGVpZ2h0PSIxIiB4bWxucz0iaHR0cDovL3d3dy53My5vcmcvMjAwMC9zdmciPjwvc3ZnPg==\" \/><span style=\"text-align: right;\">&nbsp;<\/span><\/p>\n<p style=\"text-align: center;\">&nbsp;<\/p>\n<p style=\"text-align: justify;\">&nbsp; &nbsp; &nbsp; &nbsp; &nbsp; &nbsp; &nbsp; &nbsp; &nbsp; &nbsp; &nbsp; &nbsp;<\/p>\n","protected":false},"excerpt":{"rendered":"<p>\u2022 Rescate de una mujer al Ouet Domingo tuvo que poner en uso la pista habilitada en la zona de Tulell para facilitar el aterrizaje de helic\u00f3pteros en casos de emergencia. Se trata de un espacio amplio, asfaltado para facilitar las maniobras, donde los cuerpos de emergencia tienen un acceso m\u00e1s \u00e1gil. El Consorcio Provincial &hellip; <\/p>\n<p class=\"link-more\"><a href=\"https:\/\/alzira.es\/es\/alzira-posa-en-us-la-pista-habilitada-per-a-aterratge-d-emergencia-este-cap-de-setmana\/\" class=\"more-link\">Continuar leyendo<span class=\"screen-reader-text\"> \u00abAlzira pone en uso la pista habilitada para aterrizaje de emergencia este fin de semana\u00bb<\/span><\/a><\/p>\n","protected":false},"author":29,"featured_media":53553,"comment_status":"","ping_status":"","sticky":false,"template":"","format":"standard","meta":{"_acf_changed":false,"footnotes":""},"categories":[4936],"tags":[],"class_list":["post-53557","post","type-post","status-publish","format-standard","has-post-thumbnail","hentry","category-hemeroteca-es"],"acf":[],"_links":{"self":[{"href":"https:\/\/alzira.es\/es\/wp-json\/wp\/v2\/posts\/53557","targetHints":{"allow":["GET"]}}],"collection":[{"href":"https:\/\/alzira.es\/es\/wp-json\/wp\/v2\/posts"}],"about":[{"href":"https:\/\/alzira.es\/es\/wp-json\/wp\/v2\/types\/post"}],"author":[{"embeddable":true,"href":"https:\/\/alzira.es\/es\/wp-json\/wp\/v2\/users\/29"}],"replies":[{"embeddable":true,"href":"https:\/\/alzira.es\/es\/wp-json\/wp\/v2\/comments?post=53557"}],"version-history":[{"count":0,"href":"https:\/\/alzira.es\/es\/wp-json\/wp\/v2\/posts\/53557\/revisions"}],"wp:featuredmedia":[{"embeddable":true,"href":"https:\/\/alzira.es\/es\/wp-json\/wp\/v2\/media\/53553"}],"wp:attachment":[{"href":"https:\/\/alzira.es\/es\/wp-json\/wp\/v2\/media?parent=53557"}],"wp:term":[{"taxonomy":"category","embeddable":true,"href":"https:\/\/alzira.es\/es\/wp-json\/wp\/v2\/categories?post=53557"},{"taxonomy":"post_tag","embeddable":true,"href":"https:\/\/alzira.es\/es\/wp-json\/wp\/v2\/tags?post=53557"}],"curies":[{"name":"wp","href":"https:\/\/api.w.org\/{rel}","templated":true}]}}